{"id":3476,"date":"2018-05-30T22:15:34","date_gmt":"2018-05-31T02:15:34","guid":{"rendered":"http:\/\/gobierno.udd.cl\/cpp\/?p=3476"},"modified":"2018-05-30T22:16:50","modified_gmt":"2018-05-31T02:16:50","slug":"historiadora-soledad-reyes-manuel-rodriguez-fue-mucho-mas-que-un-guerrillero-impetuoso-como-suele-creerse-el-libero","status":"publish","type":"post","link":"https:\/\/gobierno.udd.cl\/cpp\/noticias\/2018\/05\/30\/historiadora-soledad-reyes-manuel-rodriguez-fue-mucho-mas-que-un-guerrillero-impetuoso-como-suele-creerse-el-libero\/","title":{"rendered":"Historiadora Soledad Reyes: \u201cManuel Rodr\u00edguez fue mucho m\u00e1s que un guerrillero impetuoso como suele creerse\u201d &#8211; El L\u00edbero"},"content":{"rendered":"<div class=\"col-md-6\">\n<p style=\"text-align: justify;\">A d\u00edas de que se cumplan doscientos a\u00f1os de la muerte de Manuel Rodr\u00edguez, uno de los personajes clave y m\u00e1s misteriosos de la Independencia de Chile, la historiadora de la Universidad Cat\u00f3lica y docente de la\u00a0<span class=\"highlight\">Universidad<\/span>\u00a0<span class=\"highlight\">del<\/span>\u00a0<span class=\"highlight\">Desarrollo<\/span>, Soledad Reyes, lanz\u00f3 el libro \u201cManuel Rodr\u00edguez. A\u00fan tenemos patria\u201d (Ediciones \u201cEl Mercurio\u201d).<br \/>\nEn conversaci\u00f3n con \u201cEl L\u00edbero\u201c, la autora explica las motivaciones que tuvo para escribir sobre este tema, las complicaciones que aparecieron en el proceso y la importancia que tuvo el l\u00edder de los H\u00fasares de la Muerte para la causa independentista.<br \/>\n<strong>-\u00bfCu\u00e1l es la dificultad de escribir un libro biogr\u00e1fico sobre Manuel Rodr\u00edguez?<\/strong><br \/>\n-La mayor dificultad reside en que hay mucho mito en torno a su figura, mucha especulaci\u00f3n que se confunde con la realidad y que, con el paso del tiempo, no ha hecho m\u00e1s que aumentar la leyenda. Adem\u00e1s de eso, Manuel Rodr\u00edguez fue buscado y amenazado, ten\u00eda que esconderse para despistar a los espa\u00f1oles, y eso hace que muchas veces se le perdiera el rastro durante varios meses.<br \/>\n<strong>-\u00bfC\u00f3mo fue el proceso de documentaci\u00f3n?<\/strong><br \/>\n-Empec\u00e9 leyendo historiadores cl\u00e1sicos del siglo XIX, como Benjam\u00edn Vicu\u00f1a Mackenna, los hermanos Amun\u00e1tegui, Barros Arana, y me fascin\u00e9 con el personaje y con la idea de reconstruir su historia. De ah\u00ed, segu\u00ed leyendo absolutamente todo lo que hay escrito sobre \u00e9l, cartas, cr\u00f3nicas, testimonios, hasta llegar a investigaciones contempor\u00e1neas, como las del periodista Alfredo Sep\u00falveda, incluso novelas hist\u00f3ricas como la de Jorge Inostroza.<br \/>\nManuel Rodr\u00edguez fue buscado y amenazado, ten\u00eda que esconderse para despistar a los espa\u00f1oles, y eso hace que muchas veces se le perdiera el rastro durante varios meses\u201d.<br \/>\n<strong>-\u201cManuel Rodr\u00edguez. A\u00fan tenemos patria\u201d es presentado como un texto que entrega una perspectiva \u00edntima del l\u00edder de la Independencia, \u00bfpor qu\u00e9 es necesario conocer ese aspecto?<\/strong><br \/>\n\u2013Es una buena forma de desmitificar al personaje, mostrando como pas\u00f3 de ser un ciudadano com\u00fan y corriente, que no ten\u00eda mayores ambiciones, a ser declarado un hombre \u201ccuya existencia era incompatible con el mantenimiento del orden p\u00fablico\u201d. Por lo mismo, el libro no solo relata su vida y su muerte, sino que tambi\u00e9n se muestran otros aspectos de su mundo, incluyendo su amistad con los Carrera, la sociedad de la \u00e9poca, descripciones de lo que era Santiago, etc.<br \/>\n<strong>-\u00bfA qu\u00e9 se debe la \u201cmitificaci\u00f3n\u201d de Manuel Rodr\u00edguez?<\/strong><br \/>\n-A varias razones, que van desde que el gobernador espa\u00f1ol Marc\u00f3 del Pont haya puesto precio a su cabeza, a su relaci\u00f3n con Jos\u00e9 Miguel Neira, a su calidad de pr\u00f3fugo de la justicia y, muy especialmente, a todo lo ocurrido en torno a su asesinato, entierro y posterior juicio para dilucidar su muerte.<br \/>\n<strong>-La mayor parte del tiempo se habla de Rodr\u00edguez como un guerrillero, \u00bfesto es acotar la historia del personaje hist\u00f3rico?<\/strong><br \/>\n-Manuel Rodr\u00edguez fue mucho m\u00e1s que un guerrillero impetuoso como suele creerse, su trabajo fue fundamental para desorientar a los espa\u00f1oles y ayudar a San Mart\u00edn a cruzar con su Ej\u00e9rcito Libertador. Y actu\u00f3 siempre en forma desinteresada, muri\u00f3 sin entender por qu\u00e9 O\u2019Higgins y la Logia Lautaro lo quer\u00edan fuera del pa\u00eds.<br \/>\n\u201cNo me parece justo que se hable de Manuel Rodr\u00edguez como un instigador o un delincuente\u201c<br \/>\n<strong>-\u00bfPor qu\u00e9 se le deber\u00eda considerar un padre de la patria en vez de un caudillo?<\/strong><br \/>\n-\u00bfY por qu\u00e9 no decir que fue las dos cosas?<br \/>\n<strong>-Lo pregunto porque, en general, se lo encasilla como un caudillo o guerrillero que va al margen de figuras como O\u2019Higgins y los Carrera, m\u00e1s que padre de la patria. \u00bfPretende reivindicar su lugar como pr\u00f3cer de la Independencia?<\/strong><br \/>\n-Yo no dir\u00eda que iba por su cuenta, siempre estuvo apoyando a Carrera, salvo unos momentos confusos que aparecen explicados en el libro. Hay personas que lo definen como \u201cel verdadero padre de la patria\u201d, pero eso puede resultar exagerado si se piensa que lo asesinaron apenas un mes despu\u00e9s de que Chile consiguiera la independencia definitiva.<br \/>\n<strong>-\u00bfSinti\u00f3 una necesidad de reivindicar al personaje?<\/strong><br \/>\n-S\u00ed, reivindico la labor de\u00a0Manuel Rodr\u00edguez durante el per\u00edodo de la reconquista, pero hay que tener presente que no pudo participar en todo lo que fue el consolidar la independencia. Esta fue la gran raz\u00f3n que me motiv\u00f3 a reconstruir y relatar su historia. Tal como dice en la contratapa del libro, es \u201cun merecido tributo a quien ser\u00eda el hombre m\u00e1s buscado de Chile y un apasionado por la independencia de nuestro pa\u00eds\u201d. No me parece justo que se hable de Manuel Rodr\u00edguez como un instigador o un delincuente, y si bien es cierto que todav\u00eda faltan piezas para armar el puzzle completo, esta investigaci\u00f3n contribuye a esclarecer parte de su historia.<br \/>\nLa asociaci\u00f3n de Manuel Rodr\u00edguez con un sector pol\u00edtico fue muy posterior a la \u00e9poca en que \u00e9l vivi\u00f3, y suele pensarse porque el Frente Patri\u00f3tico de los a\u00f1os 80\u2019 se bautiz\u00f3 con su nombre\u201d.<br \/>\n<strong>-Manuel Rodr\u00edguez se ha asociado a un sector pol\u00edtico, \u00bfa qu\u00e9 cree que se debe?<\/strong><br \/>\n-La asociaci\u00f3n de Manuel Rodr\u00edguez con un sector pol\u00edtico fue muy posterior a la \u00e9poca en que \u00e9l vivi\u00f3, y suele pensarse porque el Frente Patri\u00f3tico de los a\u00f1os 80\u2019 se bautiz\u00f3 con su nombre. Pero en su tiempo, m\u00e1s que a un sector pol\u00edtico, perteneci\u00f3, vivi\u00f3 y luch\u00f3 en el bando carrerista. Era muy amigo de toda la familia Carrera lo que, como sabemos, le terminar\u00eda costando la vida.<br \/>\n<strong>-\u00bfPor qu\u00e9 plantea que deber\u00eda tener un reconocimiento transversal?<\/strong><br \/>\n-Porque lo que hizo Manuel Rodr\u00edguez en el per\u00edodo de la reconquista espa\u00f1ola fue trascendental para la definitiva liberaci\u00f3n de Espa\u00f1a y la consolidaci\u00f3n de nuestra independencia. Es una figura que siempre ha causado curiosidad y ha dado mucho que hablar, y hoy d\u00eda, justo a doscientos a\u00f1os de su muerte, es un buen momento para conocerlo y valorarlo.<\/p>\n<p><a href=\"https:\/\/goo.gl\/FAKYwN\" target=\"_blank\" rel=\"attachment wp-att-3477\"><img loading=\"lazy\" decoding=\"async\" class=\"size-medium wp-image-3477 aligncenter\" src=\"http:\/\/gobierno.udd.cl\/cpp\/files\/2018\/05\/cb51d3c47fafcc93d4751eec16752f1b-112x300.jpg\" alt=\"cb51d3c47fafcc93d4751eec16752f1b\" width=\"112\" height=\"300\" srcset=\"https:\/\/gobierno.udd.cl\/cpp\/files\/2018\/05\/cb51d3c47fafcc93d4751eec16752f1b-112x300.jpg 112w, https:\/\/gobierno.udd.cl\/cpp\/files\/2018\/05\/cb51d3c47fafcc93d4751eec16752f1b-768x2057.jpg 768w, https:\/\/gobierno.udd.cl\/cpp\/files\/2018\/05\/cb51d3c47fafcc93d4751eec16752f1b-382x1024.jpg 382w, https:\/\/gobierno.udd.cl\/cpp\/files\/2018\/05\/cb51d3c47fafcc93d4751eec16752f1b-358x960.jpg 358w, https:\/\/gobierno.udd.cl\/cpp\/files\/2018\/05\/cb51d3c47fafcc93d4751eec16752f1b.jpg 1400w\" sizes=\"auto, (max-width: 112px) 100vw, 112px\" \/><\/a><\/p>\n<\/div>\n","protected":false},"excerpt":{"rendered":"<p>A d\u00edas de que se cumplan doscientos a\u00f1os de la muerte de Manuel Rodr\u00edguez, uno de los personajes clave y m\u00e1s misteriosos de la Independencia de Chile, la historiadora de la Universidad Cat\u00f3lica y docente de la\u00a0Universidad\u00a0del\u00a0Desarrollo, Soledad Reyes, lanz\u00f3 el libro \u201cManuel Rodr\u00edguez. A\u00fan tenemos patria\u201d (Ediciones \u201cEl Mercurio\u201d). En conversaci\u00f3n con \u201cEl L\u00edbero\u201c, [&hellip;]<\/p>\n","protected":false},"author":22,"featured_media":893,"comment_status":"open","ping_status":"open","sticky":false,"template":"","format":"standard","meta":{"footnotes":""},"categories":[10162],"tags":[],"class_list":["post-3476","post","type-post","status-publish","format-standard","has-post-thumbnail","hentry","category-centro-en-la-prensa"],"featured_image_url":"https:\/\/gobierno.udd.cl\/cpp\/files\/2015\/05\/udd_cpp_prensa_340.png","_links":{"self":[{"href":"https:\/\/gobierno.udd.cl\/cpp\/wp-json\/wp\/v2\/posts\/3476","targetHints":{"allow":["GET"]}}],"collection":[{"href":"https:\/\/gobierno.udd.cl\/cpp\/wp-json\/wp\/v2\/posts"}],"about":[{"href":"https:\/\/gobierno.udd.cl\/cpp\/wp-json\/wp\/v2\/types\/post"}],"author":[{"embeddable":true,"href":"https:\/\/gobierno.udd.cl\/cpp\/wp-json\/wp\/v2\/users\/22"}],"replies":[{"embeddable":true,"href":"https:\/\/gobierno.udd.cl\/cpp\/wp-json\/wp\/v2\/comments?post=3476"}],"version-history":[{"count":3,"href":"https:\/\/gobierno.udd.cl\/cpp\/wp-json\/wp\/v2\/posts\/3476\/revisions"}],"predecessor-version":[{"id":3480,"href":"https:\/\/gobierno.udd.cl\/cpp\/wp-json\/wp\/v2\/posts\/3476\/revisions\/3480"}],"wp:featuredmedia":[{"embeddable":true,"href":"https:\/\/gobierno.udd.cl\/cpp\/wp-json\/wp\/v2\/media\/893"}],"wp:attachment":[{"href":"https:\/\/gobierno.udd.cl\/cpp\/wp-json\/wp\/v2\/media?parent=3476"}],"wp:term":[{"taxonomy":"category","embeddable":true,"href":"https:\/\/gobierno.udd.cl\/cpp\/wp-json\/wp\/v2\/categories?post=3476"},{"taxonomy":"post_tag","embeddable":true,"href":"https:\/\/gobierno.udd.cl\/cpp\/wp-json\/wp\/v2\/tags?post=3476"}],"curies":[{"name":"wp","href":"https:\/\/api.w.org\/{rel}","templated":true}]}}