{"id":3466,"date":"2018-05-22T22:31:28","date_gmt":"2018-05-23T02:31:28","guid":{"rendered":"http:\/\/gobierno.udd.cl\/cpp\/?p=3466"},"modified":"2018-05-22T22:31:52","modified_gmt":"2018-05-23T02:31:52","slug":"movimiento-feminista-56-dice-que-demandas-han-provocado-un-cambio-de-trato-el-mercurio","status":"publish","type":"post","link":"https:\/\/gobierno.udd.cl\/cpp\/noticias\/2018\/05\/22\/movimiento-feminista-56-dice-que-demandas-han-provocado-un-cambio-de-trato-el-mercurio\/","title":{"rendered":"Movimiento feminista : 56% dice que demandas han provocado un cambio de trato &#8211; El Mercurio"},"content":{"rendered":"<p style=\"text-align: justify;\"><span class=\"arial12\">Al menos 22 universidades del pa\u00eds se encuentran actualmente en paro o toma, como medida de presi\u00f3n en medio de la irrupci\u00f3n del movimiento feminista. Esto, a ra\u00edz de diversas denuncias por acoso ocurridos en los planteles educacionales, a lo que se suman casos que han apuntado a figuras de connotaci\u00f3n p\u00fablica. Incluso, el mi\u00e9rcoles pasado se desarrollaron masivas marchas en diversas ciudades, dando cuenta del alcance de las demandas de las mujeres. Irrupci\u00f3n que ya ha provocado efectos en los tres poderes del Estado.<\/span><\/p>\n<p style=\"text-align: justify;\"><span class=\"arial12\">El Poder Judicial lanz\u00f3 una campa\u00f1a de \u00abPrevenci\u00f3n e informaci\u00f3n sobre acoso sexual\u00bb al interior del organismo. Trabajo que incluye un informe sobre la igualdad de g\u00e9nero y no discriminaci\u00f3n y un sondeo al interior de la instituci\u00f3n que arroj\u00f3, entre otras cosas, que un 56% de los encuestados hab\u00edan presenciado o experimentado, al menos una vez, comentarios de contenido sexual, y 44% \u00abpiropos subidos de tono\u00bb.<\/span><\/p>\n<p style=\"text-align: justify;\"><span class=\"arial12\">Adem\u00e1s, se encuentra en proceso de elaboraci\u00f3n de un protocolo que determine c\u00f3mo actuar frente a estas situaciones, norma que espera estar concluida en junio luego que sea votada por el Pleno de la Corte Suprema.<\/span><\/p>\n<p style=\"text-align: justify;\"><span class=\"arial12\">Mismo trabajo que se encuentra realizando el Gobierno, desde donde, a diferencia de las movilizaciones estudiantiles de 2011, ven en la irrupci\u00f3n de la agenda feminista una oportunidad. El Gobierno, de hecho, ya se encuentra preparando un protocolo para todos los ministerios -con el objetivo de homologarlos- y requiri\u00f3 informaci\u00f3n a las universidades con el mismo objetivo.<\/span><\/p>\n<p style=\"text-align: justify;\"><span class=\"arial12\">De esta manera, al menos en el plan original de La Moneda, la ministra del Sernam, Isabel Pl\u00e1, tendr\u00e1 un rol protag\u00f3nico en el tema. Menos visible, pero igualmente relevante, ser\u00e1 la funci\u00f3n del Ministerio de Educaci\u00f3n, al mando de Gerardo Varela.<\/span><\/p>\n<p style=\"text-align: justify;\"><span class=\"arial12\">En entrevista con \u00abEl Mercurio\u00bb, adem\u00e1s, el ministro del Interior, Andr\u00e9s Chadwick, se\u00f1al\u00f3 que el Presidente Sebasti\u00e1n Pi\u00f1era va a dar a conocer pr\u00f3ximamente un paquete de medidas, que incluyen iniciativas de car\u00e1cter legislativo, para generar condiciones de igualdad entre el hombre y la mujer y tener herramientas eficaces para combatir cualquier tipo de abuso (ver D 8 y D 9).<\/span><\/p>\n<p style=\"text-align: justify;\"><span class=\"arial12\">En paralelo, la presidenta de la C\u00e1mara de Diputados, Maya Fern\u00e1ndez (PS), ya solicit\u00f3 a la Comisi\u00f3n de R\u00e9gimen Interno de la Corporaci\u00f3n la elaboraci\u00f3n de una nueva normativa para enfrentar casos de este tipo.<\/span><\/p>\n<p style=\"text-align: justify;\"><span class=\"arial12\">Para el decano de la Facultad de Gobierno de la UDD, Eugenio Guzm\u00e1n, parte de este debate se relaciona con el impacto que ha tenido el movimiento feminista -al menos hasta ahora- en el comportamiento de las personas.<\/span><\/p>\n<p style=\"text-align: justify;\"><span class=\"arial12\">Un sondeo elaborado por el Panel Ciudadano UDD para \u00abEl Mercurio\u00bb tom\u00f3 el pulso al tema en esta etapa de desarrollo. A continuaci\u00f3n, Guzm\u00e1n realiza un an\u00e1lisis de las caracter\u00edsticas y el impacto que hasta ahora ha tenido la irrupci\u00f3n de la agenda feminista, de acuerdo al resultado de la encuesta.<\/span><\/p>\n<p style=\"text-align: justify;\"><strong><span class=\"arial12\">Transversalidad<\/span><\/strong><\/p>\n<p style=\"text-align: justify;\"><span class=\"arial12\">El movimiento de mujeres estudiantes ciertamente est\u00e1 teniendo un efecto no menor en la sociedad chilena. Hasta ahora su transversalidad parece ser su caracter\u00edstica principal, pues evoca tem\u00e1ticas que ciertamente lo son, si bien no todas ellas, en particular lo que tiene que ver con las distintas expresiones que toma el abuso, la humillaci\u00f3n o menosprecio masculino.<\/span><\/p>\n<p style=\"text-align: justify;\"><strong><span class=\"arial12\">Movimiento contracultural<\/span><\/strong><\/p>\n<p style=\"text-align: justify;\"><span class=\"arial12\">Desde esta perspectiva, el movimiento es claramente contracultural y en esa medida las instituciones, que por cierto son modeladas por la cultura e incluso emergen desde esta, no tienen f\u00f3rmulas o mecanismos para abordar o dar respuestas institucionales que por lo general s\u00ed las tienen cuando se trata de fen\u00f3menos que est\u00e1n dentro de sus m\u00e1rgenes. De all\u00ed que frente a las preguntas de \u00bfqu\u00e9 hacer?, pol\u00edticos y analistas en muchos casos no pueden m\u00e1s que balbucear respuestas o simplemente repetir de modo elegante lo obvio: \u00abEs urgente abordar el tema\u00bb.<\/span><\/p>\n<p style=\"text-align: justify;\"><strong><span class=\"arial12\">Hombres y mujeres<\/span><\/strong><\/p>\n<p style=\"text-align: justify;\"><span class=\"arial12\">Lo que primero se observa es la diferencia de percepciones entre hombres y mujeres respecto a los cambios derivados en el trato. Es decir, mientras un 50% de las mujeres se\u00f1ala que perciben cambios, en el caso de los hombres el porcentaje llega al 62%. Como se trata de percepciones que se expresan de la cotidianidad y lo que consideran \u00abnormal\u00bb e incluso \u00abnatural\u00bb uno u otro sexo, ello podr\u00eda explicar prima facie (primera vista) dichas diferencias.<\/span><\/p>\n<p style=\"text-align: justify;\"><strong><span class=\"arial12\">Lenguaje<\/span><\/strong><\/p>\n<p style=\"text-align: justify;\"><span class=\"arial12\">Una forma de aproximarse al contenido de los cambios es preguntar por algunas circunstancias espec\u00edficas. Es as\u00ed que al parecer el aspecto m\u00e1s relevante guarda relaci\u00f3n con el lenguaje: \u00ablo que se dice\u00bb. En concreto, un 60%, independiente de si se trata de hombres o mujeres, concuerda en que \u00abla gente tiene mayor cuidado en lo que dice\u00bb. No obstante, no deja de ser importante como aparentemente se considera que un gesto, como son las mirandas, es percibido como siendo afectado.<\/span><\/p>\n<p style=\"text-align: justify;\"><strong><span class=\"arial12\">Chiste machista<\/span><\/strong><\/p>\n<p style=\"text-align: justify;\"><span class=\"arial12\">Una aproximaci\u00f3n a\u00fan mayor al contenido se aprecia al ver las respuestas frente a la pregunta respecto de un \u00abchiste machista\u00bb. Al respecto, las reacciones entre hombres y mujeres difieren significativamente en algunas de las alternativas que podr\u00edan calificarse como m\u00e1s o menos \u00abpermisivas\u00bb. En efecto, mientras un 20,8% de las mujeres declara que \u00abse enoja y se retira\u00bb, solo un 8% lo se\u00f1ala en el caso de los hombres. En el otro extremo, quienes contestan que lo \u00abcelebran igual que siempre\u00bb, las diferencias entre hombres y mujeres tambi\u00e9n son importantes: 23,2% las mujeres y 44,1% los hombres. Ello responder\u00eda a la menor gravedad asignada a las expresiones de machismo en el humor; sin embargo, si se considera que un 22,9% de los hombres sostiene que \u00abpide que no lo cuenten\u00bb, ello podr\u00eda estar indicando al menos que la connotaci\u00f3n machista de un chiste no se admite como correcta incluso dentro de los hombres.<\/span><\/p>\n<p>Ver nota publicada: <a href=\"https:\/\/goo.gl\/67t2Qw\" target=\"_blank\">https:\/\/goo.gl\/67t2Qw<\/a><\/p>\n<p><a href=\"https:\/\/goo.gl\/DAJL1R\" target=\"_blank\"><img loading=\"lazy\" decoding=\"async\" class=\"aligncenter size-medium wp-image-3468\" src=\"http:\/\/gobierno.udd.cl\/cpp\/files\/2018\/05\/2018-05-20_impresa.elmercurio.com_MERSTRE004RR2005_1100-1-215x300.png\" alt=\"2018-05-20_impresa.elmercurio.com_MERSTRE004RR2005_1100\" width=\"215\" height=\"300\" srcset=\"https:\/\/gobierno.udd.cl\/cpp\/files\/2018\/05\/2018-05-20_impresa.elmercurio.com_MERSTRE004RR2005_1100-1-215x300.png 215w, https:\/\/gobierno.udd.cl\/cpp\/files\/2018\/05\/2018-05-20_impresa.elmercurio.com_MERSTRE004RR2005_1100-1-768x1073.png 768w, https:\/\/gobierno.udd.cl\/cpp\/files\/2018\/05\/2018-05-20_impresa.elmercurio.com_MERSTRE004RR2005_1100-1-733x1024.png 733w, https:\/\/gobierno.udd.cl\/cpp\/files\/2018\/05\/2018-05-20_impresa.elmercurio.com_MERSTRE004RR2005_1100-1-687x960.png 687w\" sizes=\"auto, (max-width: 215px) 100vw, 215px\" \/><\/a><\/p>\n","protected":false},"excerpt":{"rendered":"<p>Una encuesta centrada en los efectos de las demandas de las mujeres a ra\u00edz de diversos casos de acoso en el comportamiento de los chilenos realiz\u00f3 la Universidad del Desarrollo junto a \u00abEl Mercurio\u00bb. Sondeo que si bien da cuenta de un avance en materias como en el \u00abcuidado en lo que se dice\u00bb, a\u00fan existen \u00e1reas en donde se evidencian falencias como en los \u00abchistes machistas\u00bb y el \u00abcuidado en c\u00f3mo se miran entre las personas\u00bb.<\/p>\n","protected":false},"author":22,"featured_media":893,"comment_status":"open","ping_status":"open","sticky":false,"template":"","format":"standard","meta":{"footnotes":""},"categories":[10162],"tags":[],"class_list":["post-3466","post","type-post","status-publish","format-standard","has-post-thumbnail","hentry","category-centro-en-la-prensa"],"featured_image_url":"https:\/\/gobierno.udd.cl\/cpp\/files\/2015\/05\/udd_cpp_prensa_340.png","_links":{"self":[{"href":"https:\/\/gobierno.udd.cl\/cpp\/wp-json\/wp\/v2\/posts\/3466","targetHints":{"allow":["GET"]}}],"collection":[{"href":"https:\/\/gobierno.udd.cl\/cpp\/wp-json\/wp\/v2\/posts"}],"about":[{"href":"https:\/\/gobierno.udd.cl\/cpp\/wp-json\/wp\/v2\/types\/post"}],"author":[{"embeddable":true,"href":"https:\/\/gobierno.udd.cl\/cpp\/wp-json\/wp\/v2\/users\/22"}],"replies":[{"embeddable":true,"href":"https:\/\/gobierno.udd.cl\/cpp\/wp-json\/wp\/v2\/comments?post=3466"}],"version-history":[{"count":2,"href":"https:\/\/gobierno.udd.cl\/cpp\/wp-json\/wp\/v2\/posts\/3466\/revisions"}],"predecessor-version":[{"id":3470,"href":"https:\/\/gobierno.udd.cl\/cpp\/wp-json\/wp\/v2\/posts\/3466\/revisions\/3470"}],"wp:featuredmedia":[{"embeddable":true,"href":"https:\/\/gobierno.udd.cl\/cpp\/wp-json\/wp\/v2\/media\/893"}],"wp:attachment":[{"href":"https:\/\/gobierno.udd.cl\/cpp\/wp-json\/wp\/v2\/media?parent=3466"}],"wp:term":[{"taxonomy":"category","embeddable":true,"href":"https:\/\/gobierno.udd.cl\/cpp\/wp-json\/wp\/v2\/categories?post=3466"},{"taxonomy":"post_tag","embeddable":true,"href":"https:\/\/gobierno.udd.cl\/cpp\/wp-json\/wp\/v2\/tags?post=3466"}],"curies":[{"name":"wp","href":"https:\/\/api.w.org\/{rel}","templated":true}]}}