{"id":3463,"date":"2018-05-22T22:25:06","date_gmt":"2018-05-23T02:25:06","guid":{"rendered":"http:\/\/gobierno.udd.cl\/cpp\/?p=3463"},"modified":"2018-05-22T22:25:06","modified_gmt":"2018-05-23T02:25:06","slug":"manuel-rodriguez-aun-tenemos-patria-el-mercurio","status":"publish","type":"post","link":"https:\/\/gobierno.udd.cl\/cpp\/noticias\/2018\/05\/22\/manuel-rodriguez-aun-tenemos-patria-el-mercurio\/","title":{"rendered":"\u00abManuel Rodr\u00edguez. A\u00fan tenemos patria\u00bb &#8211; El Mercurio"},"content":{"rendered":"<p style=\"text-align: justify;\">El libro de Soledad Reyes \u00abreconstruye a Manuel Rodr\u00edguez desde la evidencia y la f\u00e1bula (&#8230;) uniendo las visiones de los sesudos historiadores con la de los imaginativos poetas\u00bb, explic\u00f3 Juan Eduardo Vargas, historiador y miembro de la Academia Chilena de la Historia, durante la presentaci\u00f3n de la publicaci\u00f3n del sello Ediciones El Mercurio, que se realiz\u00f3 en las dependencias de la Universidad del Desarrollo.<\/p>\n<p style=\"text-align: justify;\">A cargo de la presentaci\u00f3n estuvieron tambi\u00e9n el ex ministro Francisco Vidal y el periodista Alfredo Sep\u00falveda, quienes reconocieron el aporte de la obra al intentar develar parte del enigma de Rodr\u00edguez.\u00bfQui\u00e9n fue realmente el hombre que fund\u00f3 a los m\u00edticos H\u00fasares de la Muerte? Si bien no se tiene certeza del lugar exacto donde descansan los restos de Manuel Rodr\u00edguez, s\u00ed se sabe que falleci\u00f3 hace doscientos a\u00f1os, en mayo de 1818.<\/p>\n<p style=\"text-align: justify;\">De su vida personal se desconocen muchos aspectos y su legado a\u00fan est\u00e1 envuelto en misterio, dice la autora en su libro, quien intenta a trav\u00e9s de esta cr\u00f3nica responder a estas interrogantes.<\/p>\n<p style=\"text-align: justify;\"><a href=\"https:\/\/goo.gl\/qMkchZ\" target=\"_blank\"><img loading=\"lazy\" decoding=\"async\" class=\"aligncenter size-medium wp-image-3464\" src=\"http:\/\/gobierno.udd.cl\/cpp\/files\/2018\/05\/2018-05-22_impresa.elmercurio.com_MERSTVD006AA2205_1100-215x300.png\" alt=\"2018-05-22_impresa.elmercurio.com_MERSTVD006AA2205_1100\" width=\"215\" height=\"300\" srcset=\"https:\/\/gobierno.udd.cl\/cpp\/files\/2018\/05\/2018-05-22_impresa.elmercurio.com_MERSTVD006AA2205_1100-215x300.png 215w, https:\/\/gobierno.udd.cl\/cpp\/files\/2018\/05\/2018-05-22_impresa.elmercurio.com_MERSTVD006AA2205_1100-768x1073.png 768w, https:\/\/gobierno.udd.cl\/cpp\/files\/2018\/05\/2018-05-22_impresa.elmercurio.com_MERSTVD006AA2205_1100-733x1024.png 733w, https:\/\/gobierno.udd.cl\/cpp\/files\/2018\/05\/2018-05-22_impresa.elmercurio.com_MERSTVD006AA2205_1100-687x960.png 687w\" sizes=\"auto, (max-width: 215px) 100vw, 215px\" \/><\/a><\/p>\n","protected":false},"excerpt":{"rendered":"<p>El libro de Soledad Reyes \u00abreconstruye a Manuel Rodr\u00edguez desde la evidencia y la f\u00e1bula (&#8230;) uniendo las visiones de los sesudos historiadores con la de los imaginativos poetas\u00bb, explic\u00f3 Juan Eduardo Vargas, historiador y miembro de la Academia Chilena de la Historia, durante la presentaci\u00f3n de la publicaci\u00f3n del sello Ediciones El Mercurio, que [&hellip;]<\/p>\n","protected":false},"author":22,"featured_media":893,"comment_status":"open","ping_status":"open","sticky":false,"template":"","format":"standard","meta":{"footnotes":""},"categories":[10162],"tags":[],"class_list":["post-3463","post","type-post","status-publish","format-standard","has-post-thumbnail","hentry","category-centro-en-la-prensa"],"featured_image_url":"https:\/\/gobierno.udd.cl\/cpp\/files\/2015\/05\/udd_cpp_prensa_340.png","_links":{"self":[{"href":"https:\/\/gobierno.udd.cl\/cpp\/wp-json\/wp\/v2\/posts\/3463","targetHints":{"allow":["GET"]}}],"collection":[{"href":"https:\/\/gobierno.udd.cl\/cpp\/wp-json\/wp\/v2\/posts"}],"about":[{"href":"https:\/\/gobierno.udd.cl\/cpp\/wp-json\/wp\/v2\/types\/post"}],"author":[{"embeddable":true,"href":"https:\/\/gobierno.udd.cl\/cpp\/wp-json\/wp\/v2\/users\/22"}],"replies":[{"embeddable":true,"href":"https:\/\/gobierno.udd.cl\/cpp\/wp-json\/wp\/v2\/comments?post=3463"}],"version-history":[{"count":1,"href":"https:\/\/gobierno.udd.cl\/cpp\/wp-json\/wp\/v2\/posts\/3463\/revisions"}],"predecessor-version":[{"id":3465,"href":"https:\/\/gobierno.udd.cl\/cpp\/wp-json\/wp\/v2\/posts\/3463\/revisions\/3465"}],"wp:featuredmedia":[{"embeddable":true,"href":"https:\/\/gobierno.udd.cl\/cpp\/wp-json\/wp\/v2\/media\/893"}],"wp:attachment":[{"href":"https:\/\/gobierno.udd.cl\/cpp\/wp-json\/wp\/v2\/media?parent=3463"}],"wp:term":[{"taxonomy":"category","embeddable":true,"href":"https:\/\/gobierno.udd.cl\/cpp\/wp-json\/wp\/v2\/categories?post=3463"},{"taxonomy":"post_tag","embeddable":true,"href":"https:\/\/gobierno.udd.cl\/cpp\/wp-json\/wp\/v2\/tags?post=3463"}],"curies":[{"name":"wp","href":"https:\/\/api.w.org\/{rel}","templated":true}]}}