{"id":3460,"date":"2018-05-15T22:49:32","date_gmt":"2018-05-16T02:49:32","guid":{"rendered":"http:\/\/gobierno.udd.cl\/cpp\/?p=3460"},"modified":"2018-05-15T22:49:53","modified_gmt":"2018-05-16T02:49:53","slug":"retirada-de-ee-uu-del-acuerdo-nuclear-con-iran-que-impacto-generara-la-decision-de-trump-el-mercurio","status":"publish","type":"post","link":"https:\/\/gobierno.udd.cl\/cpp\/noticias\/2018\/05\/15\/retirada-de-ee-uu-del-acuerdo-nuclear-con-iran-que-impacto-generara-la-decision-de-trump-el-mercurio\/","title":{"rendered":"Retirada de EE.UU. del acuerdo nuclear con Ir\u00e1n: \u00bfQu\u00e9 impacto generar\u00e1 la decisi\u00f3n de Trump? &#8211; El Mercurio"},"content":{"rendered":"<p style=\"text-align: justify;\">SANTIAGO.- Como se especulaba, finalmente este martes el Presidente de Estados Unidos, Donald Trump, se retir\u00f3 del acuerdo nuclear con Ir\u00e1n, decisi\u00f3n que ha generado las alarmas en todo el mundo y siembra dudas respecto a lo que pueda ocurrir.<\/p>\n<p style=\"text-align: justify;\">Consultados, por Emol, expertos analizaron esta medida, la que han calificado como una \u00abamenaza\u00bb, \u00abfractura\u00bb, \u00abincertidumbre\u00bb y una \u00abnoticia lamentable\u00bb.<\/p>\n<p style=\"text-align: justify;\"><strong>\u00bfCu\u00e1l es el impacto de que EE.UU. se haya retirado del acuerdo nuclear con Ir\u00e1n en el mundo?<\/strong><\/p>\n<p style=\"text-align: justify;\"><strong>Guido Larson<\/strong>, acad\u00e9mico de la UDD, cientista pol\u00edtico y especialista en terrorismo y conflictos internacionales:<\/p>\n<p style=\"text-align: justify;\">\u00abEl impacto, creo yo, que es de tres sentidos. El primero, es que fomenta el aislacionismo norteamericano, porque fundamentalmente, es un acuerdo con el cual todos los europeos estaban a favor, mientras que Trump queda solo y EE.UU. queda solo. Entonces, fractura en alguna medida, la alianza atl\u00e1ntica entre EE.UU. y Europa\u00bb.<\/p>\n<p style=\"text-align: justify;\">\u00abLo segundo, es un acuerdo que deslegitima a la autoridad iran\u00ed, y en consecuencia, en alguna medida tambi\u00e9n, fomenta las actividades que el gobierno iran\u00ed ya estaba realizando m\u00e1s o menos de forma abierta en Siria. No hay que olvidar que Ir\u00e1n est\u00e1 participando activamente en Siria, y eso puede ser un incentivo para incrementar esa participaci\u00f3n y proponer o generarle costos a los intereses norteamericanos\u00bb.<\/p>\n<p style=\"text-align: justify;\">\u00abY en tercer lugar, con vistas a un panorama estrat\u00e9gico un poco m\u00e1s amplio, creo yo que se cae en un escenario de alta incertidumbre con relaci\u00f3n a cu\u00e1les de los acuerdos firmados por EE.UU., van a ser respetados y cu\u00e1les no. Recordemos que Trump, no solamente ha renegado de este acuerdo, reneg\u00f3 tambi\u00e9n de los acuerdos de Par\u00eds y ha estado conversando, tambi\u00e9n, renegar el Nafta. Pero si eso es as\u00ed, eso quiere decir que para Trump no hay realmente ning\u00fan acuerdo que no pueda someterse a cr\u00edtica, y que no pueda ser eventualmente desahuciado\u00bb.<\/p>\n<p style=\"text-align: justify;\">El analista finaliza diciendo que esto \u00abgenera un clima de alta inestabilidad y de incertidumbre, no solamente en el marco legal por el que opera EE.UU., si no del grado de estatus, grado de verificabilidad y verdad por el cual opera EE.UU. en su negociaci\u00f3n. Pone en duda las promesas que Estados Unidos hace a sus aliados y a quienes no son tan aliados de \u00e9l\u00bb.<\/p>\n<p style=\"text-align: justify;\"><strong>Luc\u00eda Dammert<\/strong>, acad\u00e9mica de la Universidad de Santiago, cientista pol\u00edtica y especialista en temas internacionales y seguridad:<\/p>\n<p style=\"text-align: justify;\">\u00abEs una p\u00e9sima noticia, pero lamentablemente era una noticia m\u00e1s o menos esperable de acuerdo a la ret\u00f3rica que ha planteado el Presidente Trump en los \u00faltimos d\u00edas. Es una p\u00e9sima noticia porque el acuerdo con Ir\u00e1n, s\u00ed hab\u00eda tenido resultados bastantes evidentes, positivos y porque todas las otras iniciativas que se han realizado anteriormente hab\u00edan tenido m\u00e1s bien pocos resultados\u00bb.<\/p>\n<p style=\"text-align: justify;\">\u00abSe cae en un escenario de alta incertidumbre con relaci\u00f3n a cu\u00e1les de los acuerdos firmados por EE.UU., van a ser respetados y cu\u00e1les no\u00bb.<br \/>\nGuido Larson<\/p>\n<p style=\"text-align: justify;\">\u201cEsta salida de EE.UU. puede aumentar los niveles de inseguridad en el mundo, en t\u00e9rminos de mayores niveles de conflictividad, mayores niveles de preocupaci\u00f3n en t\u00e9rminos de la consolidaci\u00f3n de estas amenazas, no solamente de divisi\u00f3n del mundo en dos; los pro rusos con los pro Ir\u00e1n, y por otro lado, los pro Estados Unidos. Si no, tambi\u00e9n, la generaci\u00f3n de m\u00faltiples otras amenazas. Lo que est\u00e1 claro es que la desnuclearizaci\u00f3n del mundo se pone en entre dicho ahora que se toma esta decisi\u00f3n\u00bb.<\/p>\n<p style=\"text-align: justify;\">\u00abTrump lo que ha hecho es que ha puesto en cuesti\u00f3n una de la principales &#8216;decisiones de pol\u00edtica exterior&#8217; del gobierno de Obama. Un poco para poner el punto de que esta no era una iniciativa que estaba funcionando y para proponer algo alternativo\u00bb.<\/p>\n<p style=\"text-align: justify;\">La analista concluye diciendo que Trump probablemente busque otras alternativas para Ir\u00e1n: \u00abUno m\u00e1s que esperar una intervenci\u00f3n armada, podr\u00eda esperar que busque otro mecanismos de negociaci\u00f3n, otro modo de tratar de buscar que se logren los niveles de desarme en Ir\u00e1n. Lo que es interesante es que todo los otros modos ya han sido probados y no han funcionado\u00bb.<\/p>\n<p style=\"text-align: justify;\">Ver nota publicada: <a href=\"http:\/\/www.emol.com\/noticias\/Internacional\/2018\/05\/08\/905470\/Retirada-de-EEUU-del-acuerdo-nuclear-con-Iran-El-impacto-internacional-que-generara-segun-expertos.html\" target=\"_blank\">http:\/\/www.emol.com\/noticias\/Internacional\/2018\/05\/08\/905470\/Retirada-de-EEUU-del-acuerdo-nuclear-con-Iran-El-impacto-internacional-que-generara-segun-expertos.html<\/a><\/p>\n","protected":false},"excerpt":{"rendered":"<p>El Mandatario oficializ\u00f3 este martes la salida de su pa\u00eds del pacto firmado en 2015, en la era Obama. Seg\u00fan expertos, esto seguramente traer\u00e1 consecuencias en el mundo y en sus aliados Alemania, Francia y Reino Unido.<\/p>\n","protected":false},"author":22,"featured_media":893,"comment_status":"open","ping_status":"open","sticky":false,"template":"","format":"standard","meta":{"footnotes":""},"categories":[10162],"tags":[],"class_list":["post-3460","post","type-post","status-publish","format-standard","has-post-thumbnail","hentry","category-centro-en-la-prensa"],"featured_image_url":"https:\/\/gobierno.udd.cl\/cpp\/files\/2015\/05\/udd_cpp_prensa_340.png","_links":{"self":[{"href":"https:\/\/gobierno.udd.cl\/cpp\/wp-json\/wp\/v2\/posts\/3460","targetHints":{"allow":["GET"]}}],"collection":[{"href":"https:\/\/gobierno.udd.cl\/cpp\/wp-json\/wp\/v2\/posts"}],"about":[{"href":"https:\/\/gobierno.udd.cl\/cpp\/wp-json\/wp\/v2\/types\/post"}],"author":[{"embeddable":true,"href":"https:\/\/gobierno.udd.cl\/cpp\/wp-json\/wp\/v2\/users\/22"}],"replies":[{"embeddable":true,"href":"https:\/\/gobierno.udd.cl\/cpp\/wp-json\/wp\/v2\/comments?post=3460"}],"version-history":[{"count":2,"href":"https:\/\/gobierno.udd.cl\/cpp\/wp-json\/wp\/v2\/posts\/3460\/revisions"}],"predecessor-version":[{"id":3462,"href":"https:\/\/gobierno.udd.cl\/cpp\/wp-json\/wp\/v2\/posts\/3460\/revisions\/3462"}],"wp:featuredmedia":[{"embeddable":true,"href":"https:\/\/gobierno.udd.cl\/cpp\/wp-json\/wp\/v2\/media\/893"}],"wp:attachment":[{"href":"https:\/\/gobierno.udd.cl\/cpp\/wp-json\/wp\/v2\/media?parent=3460"}],"wp:term":[{"taxonomy":"category","embeddable":true,"href":"https:\/\/gobierno.udd.cl\/cpp\/wp-json\/wp\/v2\/categories?post=3460"},{"taxonomy":"post_tag","embeddable":true,"href":"https:\/\/gobierno.udd.cl\/cpp\/wp-json\/wp\/v2\/tags?post=3460"}],"curies":[{"name":"wp","href":"https:\/\/api.w.org\/{rel}","templated":true}]}}