{"id":3457,"date":"2018-05-15T22:44:40","date_gmt":"2018-05-16T02:44:40","guid":{"rendered":"http:\/\/gobierno.udd.cl\/cpp\/?p=3457"},"modified":"2018-05-15T22:44:40","modified_gmt":"2018-05-16T02:44:40","slug":"directivos-daem-fortalecen-capacidades-en-liderazgo-y-control-de-gestion-tras-diplomado-en-universidad-del-desarrollo-el-andino","status":"publish","type":"post","link":"https:\/\/gobierno.udd.cl\/cpp\/noticias\/2018\/05\/15\/directivos-daem-fortalecen-capacidades-en-liderazgo-y-control-de-gestion-tras-diplomado-en-universidad-del-desarrollo-el-andino\/","title":{"rendered":"Directivos DAEM fortalecen capacidades en liderazgo y control de gesti\u00f3n tras diplomado en Universidad del Desarrollo  &#8211; El Andino"},"content":{"rendered":"<p style=\"text-align: justify;\">Gradas a un convenio establecido entre el municipio andino y la Universidad del Desarrollo (UDD). entre agosto de 2017 y enero de 2018 los equipos directivos de todas las unidades educativas DAEM fueron parte del Diplomado en Liderazgo y Control de Gesti\u00f3n.<\/p>\n<p style=\"text-align: justify;\">El alcalde Manuel Rivera destac\u00f3 la posibilidad de brindar una mejora en las capacidades de quienes llevan adelante la educaci\u00f3n p\u00fablica en la comuna: \u00abapunta a entregarles m\u00e1s herramientas a quienes est\u00e1n a cargo de los diferentes establecimientos educacionales. Esto debiese redundar en que el clima laboral, la convivencia escolar, llevar adelante todos los planes que este gran mundo requiere se haga de la mejor manera. Felicito a todos los directivos que han cumplido en forma exitosa este programa\u00bb.<\/p>\n<p style=\"text-align: justify;\">Completando 100 horas de clases en aula, el diplomado tuvo dos miradas distintas, por un lado el control de gesti\u00f3n que va a ser un apoyo para los directores en su gesti\u00f3n diaria, el manejo de los fondos CEP y el trabajo que llevan a cabo con el municipio; una segunda parte con herramientas de liderazgo y de resoluci\u00f3n de conflictos, muy propio de las habilidades que realizan en sus cargos.<\/p>\n<p style=\"text-align: justify;\">Eugenio Guzm\u00e1n, Decano de la Facultad de Gobierno UDD, se\u00f1al\u00f3 que en programas como \u00e9stos no solamente aprenden aquellos que participan en \u00e9l, sino que \u00abtambi\u00e9n aprendemos nosotros como universidad. Desde ese punto de vista es una gran oportunidad que se nos brinda a nosotros de poner a disposici\u00f3n en este caso del equipo del municipio nuestros conocimientos\u00bb.<\/p>\n<p style=\"text-align: justify;\">Para Mar\u00eda Soledad Reinoso, Directora Municipal de Educaci\u00f3n, el trabajo realizado poten- ciar\u00e1 el quehacer al interior de cada establecimiento: \u00abfue un periodo largo donde 51 docentes y docentes directivos trabajaron en este diplomado que los lleva a una vanguardia en los procesos de trabajo y liderazgo que es lo que queremos nosotros: l\u00edderes comprometidos, l\u00edderes preparados, l\u00edderes que trabajen y fomenten la buena calidad de la educaci\u00f3n en nuestros establecimientos\u00bb.<\/p>\n<p style=\"text-align: justify;\">M\u00f3nica Vega, UTP del Liceo Max Salas, evalu\u00f3 el diplomado a la altura de los nuevos tiempos: \u00abme encant\u00f3 la nueva perspectiva que mostr\u00f3 y que significa hacerse cargo del desarrollo de la inteligencia emocional, creo que esa es la clave para el aprendizaje de todos\u00bb.<\/p>\n<p style=\"text-align: justify;\"><a href=\"https:\/\/goo.gl\/Cy2MGR\" target=\"_blank\"><img loading=\"lazy\" decoding=\"async\" class=\"aligncenter size-medium wp-image-3458\" src=\"http:\/\/gobierno.udd.cl\/cpp\/files\/2018\/05\/cc8e012380e3b45629dc8b2e1e817f3f-213x300.jpg\" alt=\"cc8e012380e3b45629dc8b2e1e817f3f\" width=\"213\" height=\"300\" srcset=\"https:\/\/gobierno.udd.cl\/cpp\/files\/2018\/05\/cc8e012380e3b45629dc8b2e1e817f3f-213x300.jpg 213w, https:\/\/gobierno.udd.cl\/cpp\/files\/2018\/05\/cc8e012380e3b45629dc8b2e1e817f3f-768x1081.jpg 768w, https:\/\/gobierno.udd.cl\/cpp\/files\/2018\/05\/cc8e012380e3b45629dc8b2e1e817f3f-727x1024.jpg 727w, https:\/\/gobierno.udd.cl\/cpp\/files\/2018\/05\/cc8e012380e3b45629dc8b2e1e817f3f-682x960.jpg 682w\" sizes=\"auto, (max-width: 213px) 100vw, 213px\" \/><\/a><\/p>\n","protected":false},"excerpt":{"rendered":"<p>Gradas a un convenio establecido entre el municipio andino y la Universidad del Desarrollo (UDD). entre agosto de 2017 y enero de 2018 los equipos directivos de todas las unidades educativas DAEM fueron parte del Diplomado en Liderazgo y Control de Gesti\u00f3n. El alcalde Manuel Rivera destac\u00f3 la posibilidad de brindar una mejora en las [&hellip;]<\/p>\n","protected":false},"author":22,"featured_media":893,"comment_status":"open","ping_status":"open","sticky":false,"template":"","format":"standard","meta":{"footnotes":""},"categories":[10162],"tags":[],"class_list":["post-3457","post","type-post","status-publish","format-standard","has-post-thumbnail","hentry","category-centro-en-la-prensa"],"featured_image_url":"https:\/\/gobierno.udd.cl\/cpp\/files\/2015\/05\/udd_cpp_prensa_340.png","_links":{"self":[{"href":"https:\/\/gobierno.udd.cl\/cpp\/wp-json\/wp\/v2\/posts\/3457","targetHints":{"allow":["GET"]}}],"collection":[{"href":"https:\/\/gobierno.udd.cl\/cpp\/wp-json\/wp\/v2\/posts"}],"about":[{"href":"https:\/\/gobierno.udd.cl\/cpp\/wp-json\/wp\/v2\/types\/post"}],"author":[{"embeddable":true,"href":"https:\/\/gobierno.udd.cl\/cpp\/wp-json\/wp\/v2\/users\/22"}],"replies":[{"embeddable":true,"href":"https:\/\/gobierno.udd.cl\/cpp\/wp-json\/wp\/v2\/comments?post=3457"}],"version-history":[{"count":1,"href":"https:\/\/gobierno.udd.cl\/cpp\/wp-json\/wp\/v2\/posts\/3457\/revisions"}],"predecessor-version":[{"id":3459,"href":"https:\/\/gobierno.udd.cl\/cpp\/wp-json\/wp\/v2\/posts\/3457\/revisions\/3459"}],"wp:featuredmedia":[{"embeddable":true,"href":"https:\/\/gobierno.udd.cl\/cpp\/wp-json\/wp\/v2\/media\/893"}],"wp:attachment":[{"href":"https:\/\/gobierno.udd.cl\/cpp\/wp-json\/wp\/v2\/media?parent=3457"}],"wp:term":[{"taxonomy":"category","embeddable":true,"href":"https:\/\/gobierno.udd.cl\/cpp\/wp-json\/wp\/v2\/categories?post=3457"},{"taxonomy":"post_tag","embeddable":true,"href":"https:\/\/gobierno.udd.cl\/cpp\/wp-json\/wp\/v2\/tags?post=3457"}],"curies":[{"name":"wp","href":"https:\/\/api.w.org\/{rel}","templated":true}]}}