{"id":3451,"date":"2018-05-08T21:00:09","date_gmt":"2018-05-09T00:00:09","guid":{"rendered":"http:\/\/gobierno.udd.cl\/cpp\/?p=3451"},"modified":"2018-05-08T21:00:09","modified_gmt":"2018-05-09T00:00:09","slug":"polemica-con-presupuesto-2018-radio-cooperativa","status":"publish","type":"post","link":"https:\/\/gobierno.udd.cl\/cpp\/noticias\/2018\/05\/08\/polemica-con-presupuesto-2018-radio-cooperativa\/","title":{"rendered":"Pol\u00e9mica con Presupuesto 2018 &#8211; Radio Cooperativa"},"content":{"rendered":"<p style=\"text-align: justify;\">Eyzaguirre y Granados hab\u00edan sido invitados en tres oportunidades antes para explicar el error de c\u00e1lculo en el d\u00e9ficit fiscal estructural de 2017, pero en todas se excusaron.<\/p>\n<p><b>Habla:<\/b><\/p>\n<div style=\"text-align: justify;\">Nicol\u00e1s Eyzaguirre, ex ministro<\/div>\n<div style=\"text-align: justify;\">Eugenio Guzm\u00e1n, soci\u00f3logo\u00a0<span class=\"highlight\">UDD<\/span><\/div>\n<div style=\"text-align: justify;\">Hern\u00e1n Larra\u00edn Matte, miembro de Evopoli<\/div>\n<div style=\"text-align: justify;\">Ignacio Walker, senador<\/p>\n<p><b>Menci\u00f3n:<\/b><\/div>\n<div style=\"text-align: justify;\"><span class=\"highlight\">Universidad<\/span>\u00a0<span class=\"highlight\">del<\/span>\u00a0<span class=\"highlight\">Desarrollo<\/span><\/div>\n<div><\/div>\n<div>\n<audio class=\"wp-audio-shortcode\" id=\"audio-3451-1\" preload=\"none\" style=\"width: 100%;\" controls=\"controls\"><source type=\"audio\/mpeg\" src=\"http:\/\/conectamedia.s3.amazonaws.com\/3f4954e3f829e435f9a6fd959a2fb7d2.mp3?_=1\" \/><a href=\"http:\/\/conectamedia.s3.amazonaws.com\/3f4954e3f829e435f9a6fd959a2fb7d2.mp3\">http:\/\/conectamedia.s3.amazonaws.com\/3f4954e3f829e435f9a6fd959a2fb7d2.mp3<\/a><\/audio>\n<\/div>\n","protected":false},"excerpt":{"rendered":"<p>Eyzaguirre y Granados hab\u00edan sido invitados en tres oportunidades antes para explicar el error de c\u00e1lculo en el d\u00e9ficit fiscal estructural de 2017, pero en todas se excusaron. Habla: Nicol\u00e1s Eyzaguirre, ex ministro Eugenio Guzm\u00e1n, soci\u00f3logo\u00a0UDD Hern\u00e1n Larra\u00edn Matte, miembro de Evopoli Ignacio Walker, senador Menci\u00f3n: Universidad\u00a0del\u00a0Desarrollo<\/p>\n","protected":false},"author":22,"featured_media":893,"comment_status":"open","ping_status":"open","sticky":false,"template":"","format":"standard","meta":{"footnotes":""},"categories":[10162],"tags":[],"class_list":["post-3451","post","type-post","status-publish","format-standard","has-post-thumbnail","hentry","category-centro-en-la-prensa"],"featured_image_url":"https:\/\/gobierno.udd.cl\/cpp\/files\/2015\/05\/udd_cpp_prensa_340.png","_links":{"self":[{"href":"https:\/\/gobierno.udd.cl\/cpp\/wp-json\/wp\/v2\/posts\/3451","targetHints":{"allow":["GET"]}}],"collection":[{"href":"https:\/\/gobierno.udd.cl\/cpp\/wp-json\/wp\/v2\/posts"}],"about":[{"href":"https:\/\/gobierno.udd.cl\/cpp\/wp-json\/wp\/v2\/types\/post"}],"author":[{"embeddable":true,"href":"https:\/\/gobierno.udd.cl\/cpp\/wp-json\/wp\/v2\/users\/22"}],"replies":[{"embeddable":true,"href":"https:\/\/gobierno.udd.cl\/cpp\/wp-json\/wp\/v2\/comments?post=3451"}],"version-history":[{"count":1,"href":"https:\/\/gobierno.udd.cl\/cpp\/wp-json\/wp\/v2\/posts\/3451\/revisions"}],"predecessor-version":[{"id":3452,"href":"https:\/\/gobierno.udd.cl\/cpp\/wp-json\/wp\/v2\/posts\/3451\/revisions\/3452"}],"wp:featuredmedia":[{"embeddable":true,"href":"https:\/\/gobierno.udd.cl\/cpp\/wp-json\/wp\/v2\/media\/893"}],"wp:attachment":[{"href":"https:\/\/gobierno.udd.cl\/cpp\/wp-json\/wp\/v2\/media?parent=3451"}],"wp:term":[{"taxonomy":"category","embeddable":true,"href":"https:\/\/gobierno.udd.cl\/cpp\/wp-json\/wp\/v2\/categories?post=3451"},{"taxonomy":"post_tag","embeddable":true,"href":"https:\/\/gobierno.udd.cl\/cpp\/wp-json\/wp\/v2\/tags?post=3451"}],"curies":[{"name":"wp","href":"https:\/\/api.w.org\/{rel}","templated":true}]}}