{"id":3447,"date":"2018-05-05T16:40:30","date_gmt":"2018-05-05T19:40:30","guid":{"rendered":"http:\/\/gobierno.udd.cl\/cpp\/?p=3447"},"modified":"2018-05-05T16:41:05","modified_gmt":"2018-05-05T19:41:05","slug":"infracciones-de-autos-en-vias-para-transporte-publico-caen-a-su-nivel-mas-bajo-en-4-anos-el-mercurio-2","status":"publish","type":"post","link":"https:\/\/gobierno.udd.cl\/cpp\/noticias\/2018\/05\/05\/infracciones-de-autos-en-vias-para-transporte-publico-caen-a-su-nivel-mas-bajo-en-4-anos-el-mercurio-2\/","title":{"rendered":"Infracciones de autos en v\u00edas para transporte p\u00fablico caen a su nivel m\u00e1s bajo en 4 a\u00f1os &#8211; El Mercurio"},"content":{"rendered":"<p style=\"text-align: justify;\">Cerca de $47 mil es el costo que tiene para un automovilista transitar por una v\u00eda exclusiva para el Transantiago, una multa que todos quieren evitar. Y seg\u00fan las cifras, al parecer, cada vez m\u00e1s conductores est\u00e1n cumpliendo la norma y evitando la sanci\u00f3n: por ejemplo, en Santa Rosa en 2014 hubo 199.932 infractores detectados por las c\u00e1maras de vigilancia, y el a\u00f1o pasado esa cifra se redujo a 45.563.<\/p>\n<p style=\"text-align: justify;\">Se trata del efecto disuasivo que estar\u00eda teniendo esta tecnolog\u00eda para disminuir el n\u00famero de autom\u00f3viles que transitan por las v\u00edas exclusivas o las pistas solo buses en la capital.<\/p>\n<p style=\"text-align: justify;\">Seg\u00fan datos del Ministerio de Transportes solicitados por \u00abEl Mercurio\u00bb por Ley de Transparencia, el total de infracciones detectadas por c\u00e1maras de televigilancia en 13 pistas priorizadas (exclusivas y solo buses) cay\u00f3 de 661.573 en 2014 (cuando se masificaron las c\u00e1maras) a 395.247 en 2017, es decir, una baja del 40%.<\/p>\n<p style=\"text-align: justify;\">Si bien actualmente hay 16 pistas priorizadas (ver infograf\u00eda), en el an\u00e1lisis se consideraron solo las 13 que han permanecido durante los \u00faltimos cuatro a\u00f1os con c\u00e1maras de vigilancia de manera permanente.<\/p>\n<p style=\"text-align: justify;\">\u00abLa baja sostenida refleja un aprendizaje y un \u00e9xito en el cambio de comportamiento de los automovilistas, lo que ha permitido disminuir los tiempos de viaje de quienes usan diariamente el transporte p\u00fablico\u00bb, dice la ministra de Transportes, Gloria Hutt.<\/p>\n<p style=\"text-align: justify;\"><strong>La tecnolog\u00eda<\/strong><\/p>\n<p style=\"text-align: justify;\">En 2012 se implementaron las primeras c\u00e1maras de vigilancia en las pistas solo buses, 103 en total, y desde ese a\u00f1o a la fecha, se ha ido expandiendo la instalaci\u00f3n a otras zonas donde tambi\u00e9n se encuentran v\u00edas priorizadas del transporte p\u00fablico.<\/p>\n<p style=\"text-align: justify;\">La iniciativa fue concebida en siete etapas y con una meta de 234 kil\u00f3metros de cobertura. La segunda etapa fue en 2014, con la instalaci\u00f3n de otras 158 c\u00e1maras, y en marzo de este a\u00f1o se inici\u00f3 la tercera para aumentar a 80 kil\u00f3metros la vigilancia, con otras 239 herramientas.<\/p>\n<p style=\"text-align: justify;\">Adem\u00e1s, estas se encuentran se\u00f1alizadas y tambi\u00e9n visualizadas en un mapa disponible en la p\u00e1gina web de fiscalizaci\u00f3n del ministerio, que tambi\u00e9n diferencia el tipo de pista.<\/p>\n<p style=\"text-align: justify;\">\u00abLa disminuci\u00f3n de infracciones demuestra que al disponer de herramientas concretas de fiscalizaci\u00f3n se puede avanzar en una mejor distribuci\u00f3n del espacio vial\u00bb, apunta la ministra.<\/p>\n<p style=\"text-align: justify;\"><strong>Cambio de conducta<\/strong><\/p>\n<p style=\"text-align: justify;\">Antes de que las c\u00e1maras se establecieran, los partes a quienes circulaban por las pistas priorizadas para buses eran cursados por carabineros o fiscalizadores del Ministerio de Transportes.<\/p>\n<p style=\"text-align: justify;\">\u00abAntes, esas v\u00edas eran fiscalizadas una o dos veces en la semana y en ciertos horarios, pero con las c\u00e1maras pasa a ser una vigilancia 24\/7\u00bb, sostiene Paula Flores, jefa del programa de fiscalizaci\u00f3n.<\/p>\n<p style=\"text-align: justify;\">Para Alejandro Tirachini, investigador del Departamento de Ingenier\u00eda Civil de la U. de Chile, \u00abse genera un efecto disuasivo, porque la gente sabe que hay c\u00e1maras, por lo que no se mete a esas v\u00edas. Es un modelo exitoso, porque reduce el efecto que tiene la congesti\u00f3n en los buses, y con eso, el tiempo de viaje para quienes usan ese medio de transporte\u00bb.<\/p>\n<p style=\"text-align: justify;\">Otro factor es que la informaci\u00f3n para evitar estas pistas tambi\u00e9n ha mejorado, como apunta Rodrigo Troncoso, investigador de la Facultad de Gobierno de la\u00a0<span class=\"highlight\">U<\/span>.\u00a0<span class=\"highlight\">del<\/span>\u00a0<span class=\"highlight\">Desarrollo<\/span>: \u00abAl principio, aunque existiese la voluntad, era dif\u00edcil seguir la norma, porque no se conoc\u00edan todas las salidas y era complejo evitar estas calles\u00bb. Ahora, sostiene, \u00abest\u00e1 todo mejor informado, tanto en las calles como en las p\u00e1ginas institucionales\u00bb, pero advierte que \u00abser\u00eda prudente hacer una evaluaci\u00f3n de las pistas, y de si se justifican\u00bb.ObjetivoEl ministerio tiene como meta tener una cobertura de 234 kil\u00f3metros de vigilancia.<\/p>\n<p style=\"text-align: justify;\">\u00bbLa disminuci\u00f3n de infracciones demuestra que al disponer de herramientas concretas de fiscalizaci\u00f3n, se puede avanzar en una mejor distribuci\u00f3n del espacio vial\u00bb. GLORIA HUTT Ministra de Transportes<\/p>\n<p style=\"text-align: justify;\">\u00bbLas c\u00e1maras reducen el efecto que tiene la congesti\u00f3n en los buses y con eso el tiempo de viaje para quienes usan ese medio de transporte\u00bb. ALEJANDRO TIRACHINI Investigador de la U. de Chile<\/p>\n<p style=\"text-align: justify;\">\u00bbAntes, esas v\u00edas eran fiscalizadas una o dos veces en la semana y en ciertos horarios, pero con las c\u00e1maras pasa a ser una vigilancia 24\/7&#8243;. PAULA FLORES Jefa de fiscalizaci\u00f3n del ministerio.<\/p>\n<p><a href=\"https:\/\/goo.gl\/PGJQEd\" target=\"_blank\" rel=\"attachment wp-att-3448\"><img loading=\"lazy\" decoding=\"async\" class=\"size-medium wp-image-3448 aligncenter\" src=\"http:\/\/gobierno.udd.cl\/cpp\/files\/2018\/05\/4dd0606bc19f8a73784a7921de3d042e-128x300.jpg\" alt=\"4dd0606bc19f8a73784a7921de3d042e\" width=\"128\" height=\"300\" srcset=\"https:\/\/gobierno.udd.cl\/cpp\/files\/2018\/05\/4dd0606bc19f8a73784a7921de3d042e-128x300.jpg 128w, https:\/\/gobierno.udd.cl\/cpp\/files\/2018\/05\/4dd0606bc19f8a73784a7921de3d042e-768x1797.jpg 768w, https:\/\/gobierno.udd.cl\/cpp\/files\/2018\/05\/4dd0606bc19f8a73784a7921de3d042e-438x1024.jpg 438w, https:\/\/gobierno.udd.cl\/cpp\/files\/2018\/05\/4dd0606bc19f8a73784a7921de3d042e-410x960.jpg 410w, https:\/\/gobierno.udd.cl\/cpp\/files\/2018\/05\/4dd0606bc19f8a73784a7921de3d042e.jpg 1400w\" sizes=\"auto, (max-width: 128px) 100vw, 128px\" \/><\/a><\/p>\n","protected":false},"excerpt":{"rendered":"<p>Datos del Ministerio de Transportes muestran que en 2014 hubo un total de 661.573 conductores que desobedecieron la norma en 13 pistas, mientras que el a\u00f1o pasado, en las mismas calles, hubo 395.247.<\/p>\n","protected":false},"author":22,"featured_media":893,"comment_status":"open","ping_status":"open","sticky":false,"template":"","format":"standard","meta":{"footnotes":""},"categories":[10162],"tags":[],"class_list":["post-3447","post","type-post","status-publish","format-standard","has-post-thumbnail","hentry","category-centro-en-la-prensa"],"featured_image_url":"https:\/\/gobierno.udd.cl\/cpp\/files\/2015\/05\/udd_cpp_prensa_340.png","_links":{"self":[{"href":"https:\/\/gobierno.udd.cl\/cpp\/wp-json\/wp\/v2\/posts\/3447","targetHints":{"allow":["GET"]}}],"collection":[{"href":"https:\/\/gobierno.udd.cl\/cpp\/wp-json\/wp\/v2\/posts"}],"about":[{"href":"https:\/\/gobierno.udd.cl\/cpp\/wp-json\/wp\/v2\/types\/post"}],"author":[{"embeddable":true,"href":"https:\/\/gobierno.udd.cl\/cpp\/wp-json\/wp\/v2\/users\/22"}],"replies":[{"embeddable":true,"href":"https:\/\/gobierno.udd.cl\/cpp\/wp-json\/wp\/v2\/comments?post=3447"}],"version-history":[{"count":2,"href":"https:\/\/gobierno.udd.cl\/cpp\/wp-json\/wp\/v2\/posts\/3447\/revisions"}],"predecessor-version":[{"id":3450,"href":"https:\/\/gobierno.udd.cl\/cpp\/wp-json\/wp\/v2\/posts\/3447\/revisions\/3450"}],"wp:featuredmedia":[{"embeddable":true,"href":"https:\/\/gobierno.udd.cl\/cpp\/wp-json\/wp\/v2\/media\/893"}],"wp:attachment":[{"href":"https:\/\/gobierno.udd.cl\/cpp\/wp-json\/wp\/v2\/media?parent=3447"}],"wp:term":[{"taxonomy":"category","embeddable":true,"href":"https:\/\/gobierno.udd.cl\/cpp\/wp-json\/wp\/v2\/categories?post=3447"},{"taxonomy":"post_tag","embeddable":true,"href":"https:\/\/gobierno.udd.cl\/cpp\/wp-json\/wp\/v2\/tags?post=3447"}],"curies":[{"name":"wp","href":"https:\/\/api.w.org\/{rel}","templated":true}]}}