{"id":3409,"date":"2018-04-25T23:22:06","date_gmt":"2018-04-26T02:22:06","guid":{"rendered":"http:\/\/gobierno.udd.cl\/cpp\/?p=3409"},"modified":"2018-04-25T23:23:29","modified_gmt":"2018-04-26T02:23:29","slug":"documento-cpp-analisis-n26-enero-caracterizacion-de-la-calidad-de-vida-en-la-vejez-en-chile-1990-y-2015-por-carolina-padilla-mauricio-apablaza","status":"publish","type":"post","link":"https:\/\/gobierno.udd.cl\/cpp\/noticias\/2018\/04\/25\/documento-cpp-analisis-n26-enero-caracterizacion-de-la-calidad-de-vida-en-la-vejez-en-chile-1990-y-2015-por-carolina-padilla-mauricio-apablaza\/","title":{"rendered":"Documento CPP An\u00e1lisis N\u00b026 \u2013 Febrero: \u201cLecciones para el Impuesto al Carbono en Chile en base al caso Austrialiano\u00bb por Vittorio Frazzoni"},"content":{"rendered":"<p style=\"text-align: justify;\"><em>* Este documento se basa en el trabajo de investigaci\u00f3n para la tesina de Mag\u00edster de Pol\u00edticas P\u00fablicas en la Universidad del Desarrollo, dirigida por el profesor Juan Pablo Couyoumdjian.<\/em><\/p>\n<p style=\"text-align: justify;\"><strong>Resumen.<\/strong><\/p>\n<p style=\"text-align: justify;\">El presente documento analiza el caso australiano de implementaci\u00f3n de un impuesto al carbono (en 2011-2012), haciendo especial \u00e9nfasis en el an\u00e1lisis del proceso de las pol\u00edticas p\u00fablicas e identificando los principales factores que contribuyeron a su fracaso (en 2014). Posteriormente, se plantea el caso chileno de impuesto al carbono (en la reforma tributaria de 2014), sugiri\u00e9ndose que existen potenciales lecciones para nuestro pa\u00eds a partir de la experiencia australiana.<\/p>\n<p style=\"text-align: justify;\">Se ha utilizado el m\u00e9todo comparado porque permite \u201crealizar una comparaci\u00f3n entre los principales elementos (constantes, variables y relaciones) de la realidad que se investiga con los de otras realidades similares ya conocidas\u201d\u00a0(Calduch Cervera, 2014, p\u00e1g. 77). Se pone especial \u00e9nfasis en el an\u00e1lisis del proceso de la pol\u00edtica p\u00fablica y sus distintas actividades, desde la identificaci\u00f3n del problema hasta la obtenci\u00f3n de los resultados. De acuerdo con Meny y Thoenig (1992), las cinco fases dentro del an\u00e1lisis del proceso de las pol\u00edticas ser\u00edan: la identificaci\u00f3n del problema, la formulaci\u00f3n de soluciones, la toma de decisi\u00f3n, la ejecuci\u00f3n del programa y la terminaci\u00f3n de la acci\u00f3n (p. 105). Diversos autores han propuesto mecanismos y claves anal\u00edticas similares, coincidiendo todas ellas en el planteamiento de un m\u00e9todo de an\u00e1lisis estructurado pero simple (Olavarr\u00eda Gambi, 2007-12), cuyo inicio es el planteamiento del problema y su final son los resultados, estando abierta la posibilidad de que se produzca retroalimentaci\u00f3n y reformulaci\u00f3n del problema.<\/p>\n<p style=\"text-align: justify;\">Del an\u00e1lisis del caso australiano es posible observar semejanzas con su contraparte chilena, lo que permite generalizar resultados y plantear recomendaciones en materia de impuestos verdes. Si bien los impuestos al carbono no se presentan como una soluci\u00f3n infalible a los desaf\u00edos que surgen del cambio clim\u00e1tico y del modelo de desarrollo actual, un correcto proceso de decisi\u00f3n pol\u00edtica permitir\u00eda que se produzcan avances no solo institucionales y de promoci\u00f3n de tecnolog\u00edas nuevas y limpias, sino tambi\u00e9n la reducci\u00f3n efectiva de gases de efecto invernadero y el mejoramiento de la calidad de vida.<\/p>\n<p style=\"text-align: justify;\">Para revisar el documento completo ver <strong><a href=\"http:\/\/gobierno.udd.cl\/cpp\/files\/2018\/04\/Analisis_26_CPP_1.pdf\" rel=\"\">An\u00e1lisis_N\u00b026<\/a>.<\/strong><\/p>\n","protected":false},"excerpt":{"rendered":"<p>* Este documento se basa en el trabajo de investigaci\u00f3n para la tesina de Mag\u00edster de Pol\u00edticas P\u00fablicas en la Universidad del Desarrollo, dirigida por el profesor Juan Pablo Couyoumdjian. Resumen. El presente documento analiza el caso australiano de implementaci\u00f3n de un impuesto al carbono (en 2011-2012), haciendo especial \u00e9nfasis en el an\u00e1lisis del proceso [&hellip;]<\/p>\n","protected":false},"author":22,"featured_media":2863,"comment_status":"open","ping_status":"open","sticky":false,"template":"","format":"standard","meta":{"footnotes":""},"categories":[11832,4],"tags":[],"class_list":["post-3409","post","type-post","status-publish","format-standard","has-post-thumbnail","hentry","category-analisis-centro-de-politicas-publicas","category-noticias"],"featured_image_url":"https:\/\/gobierno.udd.cl\/cpp\/files\/2017\/04\/analisis2.png","_links":{"self":[{"href":"https:\/\/gobierno.udd.cl\/cpp\/wp-json\/wp\/v2\/posts\/3409","targetHints":{"allow":["GET"]}}],"collection":[{"href":"https:\/\/gobierno.udd.cl\/cpp\/wp-json\/wp\/v2\/posts"}],"about":[{"href":"https:\/\/gobierno.udd.cl\/cpp\/wp-json\/wp\/v2\/types\/post"}],"author":[{"embeddable":true,"href":"https:\/\/gobierno.udd.cl\/cpp\/wp-json\/wp\/v2\/users\/22"}],"replies":[{"embeddable":true,"href":"https:\/\/gobierno.udd.cl\/cpp\/wp-json\/wp\/v2\/comments?post=3409"}],"version-history":[{"count":3,"href":"https:\/\/gobierno.udd.cl\/cpp\/wp-json\/wp\/v2\/posts\/3409\/revisions"}],"predecessor-version":[{"id":3413,"href":"https:\/\/gobierno.udd.cl\/cpp\/wp-json\/wp\/v2\/posts\/3409\/revisions\/3413"}],"wp:featuredmedia":[{"embeddable":true,"href":"https:\/\/gobierno.udd.cl\/cpp\/wp-json\/wp\/v2\/media\/2863"}],"wp:attachment":[{"href":"https:\/\/gobierno.udd.cl\/cpp\/wp-json\/wp\/v2\/media?parent=3409"}],"wp:term":[{"taxonomy":"category","embeddable":true,"href":"https:\/\/gobierno.udd.cl\/cpp\/wp-json\/wp\/v2\/categories?post=3409"},{"taxonomy":"post_tag","embeddable":true,"href":"https:\/\/gobierno.udd.cl\/cpp\/wp-json\/wp\/v2\/tags?post=3409"}],"curies":[{"name":"wp","href":"https:\/\/api.w.org\/{rel}","templated":true}]}}