{"id":3390,"date":"2018-04-10T23:19:33","date_gmt":"2018-04-11T02:19:33","guid":{"rendered":"http:\/\/gobierno.udd.cl\/cpp\/?p=3390"},"modified":"2018-04-10T23:19:33","modified_gmt":"2018-04-11T02:19:33","slug":"cristobal-leturia-asume-como-nuevo-gerente-general-de-sercotec-araucania-noticias","status":"publish","type":"post","link":"https:\/\/gobierno.udd.cl\/cpp\/noticias\/2018\/04\/10\/cristobal-leturia-asume-como-nuevo-gerente-general-de-sercotec-araucania-noticias\/","title":{"rendered":"Crist\u00f3bal Leturia asume como nuevo gerente general de Sercotec &#8211; Araucan\u00eda Noticias"},"content":{"rendered":"<div class=\"col-md-6\">\n<p style=\"text-align: justify;\">El Servicio de Cooperaci\u00f3n T\u00e9cnica, Sercotec, dependiente del Ministerio de Econom\u00eda, Fomento y Turismo, informa que el ingeniero civil de la Universidad de Chile y Mag\u00edster de Pol\u00edticas P\u00fablicas de la\u00a0<span class=\"highlight\">UDD<\/span>, Crist\u00f3bal Leturia, asume como nuevo gerente general de la entidad.<br \/>\nLa autoridad asume su tarea, luego de que el Directorio de Sercotec aprobara de forma un\u00e1nime el nombre propuesto por el ministro de Econom\u00eda, Fomento y Turismo, Jos\u00e9 Ram\u00f3n Valente.<br \/>\nEl profesional de 38 a\u00f1os, se desempe\u00f1aba hasta la fecha como socio y gerente general de RELMO Consultor\u00edas, firma dedicada a proveer de apoyo y capacitaciones a las empresas en temas organizacionales.<br \/>\nAdem\u00e1s, Leturia cuenta con experiencia en entidades internacionales. Entre 2012 y 2013, trabaj\u00f3 como especialista de Desarrollo Integral de la Organizaci\u00f3n de Estados Americanos (OEA) en Washington DC, EE.UU.<br \/>\nAsimismo, el nuevo gerente general de Sercotec particip\u00f3 en la administraci\u00f3n anterior del Presidente Pi\u00f1era. Entre 2010-2011 fue Jefe de Divisi\u00f3n de Desarrollo Regional del Ministerio del Interior. En dicho cargo fue responsable de la correcta y oportuna inversi\u00f3n del Fondo Nacional de Desarrollo Regional por parte de los diversos gobiernos regionales a lo largo del pa\u00eds.<br \/>\n\u201cQueremos ser una instituci\u00f3n que ayude a las personas a concretar sus ideas y que los emprendedores puedan crecer a\u00fan m\u00e1s. Para esto, vamos a fortalecer nuestros centros de negocios y a desburocratizar los programas para facilitar a los emprendedores su postulaci\u00f3n, entre otras medidas\u201d, recalc\u00f3 Leturia tras su nombramiento.<br \/>\nPor su parte, el ministro de Econom\u00eda, Jos\u00e9 Ram\u00f3n Valente, destac\u00f3 el nombramiento de Crist\u00f3bal Leturia y afirm\u00f3 que \u201ctiene todas las capacidades y la experiencia como para hacer una muy buena gesti\u00f3n en una instituci\u00f3n que es importante para el desarrollo de las regiones y los emprendedores del pa\u00eds\u201d.<br \/>\nEl subsecretario de Econom\u00eda y Empresas de Menor Tama\u00f1o, Ignacio Guerrero, valor\u00f3 la nueva designaci\u00f3n y sostuvo que \u201cya nos pusimos a trabajar para potenciar y fomentar el trabajo de los emprendedores y pymes de todo Chile\u201d.<br \/>\nSubray\u00f3 que \u201clas regiones y sus emprendedores son prioridad para la cartera y nos abocaremos junto a Sercotec en trabajar por ellas\u201d.<br \/>\nEl Servicio de Cooperaci\u00f3n T\u00e9cnica, Sercotec, es una instituci\u00f3n del Estado, cuya misi\u00f3n es promover el desarrollo de las micro y peque\u00f1as empresas y fortalecer la capacidad de gesti\u00f3n de sus empresarios.<\/p>\n<p><a href=\"https:\/\/goo.gl\/jwXrD4\" target=\"_blank\" rel=\"attachment wp-att-3391\"><img loading=\"lazy\" decoding=\"async\" class=\"size-medium wp-image-3391 aligncenter\" src=\"http:\/\/gobierno.udd.cl\/cpp\/files\/2018\/04\/ea0d68bd852ffe35f2595341acdbe3a0-127x300.jpg\" alt=\"ea0d68bd852ffe35f2595341acdbe3a0\" width=\"127\" height=\"300\" srcset=\"https:\/\/gobierno.udd.cl\/cpp\/files\/2018\/04\/ea0d68bd852ffe35f2595341acdbe3a0-127x300.jpg 127w, https:\/\/gobierno.udd.cl\/cpp\/files\/2018\/04\/ea0d68bd852ffe35f2595341acdbe3a0-768x1809.jpg 768w, https:\/\/gobierno.udd.cl\/cpp\/files\/2018\/04\/ea0d68bd852ffe35f2595341acdbe3a0-435x1024.jpg 435w, https:\/\/gobierno.udd.cl\/cpp\/files\/2018\/04\/ea0d68bd852ffe35f2595341acdbe3a0-408x960.jpg 408w, https:\/\/gobierno.udd.cl\/cpp\/files\/2018\/04\/ea0d68bd852ffe35f2595341acdbe3a0.jpg 1400w\" sizes=\"auto, (max-width: 127px) 100vw, 127px\" \/><\/a><\/p>\n<\/div>\n","protected":false},"excerpt":{"rendered":"<p>El ingeniero civil de la Universidad de Chile liderar\u00e1 la instituci\u00f3n encargada de promover el desarrollo de las micro y peque\u00f1as empresas.<\/p>\n","protected":false},"author":22,"featured_media":893,"comment_status":"open","ping_status":"open","sticky":false,"template":"","format":"standard","meta":{"footnotes":""},"categories":[10162],"tags":[],"class_list":["post-3390","post","type-post","status-publish","format-standard","has-post-thumbnail","hentry","category-centro-en-la-prensa"],"featured_image_url":"https:\/\/gobierno.udd.cl\/cpp\/files\/2015\/05\/udd_cpp_prensa_340.png","_links":{"self":[{"href":"https:\/\/gobierno.udd.cl\/cpp\/wp-json\/wp\/v2\/posts\/3390","targetHints":{"allow":["GET"]}}],"collection":[{"href":"https:\/\/gobierno.udd.cl\/cpp\/wp-json\/wp\/v2\/posts"}],"about":[{"href":"https:\/\/gobierno.udd.cl\/cpp\/wp-json\/wp\/v2\/types\/post"}],"author":[{"embeddable":true,"href":"https:\/\/gobierno.udd.cl\/cpp\/wp-json\/wp\/v2\/users\/22"}],"replies":[{"embeddable":true,"href":"https:\/\/gobierno.udd.cl\/cpp\/wp-json\/wp\/v2\/comments?post=3390"}],"version-history":[{"count":1,"href":"https:\/\/gobierno.udd.cl\/cpp\/wp-json\/wp\/v2\/posts\/3390\/revisions"}],"predecessor-version":[{"id":3392,"href":"https:\/\/gobierno.udd.cl\/cpp\/wp-json\/wp\/v2\/posts\/3390\/revisions\/3392"}],"wp:featuredmedia":[{"embeddable":true,"href":"https:\/\/gobierno.udd.cl\/cpp\/wp-json\/wp\/v2\/media\/893"}],"wp:attachment":[{"href":"https:\/\/gobierno.udd.cl\/cpp\/wp-json\/wp\/v2\/media?parent=3390"}],"wp:term":[{"taxonomy":"category","embeddable":true,"href":"https:\/\/gobierno.udd.cl\/cpp\/wp-json\/wp\/v2\/categories?post=3390"},{"taxonomy":"post_tag","embeddable":true,"href":"https:\/\/gobierno.udd.cl\/cpp\/wp-json\/wp\/v2\/tags?post=3390"}],"curies":[{"name":"wp","href":"https:\/\/api.w.org\/{rel}","templated":true}]}}