{"id":3375,"date":"2018-04-04T01:30:03","date_gmt":"2018-04-04T04:30:03","guid":{"rendered":"http:\/\/gobierno.udd.cl\/cpp\/?p=3375"},"modified":"2018-04-04T01:30:14","modified_gmt":"2018-04-04T04:30:14","slug":"eugenio-guzman-%ef%bb%bffin-de-marzo-la-tercera","status":"publish","type":"post","link":"https:\/\/gobierno.udd.cl\/cpp\/noticias\/2018\/04\/04\/eugenio-guzman-%ef%bb%bffin-de-marzo-la-tercera\/","title":{"rendered":"Eugenio Guzm\u00e1n: \ufeffFin de marzo &#8211; La Tercera"},"content":{"rendered":"<p style=\"text-align: justify;\">Es final de mes y no son pocos los que se a los tan a realizar evaluaciones. Despu\u00e9s de todo, el dinamismo de la pol\u00edtica obliga a medios y analistas a leer con suspicacia, cr\u00edtica e ingenio lo que en ella ocurren de ese modo captar la atenci\u00f3n del p\u00fablico. Un escena rio calmo no es muy atractivo; peor a\u00fan, termina por ser Invadido por otras dimensiones de la vida cotidiana cuya lectura pol\u00edtica es m\u00e1s compleja. No obstante, la verdad es que solo es un mes.<\/p>\n<p style=\"text-align: justify;\">Ahora bien, no cabe duda de que en las \u00faltimas dos semanas distintos temas han irrumpido en la agenda: el debate sobre la Ley de Identidad de G\u00e9nero, La Haya, el protocolo sobre Ley de Aborto y, recientemente, el fallo del Tribunal Constitucional (TC). En todos estos casos la oposici\u00f3n ha estado buscando una f\u00f3rmula para aglutinar sus esfuerzos y de ese modo dejar de lado sus diferencias y disputas por hegemonizar el sector. Pero, la verdad sea dicha, los hechos no parecen tan n\u00edtidos. En el caso del protocolo de la Ley de Aborto, que permite que las instituciones que se declaran objetoras de conciencia puedan mantener convenios con el Estado para atender a sus pacientes, no parece ser un foco que ayuda a aglutinar a todo el sector, las diferencias subsisten y m\u00e1s bien acercan t\u00e1cticamente al Frente Amplio y el PC, intentando instalar una posverdad respecto del tema. El problema es c\u00f3mo se les explicar\u00eda a los miles de pacientes que se atienden en dichas instituciones por otros motivos, quede ahora en adelante no podr\u00e1n hacerlo porque el protocolo de aborto obliga a cancelar los recursos para su atenci\u00f3n.<\/p>\n<p style=\"text-align: justify;\">Por su parte, la Ley de Identidad de G\u00e9nero no es un tema,pues solo parece generar discrepancias entre sectores liberales, conservadores y pragm\u00e1ticos de gobierno, y por lo tanto no es un motivo que suscite adrenalina. De m\u00e1s est\u00e1 decir que era inevitable, puesto que las presiones del mundo conservador en esta materia deb\u00edan materializarse de alg\u00fan modo.<\/p>\n<p style=\"text-align: justify;\">Finalmente, en el caso del fallo del TC ciertamente se abre una posibilidad de frente com\u00fan, en la medida que se revive la \u201ccuesti\u00f3n del lucro\u201d. Y aunque el fallo no abre la posibilidad de que las instituciones de educaci\u00f3n superior puedan hacerlo, pues est\u00e1 prohibido y existen diversos mecanismos para fiscal izarlo, instalar otra posverdad se hace imperioso: ahora las instituciones de educaci\u00f3n superior podr\u00e1n lucrar. Perohayun problema: el enemigo es el TC. El enemigo es Armanet, que arriesga ser expulsada del PPD por pensar distinto en una sola materia. El enemigo es el gobierno anterior, que al parecer no previ\u00f3 situaciones como estas y que solo buscaba excluir con nombre y apellido a dos universidades, que no atienden precisamente a la \u00e9lite econ\u00f3mica del pa\u00eds, y en las que sus miles de estudiantes ser\u00edan excluidos de la gratuidad. En buenas cuentas el enemigo no es el gobierno. No obstante, la consigna del lucro es poderosa. Luego, el objetivo de los sectores de izquierda ser\u00e1 el de asociar dos Ideas: que el fa lio amenaza la gra tu \u00a1dad y que el gobierno la ampara a menos que se tomen medidas al respecto.<\/p>\n<p style=\"text-align: justify;\"><a href=\"https:\/\/goo.gl\/ZYW6dP\" rel=\"attachment wp-att-3376\"><img loading=\"lazy\" decoding=\"async\" class=\"aligncenter size-medium wp-image-3376\" src=\"http:\/\/gobierno.udd.cl\/cpp\/files\/2018\/04\/66eb19e617e7dce85adfe9a8a56500d1-206x300.jpg\" alt=\"66eb19e617e7dce85adfe9a8a56500d1\" width=\"206\" height=\"300\" srcset=\"https:\/\/gobierno.udd.cl\/cpp\/files\/2018\/04\/66eb19e617e7dce85adfe9a8a56500d1-206x300.jpg 206w, https:\/\/gobierno.udd.cl\/cpp\/files\/2018\/04\/66eb19e617e7dce85adfe9a8a56500d1-768x1119.jpg 768w, https:\/\/gobierno.udd.cl\/cpp\/files\/2018\/04\/66eb19e617e7dce85adfe9a8a56500d1-703x1024.jpg 703w, https:\/\/gobierno.udd.cl\/cpp\/files\/2018\/04\/66eb19e617e7dce85adfe9a8a56500d1-659x960.jpg 659w, https:\/\/gobierno.udd.cl\/cpp\/files\/2018\/04\/66eb19e617e7dce85adfe9a8a56500d1.jpg 1131w\" sizes=\"auto, (max-width: 206px) 100vw, 206px\" \/><\/a><\/p>\n","protected":false},"excerpt":{"rendered":"<p>Es final de mes y no son pocos los que se a los tan a realizar evaluaciones. Despu\u00e9s de todo, el dinamismo de la pol\u00edtica obliga a medios y analistas a leer con suspicacia, cr\u00edtica e ingenio lo que en ella ocurren de ese modo captar la atenci\u00f3n del p\u00fablico. Un escena rio calmo no [&hellip;]<\/p>\n","protected":false},"author":22,"featured_media":417,"comment_status":"open","ping_status":"open","sticky":false,"template":"","format":"standard","meta":{"footnotes":""},"categories":[5095],"tags":[],"class_list":["post-3375","post","type-post","status-publish","format-standard","has-post-thumbnail","hentry","category-columnas-de-opinion"],"featured_image_url":"https:\/\/gobierno.udd.cl\/cpp\/files\/2014\/12\/EUGENIO2.png","_links":{"self":[{"href":"https:\/\/gobierno.udd.cl\/cpp\/wp-json\/wp\/v2\/posts\/3375","targetHints":{"allow":["GET"]}}],"collection":[{"href":"https:\/\/gobierno.udd.cl\/cpp\/wp-json\/wp\/v2\/posts"}],"about":[{"href":"https:\/\/gobierno.udd.cl\/cpp\/wp-json\/wp\/v2\/types\/post"}],"author":[{"embeddable":true,"href":"https:\/\/gobierno.udd.cl\/cpp\/wp-json\/wp\/v2\/users\/22"}],"replies":[{"embeddable":true,"href":"https:\/\/gobierno.udd.cl\/cpp\/wp-json\/wp\/v2\/comments?post=3375"}],"version-history":[{"count":2,"href":"https:\/\/gobierno.udd.cl\/cpp\/wp-json\/wp\/v2\/posts\/3375\/revisions"}],"predecessor-version":[{"id":3378,"href":"https:\/\/gobierno.udd.cl\/cpp\/wp-json\/wp\/v2\/posts\/3375\/revisions\/3378"}],"wp:featuredmedia":[{"embeddable":true,"href":"https:\/\/gobierno.udd.cl\/cpp\/wp-json\/wp\/v2\/media\/417"}],"wp:attachment":[{"href":"https:\/\/gobierno.udd.cl\/cpp\/wp-json\/wp\/v2\/media?parent=3375"}],"wp:term":[{"taxonomy":"category","embeddable":true,"href":"https:\/\/gobierno.udd.cl\/cpp\/wp-json\/wp\/v2\/categories?post=3375"},{"taxonomy":"post_tag","embeddable":true,"href":"https:\/\/gobierno.udd.cl\/cpp\/wp-json\/wp\/v2\/tags?post=3375"}],"curies":[{"name":"wp","href":"https:\/\/api.w.org\/{rel}","templated":true}]}}