{"id":3369,"date":"2018-04-04T00:45:29","date_gmt":"2018-04-04T03:45:29","guid":{"rendered":"http:\/\/gobierno.udd.cl\/cpp\/?p=3369"},"modified":"2018-04-04T00:45:29","modified_gmt":"2018-04-04T03:45:29","slug":"un-proceso-complejo-pero-inevitable-tras-la-derrota-la-lenta-reconfiguracion-de-la-ex-nueva-mayoria-el-mercurio","status":"publish","type":"post","link":"https:\/\/gobierno.udd.cl\/cpp\/noticias\/2018\/04\/04\/un-proceso-complejo-pero-inevitable-tras-la-derrota-la-lenta-reconfiguracion-de-la-ex-nueva-mayoria-el-mercurio\/","title":{"rendered":"Un proceso complejo pero inevitable tras la derrota: La lenta reconfiguraci\u00f3n de la ex Nueva Mayor\u00eda &#8211; El Mercurio"},"content":{"rendered":"<p style=\"text-align: justify;\">SANTIAGO.- Tres reuniones conjuntas han realizado <b>las directivas del PS, PPD, PR y PC<\/b> tras abandonar el Gobierno, luego de la dolorosa derrota del candidato presidencial Alejandro Guillier a manos del Presidente Sebasti\u00e1n Pi\u00f1era, en las cuales han intentado esbozar un incipiente camino de reorganizaci\u00f3n <b>en medio del duro fracaso de la Nueva Mayor\u00eda<\/b>.<\/p>\n<p style=\"text-align: justify;\">La irrupci\u00f3n del Frente Amplio, la ausencia de la DC y la realizaci\u00f3n de la autocr\u00edtica tras los comicios presidenciales y parlamentarios son solo algunas de las preocupaciones del bloque, el cual ahora se enfrentar\u00e1 a un Mandatario empoderado tras el resultado electoral y con \u00e1nimos de reformular parte importante del legado de Michelle Bachelet.<\/p>\n<p style=\"text-align: justify;\">Ante esas realidades, <b>los partidos ya acordaron generar un c\u00f3nclave para esta semana<\/b>, en el cual abordar\u00e1n el llamado al di\u00e1logo del Ejecutivo. Sin embargo, esa definici\u00f3n y otras que tendr\u00e1n que adoptar durante el primer semestre estar\u00e1n sujetas a revisi\u00f3n, debido a la conformaci\u00f3n de las nuevas directivas y las definiciones program\u00e1ticas que se aproximan.<\/p>\n<p style=\"text-align: justify;\">Sin ir m\u00e1s all\u00e1, la DC tendr\u00e1 un Consejo Nacional Ampliado el 7 de abril y elecciones el 27 de mayo. El PPD program\u00f3 un consejo general para el 5 de mayo y har\u00e1 elecci\u00f3n de directiva el 10 de junio; y el PR desarrollar\u00e1 un Consejo General el 14 de abril, que ser\u00e1 la antesala de la renovaci\u00f3n de la mesa el 29 de julio.<\/p>\n<p style=\"text-align: justify;\">En medio de esa realidad <b>se avizora una lenta reconfiguraci\u00f3n de la oposici\u00f3n<\/b>, la cual a juicio de los expertos ser\u00e1 dif\u00edcil pero ineludible. \u00abHay una autocr\u00edtica y una evaluaci\u00f3n de lo que fue el gobierno de Michelle Bachelet y lo que fue sobre todo la derrota electoral, que es algo que a la larga es inevitable\u00bb, dijo a <b>Emol<\/b> el <b>analista pol\u00edtico Max Colodro<\/b>.<\/p>\n<p style=\"text-align: justify;\">A juicio del Director del Mag\u00edster en Comunicaci\u00f3n Pol\u00edtica en la U. Adolfo Iba\u00f1ez, \u00abahora el liderazgo de Bachelet no es un paraguas que logre contener esta necesaria autocritica. Creo que la reorganizaci\u00f3n de la centroizquierda va a ser un proceso lento, dif\u00edcil, y se van a demorar en ir constituyendo una base de acuerdos y de convergencias hacia adelante\u00bb.<\/p>\n<p style=\"text-align: justify;\">En la misma l\u00ednea, el <b>director del Programa de Opini\u00f3n P\u00fablica de la UDD, Gonzalo M\u00fcller<\/b>, advirti\u00f3 que \u00abhay una pregunta que tienen que responderse, que es dura y tiene que ir a las causas profundas de su derrota. Entonces, mientras no encuentren la respuesta a esa pregunta yo creo que les va a ser muy dif\u00edcil asumir un rol de liderazgo en la oposici\u00f3n\u00bb.<\/p>\n<p style=\"text-align: justify;\">Una visi\u00f3n m\u00e1s positiva plante\u00f3 la <b>Directora Ejecutiva de la Fundaci\u00f3n Chile 21, Gloria de la Fuente<\/b>, quien destaca que \u00abyo creo que est\u00e1n pasando cosas y se est\u00e1n generando los debates. En ese sentido, incluso para situaciones s\u00faper traum\u00e1ticas como la derrota presidencial, es una buena noticia que se empiecen a generar discusiones\u00bb.<\/p>\n<p style=\"text-align: justify;\">Seg\u00fan la cientista pol\u00edtica, dicho debate debe hacerse \u00abcon la cabeza m\u00e1s fr\u00eda y pensando en reconstruir y no solo en recriminar. No me parece bueno poner la discusi\u00f3n respecto a las candidaturas presidenciales antes de la definici\u00f3n de la pol\u00edtica de alianza o la identidad de la coalici\u00f3n, porque de alguna manera se distorsiona el debate\u00bb, indic\u00f3.<br \/>\n<strong>Los desaf\u00edos ante los primeros meses de Pi\u00f1era<\/strong><\/p>\n<p style=\"text-align: justify;\">Consultado sobre si es bueno o malo que los partidos de la ex Nueva Mayor\u00eda se tomen casi seis meses en tomar posiciones, Colodro coment\u00f3 que \u00ab<b>no es ni bueno ni malo, yo creo que es inevitable<\/b> simplemente. Habla del grado de deterioro y de fracaso que implic\u00f3 para la centroizquierda el gobierno de Bachelet\u00bb.<\/p>\n<p style=\"text-align: justify;\">En tanto, M\u00fcller asegur\u00f3 que \u00abno es bueno, porque mientras m\u00e1s se demoren m\u00e1s dif\u00edcil es recuperar el espacio pol\u00edtico, pero finalmente lo lento o r\u00e1pido depende de si est\u00e1n dispuestos a asumir esas causas de la derrota y ver c\u00f3mo se revierten. <b>Querer obviarlo les puede terminar haciendo mucho m\u00e1s da\u00f1o<\/b>\u00ab.<\/p>\n<p style=\"text-align: justify;\">En cuanto a hacia d\u00f3nde debiera apuntar el bloque en este semestre, De la Fuente indic\u00f3 que deben tener \u00abuna discusi\u00f3n de identidad no solamente con la experiencia del gobierno, sino que mirando m\u00e1s hacia atr\u00e1s. C\u00f3mo se genera una l\u00ednea coherente de interpretaci\u00f3n que involucre a los gobiernos de la Concertaci\u00f3n y lo que termin\u00f3 siendo la Nueva Mayor\u00eda\u00bb.<\/p>\n<p style=\"text-align: justify;\">Seg\u00fan Colodro, la centroizquierda debe constatar \u00absi existen todav\u00eda elementos comunes no solo de c\u00f3mo enfrentar a Sebasti\u00e1n Pi\u00f1era y de c\u00f3mo ejercer el rol oposici\u00f3n, sino que fundamentalmente de ser capaces de reconstruir un proyecto pol\u00edtico hacia adelante que pueda representar una alternativa a lo que es hoy el Gobierno y Chile Vamos\u00bb.<\/p>\n<p style=\"text-align: justify;\">\u00ab<b>El gran desaf\u00edo de la centroizquierda es ver si existen elementos comunes<\/b>, si esta heterogeneidad que se expres\u00f3 con mucha fuerza en el deterioro de lo que fue la Nueva Mayor\u00eda es algo que puede resolverse o si inevitablemente van a tener que emprender proyectos y caminos distintos no m\u00e1s\u00bb, afirm\u00f3.<\/p>\n<p style=\"text-align: justify;\">Finalmente, M\u00fcller recomienda que \u00abprimero deben poner orden interno y los partidos est\u00e1n en eso, tener directivas capaces de tener alguna coordinaci\u00f3n pol\u00edtica. Despu\u00e9s ver si est\u00e1n dispuestos o no a sumarse a lo que el PS les ray\u00f3 como camino en una alianza con el Frente Amplio\u00bb.<\/p>\n<p style=\"text-align: justify;\">\u00abVan a pasar por un trance donde no estando claro el orden interno y qu\u00e9 liderazgos van a haber dentro de los partidos obviamente eso les pone m\u00e1s dif\u00edcil lograr hacer frente al nuevo Gobierno, o establecer ciertos di\u00e1logos, porque finalmente el Gobierno dice con qui\u00e9n me siento a dialogar\u00bb, concluy\u00f3.<\/p>\n<p style=\"text-align: justify;\">Ver nota publicada: <a href=\"https:\/\/goo.gl\/8ZHwcb\" target=\"_blank\">https:\/\/goo.gl\/8ZHwcb<\/a><\/p>\n","protected":false},"excerpt":{"rendered":"<p>SANTIAGO.- Tres reuniones conjuntas han realizado las directivas del PS, PPD, PR y PC tras abandonar el Gobierno, luego de la dolorosa derrota del candidato presidencial Alejandro Guillier a manos del Presidente Sebasti\u00e1n Pi\u00f1era, en las cuales han intentado esbozar un incipiente camino de reorganizaci\u00f3n en medio del duro fracaso de la Nueva Mayor\u00eda. La [&hellip;]<\/p>\n","protected":false},"author":22,"featured_media":893,"comment_status":"open","ping_status":"open","sticky":false,"template":"","format":"standard","meta":{"footnotes":""},"categories":[10162],"tags":[],"class_list":["post-3369","post","type-post","status-publish","format-standard","has-post-thumbnail","hentry","category-centro-en-la-prensa"],"featured_image_url":"https:\/\/gobierno.udd.cl\/cpp\/files\/2015\/05\/udd_cpp_prensa_340.png","_links":{"self":[{"href":"https:\/\/gobierno.udd.cl\/cpp\/wp-json\/wp\/v2\/posts\/3369","targetHints":{"allow":["GET"]}}],"collection":[{"href":"https:\/\/gobierno.udd.cl\/cpp\/wp-json\/wp\/v2\/posts"}],"about":[{"href":"https:\/\/gobierno.udd.cl\/cpp\/wp-json\/wp\/v2\/types\/post"}],"author":[{"embeddable":true,"href":"https:\/\/gobierno.udd.cl\/cpp\/wp-json\/wp\/v2\/users\/22"}],"replies":[{"embeddable":true,"href":"https:\/\/gobierno.udd.cl\/cpp\/wp-json\/wp\/v2\/comments?post=3369"}],"version-history":[{"count":1,"href":"https:\/\/gobierno.udd.cl\/cpp\/wp-json\/wp\/v2\/posts\/3369\/revisions"}],"predecessor-version":[{"id":3370,"href":"https:\/\/gobierno.udd.cl\/cpp\/wp-json\/wp\/v2\/posts\/3369\/revisions\/3370"}],"wp:featuredmedia":[{"embeddable":true,"href":"https:\/\/gobierno.udd.cl\/cpp\/wp-json\/wp\/v2\/media\/893"}],"wp:attachment":[{"href":"https:\/\/gobierno.udd.cl\/cpp\/wp-json\/wp\/v2\/media?parent=3369"}],"wp:term":[{"taxonomy":"category","embeddable":true,"href":"https:\/\/gobierno.udd.cl\/cpp\/wp-json\/wp\/v2\/categories?post=3369"},{"taxonomy":"post_tag","embeddable":true,"href":"https:\/\/gobierno.udd.cl\/cpp\/wp-json\/wp\/v2\/tags?post=3369"}],"curies":[{"name":"wp","href":"https:\/\/api.w.org\/{rel}","templated":true}]}}