{"id":3363,"date":"2018-03-27T11:54:55","date_gmt":"2018-03-27T14:54:55","guid":{"rendered":"http:\/\/gobierno.udd.cl\/cpp\/?p=3363"},"modified":"2018-03-27T11:56:06","modified_gmt":"2018-03-27T14:56:06","slug":"negativa-de-campos-sobre-punta-peuco-desobediencia-o-estricto-respeto-a-la-ley-el-mercurio-de-antofagasta","status":"publish","type":"post","link":"https:\/\/gobierno.udd.cl\/cpp\/noticias\/2018\/03\/27\/negativa-de-campos-sobre-punta-peuco-desobediencia-o-estricto-respeto-a-la-ley-el-mercurio-de-antofagasta\/","title":{"rendered":"Negativa de Campos sobre Punta Peuco: \u00bfDesobediencia o estricto respeto a la ley? &#8211; El Mercurio de Antofagasta"},"content":{"rendered":"<p style=\"text-align: justify;\">El ex ministro de Justicia, Jaime Campos, reconoci\u00f3 finalmente que se neg\u00f3 a firmar el decreto que la Presidenta Michelle Bachelet hab\u00eda preparado para cambiar el uso del penal de Punta Peuco a solo horas del cambio de mando presidencial del 11 de marzo.<\/p>\n<p style=\"text-align: justify;\">A su juicio, haber dado curso al mandato de la exJefa de Estado \u00ablo \u00fanico que iba a lograr era empa\u00f1ar lo que ha sido la tradici\u00f3n republicana chilena\u00bb. Por ello, recalc\u00f3 que \u00abcon el prop\u00f3sito de evitar ese bochorno, por cierto que me negu\u00e9 a hacerlo\u00bb.<\/p>\n<p style=\"text-align: justify;\">Ante los dichos de Campos, el analista pol\u00edtico y acad\u00e9mico de la Universidad de Talca, Mauricio Morales, coment\u00f3 que \u00abse supone que los ministros deben obediencia a la Presidenta de la Rep\u00fablica. Y si no est\u00e1n de acuerdo con sus medidas, entonces lo m\u00e1s sano es renunciar\u00bb.<\/p>\n<p style=\"text-align: justify;\">No obstante, recalc\u00f3 que \u00abel problema es que si la decisi\u00f3n fue a \u00faltima hora, entonces la Presidenta transform\u00f3 a Campos en un \u00abactor de veto\u00bb. Se dio el gusto de no firmar porque sab\u00eda que a un d\u00eda de entregar el mando, era impresentable renunciar\u00bb.<\/p>\n<p style=\"text-align: justify;\">\u00abEl gobierno completo quedaba expuesto a un rid\u00edculo p\u00fablico. Por lo dem\u00e1s, la decisi\u00f3n de Campos evit\u00f3 un conflicto de mayor envergadura dentro de lo que queda de coalici\u00f3n y entre el gobierno saliente y el gobierno entrante\u00bb, a\u00f1adi\u00f3.<\/p>\n<p style=\"text-align: justify;\">En ese sentido, Morales justific\u00f3 a Campos se\u00f1alando que \u00abno es serio tratar de hacer un cambio de estas caracter\u00edsticas a pocas horas de entregar el poder. Eso es propio de pa\u00edses inestables. Ha costado much\u00edsimo colocar a Chile como un pa\u00eds respetuoso de sus normas\u00bb.<\/p>\n<p style=\"text-align: justify;\">La misma opini\u00f3n tuvo el director del Programa de Opini\u00f3n P\u00fablica de la UDD, Gonzalo M\u00fcller, quien sostuvo que \u00abel que se use la lealtad como una manera de silenciar a Campos desconoce que primero como ministro de Estado, la lealtad primera es consigo mismo\u00bb.<\/p>\n<p style=\"text-align: justify;\">\u00abY si \u00e9l consider\u00f3 que lo que se le estaba pidiendo era un hecho ajeno al cumplimiento de su rol como ministro, ten\u00eda todo el derecho de rechazarlo. Creer que los ministros tienen la obligaci\u00f3n de decirle que s\u00ed en todo al Presidente, es no entender el rol de ministro\u00bb, dijo.<\/p>\n<p style=\"text-align: justify;\">En esa l\u00ednea, M\u00fcller indic\u00f3 que \u00ablo que se le estaba pidiendo era algo que iba m\u00e1s all\u00e1 de lo que sus atribuciones y que era un acto que pod\u00eda llegar a transgredir el ordenamiento jur\u00eddico. Entonces, me parece razonable que haya dicho que no estaba dispuesto\u00bb.<\/p>\n<p style=\"text-align: justify;\"><strong>Argumentos<br \/>\n<\/strong><\/p>\n<p style=\"text-align: justify;\">Sin embargo, ambos expertos coincidieron en que la forma en que el ex secretario de Estado dio a conocer su postura lo puso en una compleja posici\u00f3n, ya que abre la duda de por qu\u00e9 se opuso a Punta Peuco y no al nombramiento del ex fiscal Luis Toledo como notario de San Fernando.<\/p>\n<p style=\"text-align: justify;\">\u00abEl gran problema para Campos es que el gobierno tambi\u00e9n hizo un nombramiento de \u00faltima hora con el exfiscal Toledo. Campos habr\u00eda quedado en mejor pie en caso de haber rechazado ambas propuestas\u00bb, dice Morales.<\/p>\n<p style=\"text-align: justify;\">\u00abCampos no puede decir que est\u00e1 en contra de decisiones de \u00faltima hora, pues accedi\u00f3 a una de esas decisiones. En tal sentido, la conducta del ex ministro fue err\u00e1tica y -para empeorar las cosas- deja al gobierno con una imagen a\u00fan m\u00e1s deteriorada\u00bb, a\u00f1adi\u00f3.<\/p>\n<p style=\"text-align: justify;\">En tanto, M\u00fcller se\u00f1al\u00f3 que \u00abel exministro Campos ha sido muy reactivo, nunca tom\u00f3 la iniciativa en t\u00e9rminos de hablar o defender su posici\u00f3n. Siempre fue requerido luego de que otros miembros del gobierno hicieran alusi\u00f3n a conductas que \u00e9l habr\u00eda realizado\u00bb.<\/p>\n<p style=\"text-align: justify;\">\u00abEntonces, yo creo que a la hora de distribuir las responsabilidades, \u00e9l siempre ha tratado de solamente reaccionar frente a los dichos de otros\u00bb, concluy\u00f3.<\/p>\n<p style=\"text-align: justify;\">\n<p style=\"text-align: justify;\"><a href=\"https:\/\/goo.gl\/hQs3dS\" target=\"_blank\"><img loading=\"lazy\" decoding=\"async\" class=\"aligncenter size-medium wp-image-3364\" src=\"http:\/\/gobierno.udd.cl\/cpp\/files\/2018\/03\/2018-03-20_www.mercurioantofagasta.cl_20_03_18_pag_11-1440-5ccc27-210x300.jpg\" alt=\"2018-03-20_www.mercurioantofagasta.cl_20_03_18_pag_11-1440-5ccc27\" width=\"210\" height=\"300\" srcset=\"https:\/\/gobierno.udd.cl\/cpp\/files\/2018\/03\/2018-03-20_www.mercurioantofagasta.cl_20_03_18_pag_11-1440-5ccc27-210x300.jpg 210w, https:\/\/gobierno.udd.cl\/cpp\/files\/2018\/03\/2018-03-20_www.mercurioantofagasta.cl_20_03_18_pag_11-1440-5ccc27-768x1098.jpg 768w, https:\/\/gobierno.udd.cl\/cpp\/files\/2018\/03\/2018-03-20_www.mercurioantofagasta.cl_20_03_18_pag_11-1440-5ccc27-717x1024.jpg 717w, https:\/\/gobierno.udd.cl\/cpp\/files\/2018\/03\/2018-03-20_www.mercurioantofagasta.cl_20_03_18_pag_11-1440-5ccc27-672x960.jpg 672w, https:\/\/gobierno.udd.cl\/cpp\/files\/2018\/03\/2018-03-20_www.mercurioantofagasta.cl_20_03_18_pag_11-1440-5ccc27.jpg 1440w\" sizes=\"auto, (max-width: 210px) 100vw, 210px\" \/><\/a><\/p>\n","protected":false},"excerpt":{"rendered":"<p>\u00abEl exministro Campos ha sido muy reactivo, nunca tom\u00f3 la iniciativa en t\u00e9rminos de hablar o defender su posici\u00f3n\u00bb. -Gonzalo M\u00fcller, Director Programa de, Opini\u00f3n P\u00fablica de la UDD\u00bb<\/p>\n","protected":false},"author":22,"featured_media":893,"comment_status":"open","ping_status":"open","sticky":false,"template":"","format":"standard","meta":{"footnotes":""},"categories":[10162],"tags":[12312,12311],"class_list":["post-3363","post","type-post","status-publish","format-standard","has-post-thumbnail","hentry","category-centro-en-la-prensa","tag-pese-a-la-erratica-conducta-que-ha-mostrado-al-defenderse-de-las-criticas","tag-segun-los-expertos"],"featured_image_url":"https:\/\/gobierno.udd.cl\/cpp\/files\/2015\/05\/udd_cpp_prensa_340.png","_links":{"self":[{"href":"https:\/\/gobierno.udd.cl\/cpp\/wp-json\/wp\/v2\/posts\/3363","targetHints":{"allow":["GET"]}}],"collection":[{"href":"https:\/\/gobierno.udd.cl\/cpp\/wp-json\/wp\/v2\/posts"}],"about":[{"href":"https:\/\/gobierno.udd.cl\/cpp\/wp-json\/wp\/v2\/types\/post"}],"author":[{"embeddable":true,"href":"https:\/\/gobierno.udd.cl\/cpp\/wp-json\/wp\/v2\/users\/22"}],"replies":[{"embeddable":true,"href":"https:\/\/gobierno.udd.cl\/cpp\/wp-json\/wp\/v2\/comments?post=3363"}],"version-history":[{"count":3,"href":"https:\/\/gobierno.udd.cl\/cpp\/wp-json\/wp\/v2\/posts\/3363\/revisions"}],"predecessor-version":[{"id":3367,"href":"https:\/\/gobierno.udd.cl\/cpp\/wp-json\/wp\/v2\/posts\/3363\/revisions\/3367"}],"wp:featuredmedia":[{"embeddable":true,"href":"https:\/\/gobierno.udd.cl\/cpp\/wp-json\/wp\/v2\/media\/893"}],"wp:attachment":[{"href":"https:\/\/gobierno.udd.cl\/cpp\/wp-json\/wp\/v2\/media?parent=3363"}],"wp:term":[{"taxonomy":"category","embeddable":true,"href":"https:\/\/gobierno.udd.cl\/cpp\/wp-json\/wp\/v2\/categories?post=3363"},{"taxonomy":"post_tag","embeddable":true,"href":"https:\/\/gobierno.udd.cl\/cpp\/wp-json\/wp\/v2\/tags?post=3363"}],"curies":[{"name":"wp","href":"https:\/\/api.w.org\/{rel}","templated":true}]}}