{"id":3353,"date":"2018-03-27T10:27:46","date_gmt":"2018-03-27T13:27:46","guid":{"rendered":"http:\/\/gobierno.udd.cl\/cpp\/?p=3353"},"modified":"2018-03-27T10:27:46","modified_gmt":"2018-03-27T13:27:46","slug":"entrevista-gonzalo-muller-las-primeras-medidas-de-sebastian-pinera-24-horas","status":"publish","type":"post","link":"https:\/\/gobierno.udd.cl\/cpp\/noticias\/2018\/03\/27\/entrevista-gonzalo-muller-las-primeras-medidas-de-sebastian-pinera-24-horas\/","title":{"rendered":"Entrevista Gonzalo Muller , Las primeras medidas de Sebasti\u00e1n Pi\u00f1era &#8211; 24 Horas"},"content":{"rendered":"<p style=\"text-align: justify;\">El Presidente, Sebasti\u00e1n Pi\u00f1era habl\u00f3 sobre las primeras medidas que llevar\u00e1 a cabo durante su gobierno.<\/p>\n<p style=\"text-align: justify;\">Habla: Gonzalo Muller, analista pol\u00edtico de la Universidad Del Desarrollo.<\/p>\n<div style=\"width: 640px;\" class=\"wp-video\"><video class=\"wp-video-shortcode\" id=\"video-3353-1\" width=\"640\" height=\"360\" preload=\"metadata\" controls=\"controls\"><source type=\"video\/mp4\" src=\"http:\/\/conectamedia.s3.amazonaws.com\/7ec2807c7b92060ccbe889cd1530a520.mp4?_=1\" \/><a href=\"http:\/\/conectamedia.s3.amazonaws.com\/7ec2807c7b92060ccbe889cd1530a520.mp4\">http:\/\/conectamedia.s3.amazonaws.com\/7ec2807c7b92060ccbe889cd1530a520.mp4<\/a><\/video><\/div>\n","protected":false},"excerpt":{"rendered":"<p>El Presidente, Sebasti\u00e1n Pi\u00f1era habl\u00f3 sobre las primeras medidas que llevar\u00e1 a cabo durante su gobierno. Habla: Gonzalo Muller, analista pol\u00edtico de la Universidad Del Desarrollo.<\/p>\n","protected":false},"author":22,"featured_media":893,"comment_status":"open","ping_status":"open","sticky":false,"template":"","format":"standard","meta":{"footnotes":""},"categories":[10162],"tags":[],"class_list":["post-3353","post","type-post","status-publish","format-standard","has-post-thumbnail","hentry","category-centro-en-la-prensa"],"featured_image_url":"https:\/\/gobierno.udd.cl\/cpp\/files\/2015\/05\/udd_cpp_prensa_340.png","_links":{"self":[{"href":"https:\/\/gobierno.udd.cl\/cpp\/wp-json\/wp\/v2\/posts\/3353","targetHints":{"allow":["GET"]}}],"collection":[{"href":"https:\/\/gobierno.udd.cl\/cpp\/wp-json\/wp\/v2\/posts"}],"about":[{"href":"https:\/\/gobierno.udd.cl\/cpp\/wp-json\/wp\/v2\/types\/post"}],"author":[{"embeddable":true,"href":"https:\/\/gobierno.udd.cl\/cpp\/wp-json\/wp\/v2\/users\/22"}],"replies":[{"embeddable":true,"href":"https:\/\/gobierno.udd.cl\/cpp\/wp-json\/wp\/v2\/comments?post=3353"}],"version-history":[{"count":1,"href":"https:\/\/gobierno.udd.cl\/cpp\/wp-json\/wp\/v2\/posts\/3353\/revisions"}],"predecessor-version":[{"id":3354,"href":"https:\/\/gobierno.udd.cl\/cpp\/wp-json\/wp\/v2\/posts\/3353\/revisions\/3354"}],"wp:featuredmedia":[{"embeddable":true,"href":"https:\/\/gobierno.udd.cl\/cpp\/wp-json\/wp\/v2\/media\/893"}],"wp:attachment":[{"href":"https:\/\/gobierno.udd.cl\/cpp\/wp-json\/wp\/v2\/media?parent=3353"}],"wp:term":[{"taxonomy":"category","embeddable":true,"href":"https:\/\/gobierno.udd.cl\/cpp\/wp-json\/wp\/v2\/categories?post=3353"},{"taxonomy":"post_tag","embeddable":true,"href":"https:\/\/gobierno.udd.cl\/cpp\/wp-json\/wp\/v2\/tags?post=3353"}],"curies":[{"name":"wp","href":"https:\/\/api.w.org\/{rel}","templated":true}]}}