{"id":3347,"date":"2018-03-27T10:17:56","date_gmt":"2018-03-27T13:17:56","guid":{"rendered":"http:\/\/gobierno.udd.cl\/cpp\/?p=3347"},"modified":"2018-03-27T10:18:12","modified_gmt":"2018-03-27T13:18:12","slug":"soledad-reyes-no-queremos-mas-fugitivas-el-mercurio","status":"publish","type":"post","link":"https:\/\/gobierno.udd.cl\/cpp\/noticias\/2018\/03\/27\/soledad-reyes-no-queremos-mas-fugitivas-el-mercurio\/","title":{"rendered":"Soledad Reyes: No queremos m\u00e1s fugitivas &#8211; El Mercurio"},"content":{"rendered":"<p style=\"text-align: justify;\">En el verano le\u00ed \u201cFugitiva\u201d, la primera novela de la periodista Carmen Gloria L\u00f3pez. Relata la conmovedora y adictiva historia de Camila Valderrama, una ni\u00f1a\u00a0hu\u00e9rfana de madre y sin padre conocido, criada por sus abuelos. Pero ellos mueren\u00a0cuando Camila ten\u00eda 15 a\u00f1os, quedando completamente sola. Entonces empez\u00f3 una de serie de aventuras con el \u00fanico objeto de encontrar a su padre, pensando que as\u00ed evitar\u00eda ser destinada a alg\u00fan centro del Sename. Porque ese era, por lejos, su mayor miedo.<\/p>\n<p style=\"text-align: justify;\">Me pregunto cu\u00e1ntas Camilas Valderramas habr\u00e1n en Chile. O peor a\u00fan, cu\u00e1ntos ni\u00f1os que ya viven en distintos centros de Arica a Punta Arenas est\u00e1n aterrados de que llegue el d\u00eda en que cumplen 12 a\u00f1os, edad en que pasan a \u201ccentros para mayores\u201d, en los que impera la ley de la selva.<\/p>\n<p style=\"text-align: justify;\">Justamente hace dos a\u00f1os atr\u00e1s el Sename empez\u00f3 a ser tema obligado en la\u00a0agenda p\u00fablica por la historia de Lisette Villa, la ni\u00f1a de 11 a\u00f1os que muri\u00f3 en un\u00a0centro de Estaci\u00f3n Central. Ello destap\u00f3 una de las realidades m\u00e1s vergonzosas de\u00a0nuestro pa\u00eds, dejando en evidencia que contamos con centros totalmente\u00a0inadecuados y colapsados, con pocos y mal preparados funcionarios, ni\u00f1os\u00a0maltratados y sobremedicados, una instituci\u00f3n desorganizada y una escandalosa\u00a0falta de recursos. Y el tema ha dado para mucho.<\/p>\n<p style=\"text-align: justify;\">No extra\u00f1a entonces que hoy d\u00eda haya gran expectaci\u00f3n sobre los cambios que se\u00a0implementar\u00e1n en temas de infancia en el segundo gobierno de Pi\u00f1era. Se ha\u00a0hablado hasta el cansancio de la urgencia de reestructurar el organismo; que en un\u00a0mismo lugar no conviva una ni\u00f1a desprotegida e inestable emocionalmente, con\u00a0peque\u00f1os delincuentes que caen una y otra vez. Es bastante l\u00f3gico. Pero la idea no\u00a0es nueva y los proyectos duermen en el Congreso hace a\u00f1os\u2026 algunos hace\u00a0d\u00e9cadas.<\/p>\n<p style=\"text-align: justify;\">Esperamos que esta vez las cosas no quedar\u00e1n en el papel. El domingo reci\u00e9n\u00a0pasado la primera actividad oficial del Presidente Pi\u00f1era fue precisamente en un\u00a0 centro de La Pintana, lo que no fue casualidad. Ah\u00ed se refiri\u00f3 al Acuerdo Nacional\u00a0por la Infancia como una de sus primeras prioridades, destacando el nuevo rol que\u00a0tendr\u00e1 la Subsecretar\u00eda de la Infancia ya creada. En la ceremonia se firm\u00f3 el primer\u00a0proyecto de ley de su segundo gobierno, bajo el cual dos nuevos centros\u00a0reemplazar\u00e1n al actual organismo. Uno que trabajar\u00e1 con los ni\u00f1os vulnerables (a\u00a0cargo del Ministerio de Desarrollo Social), y otro con los adolescentes (acargo del\u00a0Ministerio de Justicia). Y tambi\u00e9n anunci\u00f3 que se har\u00e1 una inmediata auditor\u00eda al\u00a0\u201cactual y fallido Sename\u201d. Tiene que ser as\u00ed. Ya no podemos seguir discutiendo ni\u00a0buscando culpables. Despu\u00e9s de todo, ya sabemos que en Chile el sistema de\u00a0protecci\u00f3n infantil ha fracasado. Definitivamente, deben llegar los \u201ctiempos\u00a0mejores\u201d para los ni\u00f1os de Chile. No se les puede volver a fallar.<\/p>\n<p style=\"text-align: justify;\">Ver nota publicada: <a href=\"https:\/\/comentarista.emol.com\/1094322\/5096330\/Soledad-Reyes.html\" target=\"_blank\">https:\/\/comentarista.emol.com\/1094322\/5096330\/Soledad-Reyes.html<\/a><\/p>\n","protected":false},"excerpt":{"rendered":"<p>En el verano le\u00ed \u201cFugitiva\u201d, la primera novela de la periodista Carmen Gloria L\u00f3pez. Relata la conmovedora y adictiva historia de Camila Valderrama, una ni\u00f1a\u00a0hu\u00e9rfana de madre y sin padre conocido, criada por sus abuelos. Pero ellos mueren\u00a0cuando Camila ten\u00eda 15 a\u00f1os, quedando completamente sola. Entonces empez\u00f3 una de serie de aventuras con el \u00fanico [&hellip;]<\/p>\n","protected":false},"author":22,"featured_media":505,"comment_status":"open","ping_status":"open","sticky":false,"template":"","format":"standard","meta":{"footnotes":""},"categories":[5095],"tags":[],"class_list":["post-3347","post","type-post","status-publish","format-standard","has-post-thumbnail","hentry","category-columnas-de-opinion"],"featured_image_url":"https:\/\/gobierno.udd.cl\/cpp\/files\/2014\/09\/Soledad_destcada.jpg","_links":{"self":[{"href":"https:\/\/gobierno.udd.cl\/cpp\/wp-json\/wp\/v2\/posts\/3347","targetHints":{"allow":["GET"]}}],"collection":[{"href":"https:\/\/gobierno.udd.cl\/cpp\/wp-json\/wp\/v2\/posts"}],"about":[{"href":"https:\/\/gobierno.udd.cl\/cpp\/wp-json\/wp\/v2\/types\/post"}],"author":[{"embeddable":true,"href":"https:\/\/gobierno.udd.cl\/cpp\/wp-json\/wp\/v2\/users\/22"}],"replies":[{"embeddable":true,"href":"https:\/\/gobierno.udd.cl\/cpp\/wp-json\/wp\/v2\/comments?post=3347"}],"version-history":[{"count":2,"href":"https:\/\/gobierno.udd.cl\/cpp\/wp-json\/wp\/v2\/posts\/3347\/revisions"}],"predecessor-version":[{"id":3349,"href":"https:\/\/gobierno.udd.cl\/cpp\/wp-json\/wp\/v2\/posts\/3347\/revisions\/3349"}],"wp:featuredmedia":[{"embeddable":true,"href":"https:\/\/gobierno.udd.cl\/cpp\/wp-json\/wp\/v2\/media\/505"}],"wp:attachment":[{"href":"https:\/\/gobierno.udd.cl\/cpp\/wp-json\/wp\/v2\/media?parent=3347"}],"wp:term":[{"taxonomy":"category","embeddable":true,"href":"https:\/\/gobierno.udd.cl\/cpp\/wp-json\/wp\/v2\/categories?post=3347"},{"taxonomy":"post_tag","embeddable":true,"href":"https:\/\/gobierno.udd.cl\/cpp\/wp-json\/wp\/v2\/tags?post=3347"}],"curies":[{"name":"wp","href":"https:\/\/api.w.org\/{rel}","templated":true}]}}