{"id":3330,"date":"2018-01-29T17:55:36","date_gmt":"2018-01-29T20:55:36","guid":{"rendered":"http:\/\/gobierno.udd.cl\/cpp\/?p=3330"},"modified":"2018-01-29T17:56:32","modified_gmt":"2018-01-29T20:56:32","slug":"rodrigo-arellano-sebastian-pinera-revelara-los-nombres-de-su-gabinete-presidencial-tvn","status":"publish","type":"post","link":"https:\/\/gobierno.udd.cl\/cpp\/noticias\/2018\/01\/29\/rodrigo-arellano-sebastian-pinera-revelara-los-nombres-de-su-gabinete-presidencial-tvn\/","title":{"rendered":"Rodrigo Arellano: Sebasti\u00e1n Pi\u00f1era revelar\u00e1 los nombres de su gabinete presidencial &#8211; TVN"},"content":{"rendered":"<p style=\"text-align: justify;\">El Presidente electo, Sebasti\u00e1n Pi\u00f1era, entregar\u00e1 esta ma\u00f1ana los nombres que conforman su gabinete presidencial, con miras al inicio de su mandato a partir del pr\u00f3ximo 11 de marzo.<\/p>\n<p style=\"text-align: justify;\">Habla:<br \/>\nRodrigo Arellano, vicedecano Facultad Gobierno Universidad del Desarrollo<br \/>\nFelipe Kast, ex candidato presidencial<\/p>\n<p><div style=\"width: 640px;\" class=\"wp-video\"><video class=\"wp-video-shortcode\" id=\"video-3330-1\" width=\"640\" height=\"360\" preload=\"metadata\" controls=\"controls\"><source type=\"video\/mp4\" src=\"http:\/\/conectamedia.s3.amazonaws.com\/6e108c1db4787fc52b03afeaaa48f9dd.mp4?_=1\" \/><a href=\"http:\/\/conectamedia.s3.amazonaws.com\/6e108c1db4787fc52b03afeaaa48f9dd.mp4\">http:\/\/conectamedia.s3.amazonaws.com\/6e108c1db4787fc52b03afeaaa48f9dd.mp4<\/a><\/video><\/div><br \/>\n<\/p>\n<div style=\"width: 640px;\" class=\"wp-video\"><video class=\"wp-video-shortcode\" id=\"video-3330-2\" width=\"640\" height=\"360\" preload=\"metadata\" controls=\"controls\"><source type=\"video\/mp4\" src=\"http:\/\/conectamedia.s3.amazonaws.com\/ac8b723dc316f607f94e230e0a9982cf.mp4?_=2\" \/><a href=\"http:\/\/conectamedia.s3.amazonaws.com\/ac8b723dc316f607f94e230e0a9982cf.mp4\">http:\/\/conectamedia.s3.amazonaws.com\/ac8b723dc316f607f94e230e0a9982cf.mp4<\/a><\/video><\/div>\n","protected":false},"excerpt":{"rendered":"<p>El Presidente electo, Sebasti\u00e1n Pi\u00f1era, entregar\u00e1 esta ma\u00f1ana los nombres que conforman su gabinete presidencial, con miras al inicio de su mandato a partir del pr\u00f3ximo 11 de marzo. Habla: Rodrigo Arellano, vicedecano Facultad Gobierno Universidad del Desarrollo Felipe Kast, ex candidato presidencial http:\/\/conectamedia.s3.amazonaws.com\/6e108c1db4787fc52b03afeaaa48f9dd.mp4 http:\/\/conectamedia.s3.amazonaws.com\/ac8b723dc316f607f94e230e0a9982cf.mp4<\/p>\n","protected":false},"author":22,"featured_media":893,"comment_status":"open","ping_status":"open","sticky":false,"template":"","format":"standard","meta":{"footnotes":""},"categories":[10162],"tags":[],"class_list":["post-3330","post","type-post","status-publish","format-standard","has-post-thumbnail","hentry","category-centro-en-la-prensa"],"featured_image_url":"https:\/\/gobierno.udd.cl\/cpp\/files\/2015\/05\/udd_cpp_prensa_340.png","_links":{"self":[{"href":"https:\/\/gobierno.udd.cl\/cpp\/wp-json\/wp\/v2\/posts\/3330","targetHints":{"allow":["GET"]}}],"collection":[{"href":"https:\/\/gobierno.udd.cl\/cpp\/wp-json\/wp\/v2\/posts"}],"about":[{"href":"https:\/\/gobierno.udd.cl\/cpp\/wp-json\/wp\/v2\/types\/post"}],"author":[{"embeddable":true,"href":"https:\/\/gobierno.udd.cl\/cpp\/wp-json\/wp\/v2\/users\/22"}],"replies":[{"embeddable":true,"href":"https:\/\/gobierno.udd.cl\/cpp\/wp-json\/wp\/v2\/comments?post=3330"}],"version-history":[{"count":3,"href":"https:\/\/gobierno.udd.cl\/cpp\/wp-json\/wp\/v2\/posts\/3330\/revisions"}],"predecessor-version":[{"id":3333,"href":"https:\/\/gobierno.udd.cl\/cpp\/wp-json\/wp\/v2\/posts\/3330\/revisions\/3333"}],"wp:featuredmedia":[{"embeddable":true,"href":"https:\/\/gobierno.udd.cl\/cpp\/wp-json\/wp\/v2\/media\/893"}],"wp:attachment":[{"href":"https:\/\/gobierno.udd.cl\/cpp\/wp-json\/wp\/v2\/media?parent=3330"}],"wp:term":[{"taxonomy":"category","embeddable":true,"href":"https:\/\/gobierno.udd.cl\/cpp\/wp-json\/wp\/v2\/categories?post=3330"},{"taxonomy":"post_tag","embeddable":true,"href":"https:\/\/gobierno.udd.cl\/cpp\/wp-json\/wp\/v2\/tags?post=3330"}],"curies":[{"name":"wp","href":"https:\/\/api.w.org\/{rel}","templated":true}]}}