{"id":3328,"date":"2018-01-29T17:54:06","date_gmt":"2018-01-29T20:54:06","guid":{"rendered":"http:\/\/gobierno.udd.cl\/cpp\/?p=3328"},"modified":"2018-01-29T17:54:06","modified_gmt":"2018-01-29T20:54:06","slug":"eugenio-guzman-analisis-del-polemico-gabinete-del-nuevo-gobierno-de-sebastian-pinera-i-radio-cooperativai","status":"publish","type":"post","link":"https:\/\/gobierno.udd.cl\/cpp\/noticias\/2018\/01\/29\/eugenio-guzman-analisis-del-polemico-gabinete-del-nuevo-gobierno-de-sebastian-pinera-i-radio-cooperativai\/","title":{"rendered":"Eugenio Guzm\u00e1n: An\u00e1lisis del pol\u00e9mico gabinete del nuevo gobierno de Sebasti\u00e1n Pi\u00f1era I &#8211; Radio CooperativaI"},"content":{"rendered":"<p style=\"text-align: justify;\">El gobierno toma una iniciativa para buscar abrir paso a un escenario de un nuevo gobierno adem\u00e1s del desaf\u00edo que tiene la oposici\u00f3n que hoy en d\u00eda esta un poco dormida. Este gobierno tiene como el mayor desaf\u00edo mejorar las condiciones econ\u00f3micas del pa\u00eds y aumentar los empleos.<\/p>\n<p style=\"text-align: justify;\">Habla: Guillermo Larra\u00edn: Dem\u00f3crata Cristiano. Eugenio Guzm\u00e1n: Consejero de Pol\u00edticas P\u00fablicas de Libertad y Desarrollo, Decano Facultad de Gobierno UDD . Juan Andr\u00e9s Lagos: Integrante de la Comisi\u00f3n Pol\u00edtica del PC.<\/p>\n<audio class=\"wp-audio-shortcode\" id=\"audio-3328-1\" preload=\"none\" style=\"width: 100%;\" controls=\"controls\"><source type=\"audio\/mpeg\" src=\"http:\/\/conectamedia.s3.amazonaws.com\/3eea55ba8e1c7ed8eb727126e0d1808c.mp3?_=1\" \/><a href=\"http:\/\/conectamedia.s3.amazonaws.com\/3eea55ba8e1c7ed8eb727126e0d1808c.mp3\">http:\/\/conectamedia.s3.amazonaws.com\/3eea55ba8e1c7ed8eb727126e0d1808c.mp3<\/a><\/audio>\n<p>&nbsp;<\/p>\n","protected":false},"excerpt":{"rendered":"<p>El gobierno toma una iniciativa para buscar abrir paso a un escenario de un nuevo gobierno adem\u00e1s del desaf\u00edo que tiene la oposici\u00f3n que hoy en d\u00eda esta un poco dormida. Este gobierno tiene como el mayor desaf\u00edo mejorar las condiciones econ\u00f3micas del pa\u00eds y aumentar los empleos. Habla: Guillermo Larra\u00edn: Dem\u00f3crata Cristiano. Eugenio Guzm\u00e1n: [&hellip;]<\/p>\n","protected":false},"author":22,"featured_media":893,"comment_status":"open","ping_status":"open","sticky":false,"template":"","format":"standard","meta":{"footnotes":""},"categories":[10162],"tags":[],"class_list":["post-3328","post","type-post","status-publish","format-standard","has-post-thumbnail","hentry","category-centro-en-la-prensa"],"featured_image_url":"https:\/\/gobierno.udd.cl\/cpp\/files\/2015\/05\/udd_cpp_prensa_340.png","_links":{"self":[{"href":"https:\/\/gobierno.udd.cl\/cpp\/wp-json\/wp\/v2\/posts\/3328","targetHints":{"allow":["GET"]}}],"collection":[{"href":"https:\/\/gobierno.udd.cl\/cpp\/wp-json\/wp\/v2\/posts"}],"about":[{"href":"https:\/\/gobierno.udd.cl\/cpp\/wp-json\/wp\/v2\/types\/post"}],"author":[{"embeddable":true,"href":"https:\/\/gobierno.udd.cl\/cpp\/wp-json\/wp\/v2\/users\/22"}],"replies":[{"embeddable":true,"href":"https:\/\/gobierno.udd.cl\/cpp\/wp-json\/wp\/v2\/comments?post=3328"}],"version-history":[{"count":1,"href":"https:\/\/gobierno.udd.cl\/cpp\/wp-json\/wp\/v2\/posts\/3328\/revisions"}],"predecessor-version":[{"id":3329,"href":"https:\/\/gobierno.udd.cl\/cpp\/wp-json\/wp\/v2\/posts\/3328\/revisions\/3329"}],"wp:featuredmedia":[{"embeddable":true,"href":"https:\/\/gobierno.udd.cl\/cpp\/wp-json\/wp\/v2\/media\/893"}],"wp:attachment":[{"href":"https:\/\/gobierno.udd.cl\/cpp\/wp-json\/wp\/v2\/media?parent=3328"}],"wp:term":[{"taxonomy":"category","embeddable":true,"href":"https:\/\/gobierno.udd.cl\/cpp\/wp-json\/wp\/v2\/categories?post=3328"},{"taxonomy":"post_tag","embeddable":true,"href":"https:\/\/gobierno.udd.cl\/cpp\/wp-json\/wp\/v2\/tags?post=3328"}],"curies":[{"name":"wp","href":"https:\/\/api.w.org\/{rel}","templated":true}]}}