{"id":3324,"date":"2018-01-29T17:52:46","date_gmt":"2018-01-29T20:52:46","guid":{"rendered":"http:\/\/gobierno.udd.cl\/cpp\/?p=3324"},"modified":"2018-01-29T17:53:10","modified_gmt":"2018-01-29T20:53:10","slug":"eugenio-guzman-sebastian-pinera-presento-su-gabinete-ministerial-i-radio-cooperativa","status":"publish","type":"post","link":"https:\/\/gobierno.udd.cl\/cpp\/noticias\/2018\/01\/29\/eugenio-guzman-sebastian-pinera-presento-su-gabinete-ministerial-i-radio-cooperativa\/","title":{"rendered":"Eugenio Guzm\u00e1n: Sebasti\u00e1n Pi\u00f1era present\u00f3 su gabinete ministerial I &#8211; Radio Cooperativa"},"content":{"rendered":"<p style=\"text-align: justify;\">El Presidente electo present\u00f3 a los miembros del primer equipo ministerial para su segunda administraci\u00f3n. La ceremonia se inici\u00f3 con un minuto de silencio por la muerte de Nicanor Parra. El equipo de 23 ministros, cuenta con siete mujeres y cinco miembros de gabinetes de su primera administraci\u00f3n.<\/p>\n<p style=\"text-align: justify;\">Habla: Guillermo Larra\u00edn: Dem\u00f3crata Cristiano. Eugenio Guzm\u00e1n: Consejero de Pol\u00edticas P\u00fablicas de Libertad y Desarrollo, Decano Facultad de Gobierno UDD . Juan Andr\u00e9s Lagos: Integrante de la Comisi\u00f3n Pol\u00edtica del PC.<\/p>\n<audio class=\"wp-audio-shortcode\" id=\"audio-3324-1\" preload=\"none\" style=\"width: 100%;\" controls=\"controls\"><source type=\"audio\/mpeg\" src=\"http:\/\/conectamedia.s3.amazonaws.com\/c8aa4dc2556bfa87661d5c73ba413ecf.mp3?_=1\" \/><a href=\"http:\/\/conectamedia.s3.amazonaws.com\/c8aa4dc2556bfa87661d5c73ba413ecf.mp3\">http:\/\/conectamedia.s3.amazonaws.com\/c8aa4dc2556bfa87661d5c73ba413ecf.mp3<\/a><\/audio>\n<p style=\"text-align: justify;\">\n","protected":false},"excerpt":{"rendered":"<p>El Presidente electo present\u00f3 a los miembros del primer equipo ministerial para su segunda administraci\u00f3n. La ceremonia se inici\u00f3 con un minuto de silencio por la muerte de Nicanor Parra. El equipo de 23 ministros, cuenta con siete mujeres y cinco miembros de gabinetes de su primera administraci\u00f3n. Habla: Guillermo Larra\u00edn: Dem\u00f3crata Cristiano. Eugenio Guzm\u00e1n: [&hellip;]<\/p>\n","protected":false},"author":22,"featured_media":893,"comment_status":"open","ping_status":"open","sticky":false,"template":"","format":"standard","meta":{"footnotes":""},"categories":[10162],"tags":[],"class_list":["post-3324","post","type-post","status-publish","format-standard","has-post-thumbnail","hentry","category-centro-en-la-prensa"],"featured_image_url":"https:\/\/gobierno.udd.cl\/cpp\/files\/2015\/05\/udd_cpp_prensa_340.png","_links":{"self":[{"href":"https:\/\/gobierno.udd.cl\/cpp\/wp-json\/wp\/v2\/posts\/3324","targetHints":{"allow":["GET"]}}],"collection":[{"href":"https:\/\/gobierno.udd.cl\/cpp\/wp-json\/wp\/v2\/posts"}],"about":[{"href":"https:\/\/gobierno.udd.cl\/cpp\/wp-json\/wp\/v2\/types\/post"}],"author":[{"embeddable":true,"href":"https:\/\/gobierno.udd.cl\/cpp\/wp-json\/wp\/v2\/users\/22"}],"replies":[{"embeddable":true,"href":"https:\/\/gobierno.udd.cl\/cpp\/wp-json\/wp\/v2\/comments?post=3324"}],"version-history":[{"count":3,"href":"https:\/\/gobierno.udd.cl\/cpp\/wp-json\/wp\/v2\/posts\/3324\/revisions"}],"predecessor-version":[{"id":3327,"href":"https:\/\/gobierno.udd.cl\/cpp\/wp-json\/wp\/v2\/posts\/3324\/revisions\/3327"}],"wp:featuredmedia":[{"embeddable":true,"href":"https:\/\/gobierno.udd.cl\/cpp\/wp-json\/wp\/v2\/media\/893"}],"wp:attachment":[{"href":"https:\/\/gobierno.udd.cl\/cpp\/wp-json\/wp\/v2\/media?parent=3324"}],"wp:term":[{"taxonomy":"category","embeddable":true,"href":"https:\/\/gobierno.udd.cl\/cpp\/wp-json\/wp\/v2\/categories?post=3324"},{"taxonomy":"post_tag","embeddable":true,"href":"https:\/\/gobierno.udd.cl\/cpp\/wp-json\/wp\/v2\/tags?post=3324"}],"curies":[{"name":"wp","href":"https:\/\/api.w.org\/{rel}","templated":true}]}}