{"id":3306,"date":"2018-01-22T23:33:25","date_gmt":"2018-01-23T02:33:25","guid":{"rendered":"http:\/\/gobierno.udd.cl\/cpp\/?p=3306"},"modified":"2018-01-22T23:34:47","modified_gmt":"2018-01-23T02:34:47","slug":"%ef%bb%bfmagallanes-lidera-ranking-nacional-con-indices-mas-bajos-de-desercion-escolar-la-prensa-austral","status":"publish","type":"post","link":"https:\/\/gobierno.udd.cl\/cpp\/noticias\/2018\/01\/22\/%ef%bb%bfmagallanes-lidera-ranking-nacional-con-indices-mas-bajos-de-desercion-escolar-la-prensa-austral\/","title":{"rendered":"\ufeffMagallanes lidera ranking nacional con \u00edndices m\u00e1s bajos de deserci\u00f3n escolar &#8211; La prensa Austral"},"content":{"rendered":"<p style=\"text-align: justify;\">Una investigaci\u00f3n de la Universidad del Desarrollo (UDD) posicion\u00f3 a la Regi\u00f3n de Magallanes como referente a nivel nacional, debido a que presenta los m\u00e1s bajos \u00edndices de deserci\u00f3n escolar entre los j\u00f3venes de 15 y 19 a\u00f1os con el 5,6 por ciento, lo que la ubica muy por debajo del \u00edndice de deserci\u00f3n a nivel nacional, la que incluso dobla la realidad de nuestra regi\u00f3n con un 12%.<\/p>\n<p style=\"text-align: justify;\">Una de las tristes realidades que refleja este estudio tiene que ver con que el 14% de los j\u00f3venes entre 15 y 19 a\u00f1os que desert\u00f3 pertenece al primer quintil de ingresos, a diferencia de lo que ocurre con el quinto quintil, en el que este numero s\u00f3lo llega al 2%, reflejando la clara incidencia socioecon\u00f3mica que sigue afectando a los estudiantes de nuestro pa\u00eds.<\/p>\n<p style=\"text-align: justify;\">Mientras que las regiones que presentan mayores niveles de deserci\u00f3n escolar, son las relacionadas con la zona norte de nuestro pa\u00eds, como son Tarapac\u00e1 con un 13,3% y Antofagasta con un 13,4%.<\/p>\n<p style=\"text-align: justify;\">Los resultados de este ranking que ubica a nuestra regi\u00f3n como un referente a nivel nacional, fueron valorados por la secretaria regional ministerial de Edu- caci\u00f3n, Margarita Makuc: \u00abEste indicador que presenta la UDD nos parece interesante y muy positivo, ya que refleja las pol\u00edticas p\u00fablicas que hemos incorporado desde 2013 con los j\u00f3venes de todos los liceos de la regi\u00f3n\u201d.<\/p>\n<p style=\"text-align: justify;\">Sobre el motivo por el que Magallanes lidera este estudio, se\u00f1ala que \u00abcreo que la gratuidad es un factor fundamental, ya que le otorga a las familias y especialmente a los j\u00f3venes, un est\u00edmulo para continuar sus estudios en la educaci\u00f3n superior\u201d.<\/p>\n<p style=\"text-align: justify;\">Eso s\u00ed, la autoridad regional destac\u00f3 la labor de la familia en este estudio, debido a que son quienes acompa\u00f1an, motivan y ense\u00f1an la importancia de avanzar por todas las etapas de la educaci\u00f3n.<\/p>\n<p style=\"text-align: justify;\"><a href=\"https:\/\/goo.gl\/MpAAPv\" target=\"_blank\"><img loading=\"lazy\" decoding=\"async\" class=\"aligncenter size-medium wp-image-3307\" src=\"http:\/\/gobierno.udd.cl\/cpp\/files\/2018\/01\/7996892382f791cd056678110dd83fd1-224x300.jpg\" alt=\"7996892382f791cd056678110dd83fd1\" width=\"224\" height=\"300\" srcset=\"https:\/\/gobierno.udd.cl\/cpp\/files\/2018\/01\/7996892382f791cd056678110dd83fd1-224x300.jpg 224w, https:\/\/gobierno.udd.cl\/cpp\/files\/2018\/01\/7996892382f791cd056678110dd83fd1-768x1028.jpg 768w, https:\/\/gobierno.udd.cl\/cpp\/files\/2018\/01\/7996892382f791cd056678110dd83fd1-765x1024.jpg 765w, https:\/\/gobierno.udd.cl\/cpp\/files\/2018\/01\/7996892382f791cd056678110dd83fd1-717x960.jpg 717w\" sizes=\"auto, (max-width: 224px) 100vw, 224px\" \/><\/a><\/p>\n","protected":false},"excerpt":{"rendered":"<p>Una investigaci\u00f3n de la Universidad del Desarrollo (UDD) posicion\u00f3 a la Regi\u00f3n de Magallanes como referente a nivel nacional, debido a que presenta los m\u00e1s bajos \u00edndices de deserci\u00f3n escolar entre los j\u00f3venes de 15 y 19 a\u00f1os con el 5,6 por ciento, lo que la ubica muy por debajo del \u00edndice de deserci\u00f3n a [&hellip;]<\/p>\n","protected":false},"author":22,"featured_media":893,"comment_status":"open","ping_status":"open","sticky":false,"template":"","format":"standard","meta":{"footnotes":""},"categories":[10162],"tags":[],"class_list":["post-3306","post","type-post","status-publish","format-standard","has-post-thumbnail","hentry","category-centro-en-la-prensa"],"featured_image_url":"https:\/\/gobierno.udd.cl\/cpp\/files\/2015\/05\/udd_cpp_prensa_340.png","_links":{"self":[{"href":"https:\/\/gobierno.udd.cl\/cpp\/wp-json\/wp\/v2\/posts\/3306","targetHints":{"allow":["GET"]}}],"collection":[{"href":"https:\/\/gobierno.udd.cl\/cpp\/wp-json\/wp\/v2\/posts"}],"about":[{"href":"https:\/\/gobierno.udd.cl\/cpp\/wp-json\/wp\/v2\/types\/post"}],"author":[{"embeddable":true,"href":"https:\/\/gobierno.udd.cl\/cpp\/wp-json\/wp\/v2\/users\/22"}],"replies":[{"embeddable":true,"href":"https:\/\/gobierno.udd.cl\/cpp\/wp-json\/wp\/v2\/comments?post=3306"}],"version-history":[{"count":2,"href":"https:\/\/gobierno.udd.cl\/cpp\/wp-json\/wp\/v2\/posts\/3306\/revisions"}],"predecessor-version":[{"id":3310,"href":"https:\/\/gobierno.udd.cl\/cpp\/wp-json\/wp\/v2\/posts\/3306\/revisions\/3310"}],"wp:featuredmedia":[{"embeddable":true,"href":"https:\/\/gobierno.udd.cl\/cpp\/wp-json\/wp\/v2\/media\/893"}],"wp:attachment":[{"href":"https:\/\/gobierno.udd.cl\/cpp\/wp-json\/wp\/v2\/media?parent=3306"}],"wp:term":[{"taxonomy":"category","embeddable":true,"href":"https:\/\/gobierno.udd.cl\/cpp\/wp-json\/wp\/v2\/categories?post=3306"},{"taxonomy":"post_tag","embeddable":true,"href":"https:\/\/gobierno.udd.cl\/cpp\/wp-json\/wp\/v2\/tags?post=3306"}],"curies":[{"name":"wp","href":"https:\/\/api.w.org\/{rel}","templated":true}]}}