{"id":3283,"date":"2018-01-10T08:05:52","date_gmt":"2018-01-10T11:05:52","guid":{"rendered":"http:\/\/gobierno.udd.cl\/cpp\/?p=3283"},"modified":"2018-01-10T10:59:01","modified_gmt":"2018-01-10T13:59:01","slug":"documento-cpp-analisis-n23-noviembre-innovacion-social-y-sus-desafios-para-el-siglo-xx-por-nicole-forttes-fuenzalida","status":"publish","type":"post","link":"https:\/\/gobierno.udd.cl\/cpp\/noticias\/2018\/01\/10\/documento-cpp-analisis-n23-noviembre-innovacion-social-y-sus-desafios-para-el-siglo-xx-por-nicole-forttes-fuenzalida\/","title":{"rendered":"Documento CPP An\u00e1lisis N\u00b023 &#8211; Noviembre: \u00abInnovaci\u00f3n Social y sus Desaf\u00edos para el Siglo XXI\u00bb por Nicole Forttes Fuenzalida"},"content":{"rendered":"<p style=\"text-align: justify;\">El presente documento busca aclarar algunos t\u00e9rminos y conceptualizaciones respecto a lo que se entiende como Innovaci\u00f3n Social, considerando que es un t\u00e9rmino que al d\u00eda de hoy sigue en construcci\u00f3n y cu\u00e1l debiera ser su aporte al dise\u00f1o de pol\u00edticas p\u00fablicas.<\/p>\n<p>Para revisar el documento completo ver\u00a0<strong><a href=\"http:\/\/gobierno.udd.cl\/cpp\/files\/2018\/01\/VF_Analisis23_NicoleForttes.pdf\" rel=\"\">An\u00e1lisis N\u00b023<\/a>.<\/strong><\/p>\n","protected":false},"excerpt":{"rendered":"<p>El presente documento busca aclarar algunos t\u00e9rminos y conceptualizaciones respecto a lo que se entiende como Innovaci\u00f3n Social, considerando que es un t\u00e9rmino que al d\u00eda de hoy sigue en construcci\u00f3n y cu\u00e1l debiera ser su aporte al dise\u00f1o de pol\u00edticas p\u00fablicas. Para revisar el documento completo ver\u00a0An\u00e1lisis N\u00b023.<\/p>\n","protected":false},"author":22,"featured_media":2863,"comment_status":"open","ping_status":"open","sticky":false,"template":"","format":"standard","meta":{"footnotes":""},"categories":[11832,4],"tags":[],"class_list":["post-3283","post","type-post","status-publish","format-standard","has-post-thumbnail","hentry","category-analisis-centro-de-politicas-publicas","category-noticias"],"featured_image_url":"https:\/\/gobierno.udd.cl\/cpp\/files\/2017\/04\/analisis2.png","_links":{"self":[{"href":"https:\/\/gobierno.udd.cl\/cpp\/wp-json\/wp\/v2\/posts\/3283","targetHints":{"allow":["GET"]}}],"collection":[{"href":"https:\/\/gobierno.udd.cl\/cpp\/wp-json\/wp\/v2\/posts"}],"about":[{"href":"https:\/\/gobierno.udd.cl\/cpp\/wp-json\/wp\/v2\/types\/post"}],"author":[{"embeddable":true,"href":"https:\/\/gobierno.udd.cl\/cpp\/wp-json\/wp\/v2\/users\/22"}],"replies":[{"embeddable":true,"href":"https:\/\/gobierno.udd.cl\/cpp\/wp-json\/wp\/v2\/comments?post=3283"}],"version-history":[{"count":2,"href":"https:\/\/gobierno.udd.cl\/cpp\/wp-json\/wp\/v2\/posts\/3283\/revisions"}],"predecessor-version":[{"id":3287,"href":"https:\/\/gobierno.udd.cl\/cpp\/wp-json\/wp\/v2\/posts\/3283\/revisions\/3287"}],"wp:featuredmedia":[{"embeddable":true,"href":"https:\/\/gobierno.udd.cl\/cpp\/wp-json\/wp\/v2\/media\/2863"}],"wp:attachment":[{"href":"https:\/\/gobierno.udd.cl\/cpp\/wp-json\/wp\/v2\/media?parent=3283"}],"wp:term":[{"taxonomy":"category","embeddable":true,"href":"https:\/\/gobierno.udd.cl\/cpp\/wp-json\/wp\/v2\/categories?post=3283"},{"taxonomy":"post_tag","embeddable":true,"href":"https:\/\/gobierno.udd.cl\/cpp\/wp-json\/wp\/v2\/tags?post=3283"}],"curies":[{"name":"wp","href":"https:\/\/api.w.org\/{rel}","templated":true}]}}