{"id":3271,"date":"2018-01-03T21:55:52","date_gmt":"2018-01-04T00:55:52","guid":{"rendered":"http:\/\/gobierno.udd.cl\/cpp\/?p=3271"},"modified":"2018-01-03T21:55:52","modified_gmt":"2018-01-04T00:55:52","slug":"entrevista-a-mauricio-apablaza-investigador-centro-de-politicas-publicas-universidad-del-desarrollo-radio-infinita","status":"publish","type":"post","link":"https:\/\/gobierno.udd.cl\/cpp\/noticias\/2018\/01\/03\/entrevista-a-mauricio-apablaza-investigador-centro-de-politicas-publicas-universidad-del-desarrollo-radio-infinita\/","title":{"rendered":"Entrevista a Mauricio Apablaza, investigador Centro de Pol\u00edticas P\u00fablicas Universidad del Desarrollo &#8211; Radio Infinita"},"content":{"rendered":"<p style=\"text-align: justify;\">Entrevista a Mauricio Apablaza, investigador Centro de Pol\u00edticas P\u00fablicas Universidad del Desarrollo<\/p>\n<p style=\"text-align: justify;\">\n<strong>Tema:<\/strong><\/p>\n<ul style=\"text-align: justify;\">\n<li>Datos arrojados por Censo 2017<\/li>\n<li>\u00abDe los dos millones y medio de chilenos que aumentamos, dos millones son mayores de 50 a\u00f1os.\u00bb<\/li>\n<li>\u00abSon consecuencias naturales de un proceso de desarrollo.\u00bb<\/li>\n<li>\u00abLos cambios m\u00e1s fuertes van a venir en diez a\u00f1os m\u00e1s.\u00bb<\/li>\n<li>\u00abLos migrantes tienen un rol s\u00faper importante en nuestra sociedad.\u00bb<\/li>\n<li>Pol\u00edticas p\u00fablicas orientadas a una sociedad m\u00e1s envejecida.<\/li>\n<li>\u00abEl n\u00famero de viviendas que creci\u00f3 en Santiago es impresionante.\u00bb<\/li>\n<li>\u00abEn la medida que definamos s\u00f3lo pol\u00edticas desde Santiago vamos a cometer el mismo error de siempre.\u00bb<\/li>\n<\/ul>\n<p style=\"text-align: justify;\"><strong>Menci\u00f3n:<\/strong><\/p>\n<ul style=\"text-align: justify;\">\n<li>pensiones<\/li>\n<\/ul>\n<p>&nbsp;<\/p>\n<audio class=\"wp-audio-shortcode\" id=\"audio-3271-1\" preload=\"none\" style=\"width: 100%;\" controls=\"controls\"><source type=\"audio\/mpeg\" src=\"http:\/\/conectamedia.s3.amazonaws.com\/0b29916ac97ae79978c18adbd7c7f01e.mp3?_=1\" \/><a href=\"http:\/\/conectamedia.s3.amazonaws.com\/0b29916ac97ae79978c18adbd7c7f01e.mp3\">http:\/\/conectamedia.s3.amazonaws.com\/0b29916ac97ae79978c18adbd7c7f01e.mp3<\/a><\/audio>\n","protected":false},"excerpt":{"rendered":"<p>Entrevista a Mauricio Apablaza, investigador Centro de Pol\u00edticas P\u00fablicas Universidad del Desarrollo Tema: Datos arrojados por Censo 2017 \u00abDe los dos millones y medio de chilenos que aumentamos, dos millones son mayores de 50 a\u00f1os.\u00bb \u00abSon consecuencias naturales de un proceso de desarrollo.\u00bb \u00abLos cambios m\u00e1s fuertes van a venir en diez a\u00f1os m\u00e1s.\u00bb \u00abLos [&hellip;]<\/p>\n","protected":false},"author":22,"featured_media":893,"comment_status":"open","ping_status":"open","sticky":false,"template":"","format":"standard","meta":{"footnotes":""},"categories":[10162],"tags":[],"class_list":["post-3271","post","type-post","status-publish","format-standard","has-post-thumbnail","hentry","category-centro-en-la-prensa"],"featured_image_url":"https:\/\/gobierno.udd.cl\/cpp\/files\/2015\/05\/udd_cpp_prensa_340.png","_links":{"self":[{"href":"https:\/\/gobierno.udd.cl\/cpp\/wp-json\/wp\/v2\/posts\/3271","targetHints":{"allow":["GET"]}}],"collection":[{"href":"https:\/\/gobierno.udd.cl\/cpp\/wp-json\/wp\/v2\/posts"}],"about":[{"href":"https:\/\/gobierno.udd.cl\/cpp\/wp-json\/wp\/v2\/types\/post"}],"author":[{"embeddable":true,"href":"https:\/\/gobierno.udd.cl\/cpp\/wp-json\/wp\/v2\/users\/22"}],"replies":[{"embeddable":true,"href":"https:\/\/gobierno.udd.cl\/cpp\/wp-json\/wp\/v2\/comments?post=3271"}],"version-history":[{"count":1,"href":"https:\/\/gobierno.udd.cl\/cpp\/wp-json\/wp\/v2\/posts\/3271\/revisions"}],"predecessor-version":[{"id":3272,"href":"https:\/\/gobierno.udd.cl\/cpp\/wp-json\/wp\/v2\/posts\/3271\/revisions\/3272"}],"wp:featuredmedia":[{"embeddable":true,"href":"https:\/\/gobierno.udd.cl\/cpp\/wp-json\/wp\/v2\/media\/893"}],"wp:attachment":[{"href":"https:\/\/gobierno.udd.cl\/cpp\/wp-json\/wp\/v2\/media?parent=3271"}],"wp:term":[{"taxonomy":"category","embeddable":true,"href":"https:\/\/gobierno.udd.cl\/cpp\/wp-json\/wp\/v2\/categories?post=3271"},{"taxonomy":"post_tag","embeddable":true,"href":"https:\/\/gobierno.udd.cl\/cpp\/wp-json\/wp\/v2\/tags?post=3271"}],"curies":[{"name":"wp","href":"https:\/\/api.w.org\/{rel}","templated":true}]}}