{"id":3267,"date":"2018-01-03T21:51:27","date_gmt":"2018-01-04T00:51:27","guid":{"rendered":"http:\/\/gobierno.udd.cl\/cpp\/?p=3267"},"modified":"2018-01-03T21:51:27","modified_gmt":"2018-01-04T00:51:27","slug":"municipalidad-de-nueva-imperial-realizo-jornada-de-validacion-de-la-politica-de-desarrollo-de-personas-el-informador-digital","status":"publish","type":"post","link":"https:\/\/gobierno.udd.cl\/cpp\/noticias\/2018\/01\/03\/municipalidad-de-nueva-imperial-realizo-jornada-de-validacion-de-la-politica-de-desarrollo-de-personas-el-informador-digital\/","title":{"rendered":"Municipalidad de Nueva Imperial realiz\u00f3 Jornada de Validaci\u00f3n de la Pol\u00edtica de Desarrollo de Personas &#8211; El Informador Digital"},"content":{"rendered":"<p style=\"text-align: justify;\">Durante el martes 19 de diciembre en el sector Santa Adela de la comuna, con la presencia de funcionarios y directivos de diversos departamentos y unidades de la Municipalidad, se llev\u00f3 a cabo la Jornada de Validaci\u00f3n Pol\u00edtica de Desarrollo de Personas, la cual, culmina una serie de implementaciones de recopilaci\u00f3n de informaci\u00f3n en tem\u00e1ticas de gesti\u00f3n de personas a lo largo de todo este per\u00edodo anual 2017.<\/p>\n<p style=\"text-align: justify;\">En este contexto, durante esa ma\u00f1ana, y en representaci\u00f3n del alcalde Manuel Salas Trautmann, la administradora municipal Marisa Sandoval Seguel realiz\u00f3 los saludos de bienvenida, destacando la importante labor de generar un instrumento en conjunto que determina los lineamientos a seguir, mejorando de forma continua la calidad de vida laboral de la Municipalidad.<\/p>\n<p style=\"text-align: justify;\">Adem\u00e1s, todo este proceso de trabajo nace de un impulso del alcalde Manuel Salas hacia la necesidad de consolidar en la Municipalidad un programa de Calidad de Vida Laboral s\u00f3lido, que otorgue un soporte en el bienestar de sus funcionarios<\/p>\n<p style=\"text-align: justify;\">Tambi\u00e9n, se destacaron hitos importantes de la Municipalidad, como la obtenci\u00f3n del Premio a la Empresa Socialmente Inclusiva (ESI), y adem\u00e1s que esta organizaci\u00f3n se destac\u00f3 en el ranking de las 5 mejores Municipalidades con mayor \u00edndice de Calidad de Vida Laboral en un estudio realizado por la Universidad del Desarrollo en la categor\u00eda de comunas semiurbanas y rurales con desarrollo bajo.<\/p>\n<p style=\"text-align: justify;\">Finalmente, en esta jornada de trabajo colaborativo, se consolidan seis \u00e1reas fundamentales: Calidad de vida laboral, Gesti\u00f3n del talento, Gesti\u00f3n de Personas, Higiene y Seguridad, Gesti\u00f3n Interna, y Capacitaci\u00f3n, las cuales direccionan los sub-sistemas de Recursos Humanos, para posicionar la gesti\u00f3n municipal desde el talento y la felicidad, colaborando as\u00ed, a ser un municipio l\u00edder en estas tem\u00e1ticas a nivel regional y nacional.<\/p>\n<p style=\"text-align: justify;\">Ver nota publicada: <a href=\"http:\/\/elinformadordigital.cl\/index.php\/nueva-imperial\/5816-municipalidad-de-nueva-imperial-realizo-jornada-de-validacion-de-la-politica-de-desarrollo-de-personas\" target=\"_blank\">http:\/\/elinformadordigital.cl\/index.php\/nueva-imperial\/5816-municipalidad-de-nueva-imperial-realizo-jornada-de-validacion-de-la-politica-de-desarrollo-de-personas<\/a><\/p>\n","protected":false},"excerpt":{"rendered":"<p>Durante el martes 19 de diciembre en el sector Santa Adela de la comuna, con la presencia de funcionarios y directivos de diversos departamentos y unidades de la Municipalidad, se llev\u00f3 a cabo la Jornada de Validaci\u00f3n Pol\u00edtica de Desarrollo de Personas, la cual, culmina una serie de implementaciones de recopilaci\u00f3n de informaci\u00f3n en tem\u00e1ticas [&hellip;]<\/p>\n","protected":false},"author":22,"featured_media":893,"comment_status":"open","ping_status":"open","sticky":false,"template":"","format":"standard","meta":{"footnotes":""},"categories":[10162],"tags":[],"class_list":["post-3267","post","type-post","status-publish","format-standard","has-post-thumbnail","hentry","category-centro-en-la-prensa"],"featured_image_url":"https:\/\/gobierno.udd.cl\/cpp\/files\/2015\/05\/udd_cpp_prensa_340.png","_links":{"self":[{"href":"https:\/\/gobierno.udd.cl\/cpp\/wp-json\/wp\/v2\/posts\/3267","targetHints":{"allow":["GET"]}}],"collection":[{"href":"https:\/\/gobierno.udd.cl\/cpp\/wp-json\/wp\/v2\/posts"}],"about":[{"href":"https:\/\/gobierno.udd.cl\/cpp\/wp-json\/wp\/v2\/types\/post"}],"author":[{"embeddable":true,"href":"https:\/\/gobierno.udd.cl\/cpp\/wp-json\/wp\/v2\/users\/22"}],"replies":[{"embeddable":true,"href":"https:\/\/gobierno.udd.cl\/cpp\/wp-json\/wp\/v2\/comments?post=3267"}],"version-history":[{"count":1,"href":"https:\/\/gobierno.udd.cl\/cpp\/wp-json\/wp\/v2\/posts\/3267\/revisions"}],"predecessor-version":[{"id":3268,"href":"https:\/\/gobierno.udd.cl\/cpp\/wp-json\/wp\/v2\/posts\/3267\/revisions\/3268"}],"wp:featuredmedia":[{"embeddable":true,"href":"https:\/\/gobierno.udd.cl\/cpp\/wp-json\/wp\/v2\/media\/893"}],"wp:attachment":[{"href":"https:\/\/gobierno.udd.cl\/cpp\/wp-json\/wp\/v2\/media?parent=3267"}],"wp:term":[{"taxonomy":"category","embeddable":true,"href":"https:\/\/gobierno.udd.cl\/cpp\/wp-json\/wp\/v2\/categories?post=3267"},{"taxonomy":"post_tag","embeddable":true,"href":"https:\/\/gobierno.udd.cl\/cpp\/wp-json\/wp\/v2\/tags?post=3267"}],"curies":[{"name":"wp","href":"https:\/\/api.w.org\/{rel}","templated":true}]}}