{"id":3256,"date":"2017-12-28T23:04:28","date_gmt":"2017-12-29T02:04:28","guid":{"rendered":"http:\/\/gobierno.udd.cl\/cpp\/?p=3256"},"modified":"2017-12-28T23:04:51","modified_gmt":"2017-12-29T02:04:51","slug":"directora-del-cpp-obtiene-fondo-pluralismo-conicyt-2017","status":"publish","type":"post","link":"https:\/\/gobierno.udd.cl\/cpp\/noticias\/2017\/12\/28\/directora-del-cpp-obtiene-fondo-pluralismo-conicyt-2017\/","title":{"rendered":"Directora del CPP obtiene Fondo Pluralismo Conicyt 2017"},"content":{"rendered":"<p style=\"text-align: justify;\"><a href=\"http:\/\/gobierno.udd.cl\/cpp\/files\/2017\/12\/Fondecyt-copia-325x205.jpg\" rel=\"attachment wp-att-3257\"><img loading=\"lazy\" decoding=\"async\" class=\"size-medium wp-image-3257 aligncenter\" src=\"http:\/\/gobierno.udd.cl\/cpp\/files\/2017\/12\/Fondecyt-copia-325x205-300x189.jpg\" alt=\"Fondecyt-copia-325x205\" width=\"300\" height=\"189\" srcset=\"https:\/\/gobierno.udd.cl\/cpp\/files\/2017\/12\/Fondecyt-copia-325x205-300x189.jpg 300w, https:\/\/gobierno.udd.cl\/cpp\/files\/2017\/12\/Fondecyt-copia-325x205-125x80.jpg 125w, https:\/\/gobierno.udd.cl\/cpp\/files\/2017\/12\/Fondecyt-copia-325x205.jpg 325w\" sizes=\"auto, (max-width: 300px) 100vw, 300px\" \/><\/a><\/p>\n<p style=\"text-align: justify;\">Un equipo de investigadores liderado por Eileen Hudson, research director de la Facultad de Comunicaciones de la Universidad del Desarrollo, obtuvo un Fondo de Estudios en el IX Concurso sobre Pluralismo en el Sistema Informativo Nacional, de la Comisi\u00f3n Nacional de Investigaci\u00f3n Cient\u00edfica y Tecnol\u00f3gica (CONICYT).<\/p>\n<p style=\"text-align: justify;\">\u201cDise\u00f1o de un indicador de pluralismo aplicado a la tematizaci\u00f3n de la agenda de la prensa escrita y a la validaci\u00f3n de las fuentes. Caso de estudio: La cobertura del tema mapuche en la prensa nacional y en la prensa regional\u201d se titula el proyecto, en el que trabajar\u00e1n como co-investigadores\u00a0<strong>Francisca Dussaillant<\/strong>, de la Facultad de Gobierno UDD junto\u00a0<strong>Carlos del Valle<\/strong>, de la Universidad de la Frontera y\u00a0<strong>Rodrigo Browne<\/strong>, de la Universidad Austral.<\/p>\n<p style=\"text-align: justify;\">La investigadora responsable ser\u00e1\u00a0<strong>Eileen Hudson<\/strong>, PhD en Comunicaci\u00f3n P\u00fablica de la Universidad de Navarra y Licenciada en Comunicaci\u00f3n de la Universidad Cat\u00f3lica de Uruguay.\u00a0 El proyecto contar\u00e1 adem\u00e1s con el asesoramiento de dos expertas internacionales especialistas en an\u00e1lisis de contenido y en estudio de fuentes:\u00a0<strong>Natalia Aruguete<\/strong>\u00a0y\u00a0<strong>Nadia Kozimer<\/strong>, ambas de la Universidad Nacional de Buenos Aires.<\/p>\n<p style=\"text-align: justify;\">De acuerdo con las bases del concurso establecido por\u00a0<strong>CONICYT<\/strong>, la l\u00ednea de investigaci\u00f3n a la cual se adscribe el estudio corresponde a \u201cEstudios cuantitativos y cualitativos que permitan conocer la agenda, uso y consumo de los medios de comunicaci\u00f3n en relaci\u00f3n con las condiciones estructurales, organizativas y narrativas que debe tener una noticia para aparecer en un medio de comunicaci\u00f3n\u201d.<\/p>\n<p style=\"text-align: justify;\">Seg\u00fan la investigadora responsable,\u00a0<strong>Eileen Hudson<\/strong>, \u201cla hip\u00f3tesis planteada es que la selecci\u00f3n de temas y el nivel de cr\u00e9dito que se le otorga a las fuentes est\u00e1n asociadas a la territorialidad y la propiedad de los medios chilenos y afectan el pluralismo del contenido period\u00edstico\u201d.<\/p>\n<p style=\"text-align: justify;\">El trabajo est\u00e1 planificado entre enero y diciembre de 2018 y contempla la publicaci\u00f3n de art\u00edculos acad\u00e9micos sobre el tema, adem\u00e1s de un libro con los resultados.<\/p>\n","protected":false},"excerpt":{"rendered":"<p>El proyecto de investigaci\u00f3n analizar\u00e1 la cobertura del tema mapuche en la prensa nacional y en la prensa regional, entre enero y diciembre de 2018.<\/p>\n","protected":false},"author":22,"featured_media":3257,"comment_status":"open","ping_status":"open","sticky":false,"template":"","format":"standard","meta":{"footnotes":""},"categories":[4],"tags":[],"class_list":["post-3256","post","type-post","status-publish","format-standard","has-post-thumbnail","hentry","category-noticias"],"featured_image_url":"https:\/\/gobierno.udd.cl\/cpp\/files\/2017\/12\/Fondecyt-copia-325x205.jpg","_links":{"self":[{"href":"https:\/\/gobierno.udd.cl\/cpp\/wp-json\/wp\/v2\/posts\/3256","targetHints":{"allow":["GET"]}}],"collection":[{"href":"https:\/\/gobierno.udd.cl\/cpp\/wp-json\/wp\/v2\/posts"}],"about":[{"href":"https:\/\/gobierno.udd.cl\/cpp\/wp-json\/wp\/v2\/types\/post"}],"author":[{"embeddable":true,"href":"https:\/\/gobierno.udd.cl\/cpp\/wp-json\/wp\/v2\/users\/22"}],"replies":[{"embeddable":true,"href":"https:\/\/gobierno.udd.cl\/cpp\/wp-json\/wp\/v2\/comments?post=3256"}],"version-history":[{"count":2,"href":"https:\/\/gobierno.udd.cl\/cpp\/wp-json\/wp\/v2\/posts\/3256\/revisions"}],"predecessor-version":[{"id":3259,"href":"https:\/\/gobierno.udd.cl\/cpp\/wp-json\/wp\/v2\/posts\/3256\/revisions\/3259"}],"wp:featuredmedia":[{"embeddable":true,"href":"https:\/\/gobierno.udd.cl\/cpp\/wp-json\/wp\/v2\/media\/3257"}],"wp:attachment":[{"href":"https:\/\/gobierno.udd.cl\/cpp\/wp-json\/wp\/v2\/media?parent=3256"}],"wp:term":[{"taxonomy":"category","embeddable":true,"href":"https:\/\/gobierno.udd.cl\/cpp\/wp-json\/wp\/v2\/categories?post=3256"},{"taxonomy":"post_tag","embeddable":true,"href":"https:\/\/gobierno.udd.cl\/cpp\/wp-json\/wp\/v2\/tags?post=3256"}],"curies":[{"name":"wp","href":"https:\/\/api.w.org\/{rel}","templated":true}]}}