{"id":3237,"date":"2017-12-26T21:36:44","date_gmt":"2017-12-27T00:36:44","guid":{"rendered":"http:\/\/gobierno.udd.cl\/cpp\/?p=3237"},"modified":"2017-12-26T21:41:27","modified_gmt":"2017-12-27T00:41:27","slug":"rodrigo-troncoso-uber-pasa-a-ser-empresa-de-taxi-en-europa-por-fallo-de-tribunal-la-segunda","status":"publish","type":"post","link":"https:\/\/gobierno.udd.cl\/cpp\/noticias\/2017\/12\/26\/rodrigo-troncoso-uber-pasa-a-ser-empresa-de-taxi-en-europa-por-fallo-de-tribunal-la-segunda\/","title":{"rendered":"Rodrigo Troncoso: Uber pasa a ser empresa de taxi en Europa por fallo de tribunal &#8211; La Segunda"},"content":{"rendered":"<p style=\"text-align: justify;\">Una importante derrota legal sufri\u00f3 este mi\u00e9rcoles Uber luego que el Tribunal de Justicia de la Uni\u00f3n Europea decidiera que la empresa deber\u00e1 ser tratada a partir de ahora como una compa\u00f1\u00eda de transporte y no una plataforma digital.<\/p>\n<p style=\"text-align: justify;\">Con esto, Uber deber\u00e1 responder a todas las exigencias de la regulaci\u00f3n propias de la industria del transporte privado en el viejo continente.El fallo del tribunal europeo echa por tierra una de las bases del modelo de negocios de Uber, que se auto describ\u00eda s\u00f3lo como un intermediario digital entre dos personas, por lo que pod\u00eda acceder a una regulaci\u00f3n m\u00e1s laxa que la de la industria del transporte.<\/p>\n<p style=\"text-align: justify;\">Pero ahora Uber deber\u00e1 pedir a sus conductores licencias especiales e incluso el fallo podr\u00eda traducirse en exigencias tributarias para la empresa.Seg\u00fan expertos, la decisi\u00f3n del tribunal europeo deber\u00eda ser tomada como un ejemplo en Chile, que actualmente tiene un proyecto de ley que busca regular estas plataformas y que hoy descansa en la Comisi\u00f3n de Transporte y Telecomunicaciones de la C\u00e1mara de Diputados.<\/p>\n<p style=\"text-align: justify;\">\u00abSi esto se hiciera en Chile ser\u00eda una buena oportunidad para votar a la basura el proyecto de ley que hay hoy en el pa\u00eds, que es realmente malo\u00bb, comenta el acad\u00e9mico de la Universidad Cat\u00f3lica y ex Seremi de Transporte, Raimundo Cruzat.<\/p>\n<p style=\"text-align: justify;\">Uno de los puntos en el proyecto de ley que critica el experto es el impuesto por kil\u00f3metro que busca establecer, \u00aby la creaci\u00f3n de un fondo para los taxistas, que adem\u00e1s pareciera ser anticonstitucional\u00bb, advierte.Igual opina el acad\u00e9mico de la Universidad del Desarrollo, Rodrigo Troncoso.<\/p>\n<p style=\"text-align: justify;\">\u00abEl caso de la regulaci\u00f3n que se quiere establecer en Chile es mucho m\u00e1s restrictivo que lo que plante\u00f3 en Europa.<\/p>\n<p style=\"text-align: justify;\">Incluso hay temas del proyecto chileno que podr\u00edan ser anticonstitucionales\u00bb, comenta.Ambos expertos consideran que la aplicaci\u00f3n de las nuevas exigencias que estableci\u00f3 el tribunal del viejo continente se traducir\u00e1 finalmente en mayores costos para los pasajeros.<\/p>\n<p style=\"text-align: justify;\"><a href=\"https:\/\/goo.gl\/pNnsZq\" target=\"_blank\"><img loading=\"lazy\" decoding=\"async\" class=\"aligncenter size-medium wp-image-3238\" src=\"http:\/\/gobierno.udd.cl\/cpp\/files\/2017\/12\/2017-12-20_impresa.lasegunda.com_DR39U9I8-231x300.jpg\" alt=\"2017-12-20_impresa.lasegunda.com_DR39U9I8\" width=\"231\" height=\"300\" srcset=\"https:\/\/gobierno.udd.cl\/cpp\/files\/2017\/12\/2017-12-20_impresa.lasegunda.com_DR39U9I8-231x300.jpg 231w, https:\/\/gobierno.udd.cl\/cpp\/files\/2017\/12\/2017-12-20_impresa.lasegunda.com_DR39U9I8-768x995.jpg 768w, https:\/\/gobierno.udd.cl\/cpp\/files\/2017\/12\/2017-12-20_impresa.lasegunda.com_DR39U9I8-790x1024.jpg 790w, https:\/\/gobierno.udd.cl\/cpp\/files\/2017\/12\/2017-12-20_impresa.lasegunda.com_DR39U9I8-741x960.jpg 741w, https:\/\/gobierno.udd.cl\/cpp\/files\/2017\/12\/2017-12-20_impresa.lasegunda.com_DR39U9I8.jpg 1280w\" sizes=\"auto, (max-width: 231px) 100vw, 231px\" \/><\/a><\/p>\n","protected":false},"excerpt":{"rendered":"<p>Una importante derrota legal sufri\u00f3 este mi\u00e9rcoles Uber luego que el Tribunal de Justicia de la Uni\u00f3n Europea decidiera que la empresa deber\u00e1 ser tratada a partir de ahora como una compa\u00f1\u00eda de transporte y no una plataforma digital. Con esto, Uber deber\u00e1 responder a todas las exigencias de la regulaci\u00f3n propias de la industria [&hellip;]<\/p>\n","protected":false},"author":22,"featured_media":893,"comment_status":"open","ping_status":"open","sticky":false,"template":"","format":"standard","meta":{"footnotes":""},"categories":[10162],"tags":[],"class_list":["post-3237","post","type-post","status-publish","format-standard","has-post-thumbnail","hentry","category-centro-en-la-prensa"],"featured_image_url":"https:\/\/gobierno.udd.cl\/cpp\/files\/2015\/05\/udd_cpp_prensa_340.png","_links":{"self":[{"href":"https:\/\/gobierno.udd.cl\/cpp\/wp-json\/wp\/v2\/posts\/3237","targetHints":{"allow":["GET"]}}],"collection":[{"href":"https:\/\/gobierno.udd.cl\/cpp\/wp-json\/wp\/v2\/posts"}],"about":[{"href":"https:\/\/gobierno.udd.cl\/cpp\/wp-json\/wp\/v2\/types\/post"}],"author":[{"embeddable":true,"href":"https:\/\/gobierno.udd.cl\/cpp\/wp-json\/wp\/v2\/users\/22"}],"replies":[{"embeddable":true,"href":"https:\/\/gobierno.udd.cl\/cpp\/wp-json\/wp\/v2\/comments?post=3237"}],"version-history":[{"count":3,"href":"https:\/\/gobierno.udd.cl\/cpp\/wp-json\/wp\/v2\/posts\/3237\/revisions"}],"predecessor-version":[{"id":3241,"href":"https:\/\/gobierno.udd.cl\/cpp\/wp-json\/wp\/v2\/posts\/3237\/revisions\/3241"}],"wp:featuredmedia":[{"embeddable":true,"href":"https:\/\/gobierno.udd.cl\/cpp\/wp-json\/wp\/v2\/media\/893"}],"wp:attachment":[{"href":"https:\/\/gobierno.udd.cl\/cpp\/wp-json\/wp\/v2\/media?parent=3237"}],"wp:term":[{"taxonomy":"category","embeddable":true,"href":"https:\/\/gobierno.udd.cl\/cpp\/wp-json\/wp\/v2\/categories?post=3237"},{"taxonomy":"post_tag","embeddable":true,"href":"https:\/\/gobierno.udd.cl\/cpp\/wp-json\/wp\/v2\/tags?post=3237"}],"curies":[{"name":"wp","href":"https:\/\/api.w.org\/{rel}","templated":true}]}}