{"id":3230,"date":"2017-12-22T10:17:57","date_gmt":"2017-12-22T13:17:57","guid":{"rendered":"http:\/\/gobierno.udd.cl\/cpp\/?p=3230"},"modified":"2017-12-22T10:18:19","modified_gmt":"2017-12-22T13:18:19","slug":"abstencion-caeria-casi-10-puntos-en-santiago-si-hogares-y-mesas-tuvieran-una-estacion-de-metro-cerca-capital","status":"publish","type":"post","link":"https:\/\/gobierno.udd.cl\/cpp\/noticias\/2017\/12\/22\/abstencion-caeria-casi-10-puntos-en-santiago-si-hogares-y-mesas-tuvieran-una-estacion-de-metro-cerca-capital\/","title":{"rendered":"Abstenci\u00f3n caer\u00eda casi 10 puntos en Santiago si hogares y mesas tuvieran una estaci\u00f3n de metro cerca &#8211; Capital"},"content":{"rendered":"<p style=\"text-align: justify;\">A solo tres d\u00edas de las elecciones presidenciales 2017, Mapcity junto con la\u00a0<span class=\"highlight\">Universidad<\/span>\u00a0Diego Portales y la\u00a0<span class=\"highlight\">Universidad<\/span>\u00a0<span class=\"highlight\">del<\/span>\u00a0<span class=\"highlight\">Desarrollo<\/span>\u00a0realizaron un an\u00e1lisis geopol\u00edtico que da a conocer factores que mejorar\u00edan las tasas de participaci\u00f3n en la capital de acuerdo al movimiento de la poblaci\u00f3n.<\/p>\n<p style=\"text-align: justify;\">El estudio, basado en personas con derecho a voto y los resultados en las \u00faltimas elecciones primarias, utiliz\u00f3 un modelo de regresi\u00f3n log\u00edstica que relaciona caracter\u00edsticas de los individuos, variables de control y el acceso a Metro en el origen o en el destino.<\/p>\n<p style=\"text-align: justify;\">De esta manera, parte de las conclusiones que mejorar\u00edan el nivel de abstenci\u00f3n o aumentar\u00eda la participaci\u00f3n en diversas comunas de Santiago, tienen directa relaci\u00f3n con el nivel socioecon\u00f3mico, la distancia con el Metro de Santiago y el sexo del votante.<\/p>\n<p style=\"text-align: justify;\">Seg\u00fan la medici\u00f3n, si todos los hogares de Santiago y todas las mesas tuvieran una estaci\u00f3n de Metro a menos de 500 metros, la abstenci\u00f3n se reducir\u00eda en 9 puntos aproximadamente.<\/p>\n<p style=\"text-align: justify;\">Del mismo modo, el an\u00e1lisis por nivel socioecon\u00f3mico arroj\u00f3 que tener una estaci\u00f3n de metro cerca del lugar de votaci\u00f3n, aumentar\u00eda la participaci\u00f3n electoral en 2 puntos.<\/p>\n<p><a href=\"https:\/\/goo.gl\/y86T5K\" target=\"_blank\" rel=\"attachment wp-att-3231\"><img loading=\"lazy\" decoding=\"async\" class=\"size-medium wp-image-3231 aligncenter\" src=\"http:\/\/gobierno.udd.cl\/cpp\/files\/2017\/12\/8608a1df65a1cbd614da7039c7c983c5-116x300.jpg\" alt=\"8608a1df65a1cbd614da7039c7c983c5\" width=\"116\" height=\"300\" srcset=\"https:\/\/gobierno.udd.cl\/cpp\/files\/2017\/12\/8608a1df65a1cbd614da7039c7c983c5-116x300.jpg 116w, https:\/\/gobierno.udd.cl\/cpp\/files\/2017\/12\/8608a1df65a1cbd614da7039c7c983c5-768x1991.jpg 768w, https:\/\/gobierno.udd.cl\/cpp\/files\/2017\/12\/8608a1df65a1cbd614da7039c7c983c5-395x1024.jpg 395w, https:\/\/gobierno.udd.cl\/cpp\/files\/2017\/12\/8608a1df65a1cbd614da7039c7c983c5-370x960.jpg 370w, https:\/\/gobierno.udd.cl\/cpp\/files\/2017\/12\/8608a1df65a1cbd614da7039c7c983c5.jpg 1400w\" sizes=\"auto, (max-width: 116px) 100vw, 116px\" \/><\/a><\/p>\n<p>&nbsp;<\/p>\n","protected":false},"excerpt":{"rendered":"<p>A solo tres d\u00edas de las elecciones presidenciales 2017, Mapcity junto con la\u00a0Universidad\u00a0Diego Portales y la\u00a0Universidad\u00a0del\u00a0Desarrollo\u00a0realizaron un an\u00e1lisis geopol\u00edtico que da a conocer factores que mejorar\u00edan las tasas de participaci\u00f3n en la capital de acuerdo al movimiento de la poblaci\u00f3n. El estudio, basado en personas con derecho a voto y los resultados en las \u00faltimas [&hellip;]<\/p>\n","protected":false},"author":22,"featured_media":893,"comment_status":"open","ping_status":"open","sticky":false,"template":"","format":"standard","meta":{"footnotes":""},"categories":[10162],"tags":[],"class_list":["post-3230","post","type-post","status-publish","format-standard","has-post-thumbnail","hentry","category-centro-en-la-prensa"],"featured_image_url":"https:\/\/gobierno.udd.cl\/cpp\/files\/2015\/05\/udd_cpp_prensa_340.png","_links":{"self":[{"href":"https:\/\/gobierno.udd.cl\/cpp\/wp-json\/wp\/v2\/posts\/3230","targetHints":{"allow":["GET"]}}],"collection":[{"href":"https:\/\/gobierno.udd.cl\/cpp\/wp-json\/wp\/v2\/posts"}],"about":[{"href":"https:\/\/gobierno.udd.cl\/cpp\/wp-json\/wp\/v2\/types\/post"}],"author":[{"embeddable":true,"href":"https:\/\/gobierno.udd.cl\/cpp\/wp-json\/wp\/v2\/users\/22"}],"replies":[{"embeddable":true,"href":"https:\/\/gobierno.udd.cl\/cpp\/wp-json\/wp\/v2\/comments?post=3230"}],"version-history":[{"count":2,"href":"https:\/\/gobierno.udd.cl\/cpp\/wp-json\/wp\/v2\/posts\/3230\/revisions"}],"predecessor-version":[{"id":3233,"href":"https:\/\/gobierno.udd.cl\/cpp\/wp-json\/wp\/v2\/posts\/3230\/revisions\/3233"}],"wp:featuredmedia":[{"embeddable":true,"href":"https:\/\/gobierno.udd.cl\/cpp\/wp-json\/wp\/v2\/media\/893"}],"wp:attachment":[{"href":"https:\/\/gobierno.udd.cl\/cpp\/wp-json\/wp\/v2\/media?parent=3230"}],"wp:term":[{"taxonomy":"category","embeddable":true,"href":"https:\/\/gobierno.udd.cl\/cpp\/wp-json\/wp\/v2\/categories?post=3230"},{"taxonomy":"post_tag","embeddable":true,"href":"https:\/\/gobierno.udd.cl\/cpp\/wp-json\/wp\/v2\/tags?post=3230"}],"curies":[{"name":"wp","href":"https:\/\/api.w.org\/{rel}","templated":true}]}}