{"id":3225,"date":"2017-12-22T10:13:45","date_gmt":"2017-12-22T13:13:45","guid":{"rendered":"http:\/\/gobierno.udd.cl\/cpp\/?p=3225"},"modified":"2017-12-22T10:15:13","modified_gmt":"2017-12-22T13:15:13","slug":"posverdad-polarizacion-derechos-sociales-lo-que-dejo-la-campana-presidencial-msn","status":"publish","type":"post","link":"https:\/\/gobierno.udd.cl\/cpp\/noticias\/2017\/12\/22\/posverdad-polarizacion-derechos-sociales-lo-que-dejo-la-campana-presidencial-msn\/","title":{"rendered":"Posverdad, polarizaci\u00f3n, derechos sociales\u2026 Lo que dej\u00f3 la campa\u00f1a presidencial &#8211; MSN"},"content":{"rendered":"<p style=\"text-align: justify;\">Los cientistas pol\u00edticos\u00a0 Gloria de la Fuente y \u00a0Gonzalo M\u00fcller analizaron este viernes, en Cooperativa ,\u00a0los principales ejes de la campa\u00f1a presidencial que acaba de terminar y que, en dos d\u00edas m\u00e1s, definir\u00e1 al pr\u00f3ximo Presidente de Chile.<\/p>\n<p style=\"text-align: justify;\">M\u00fcller, director del Programa de Opini\u00f3n P\u00fablica de la\u00a0<span class=\"highlight\">Universidad<\/span>\u00a0<span class=\"highlight\">del<\/span>\u00a0<span class=\"highlight\">Desarrollo<\/span>\u00a0, destac\u00f3 que se trata de la\u00a0\u00abprimera elecci\u00f3n competitiva de segunda vuelta con voto voluntario\u00bb , lo que supone un resultado incierto, puesto que los expertos no han contado con la seguridad de la informaci\u00f3n que proporcionaban la historia electoral (marcada por el voto obligatorio) y las\u00a0encuestas, desacreditadas tras sus gruesos errores de la primera vuelta.<\/p>\n<p style=\"text-align: justify;\">Candidatos \u00abmoderados\u00bb, pero con discurso agresivo El militante de la UDI agreg\u00f3 que la misma situaci\u00f3n de la voluntariedad contribuy\u00f3 a que asomaran pr\u00e1cticas como la\u00a0\u00abposverdad\u00bb y la \u00abpolarizaci\u00f3n, la necesidad de la polarizaci\u00f3n\u00bb por parte de ambas candidaturas .<\/p>\n<p style=\"text-align: justify;\">\u00bb Estamos en presencia de dos de los candidatos m\u00e1s moderados en lo personal: Sebasti\u00e1n Pi\u00f1era es un candidato de derecha muy moderado y Alejandro Guillier es \u00e9l una persona muy moderada, y resulta que estamos enfrentando una de las campa\u00f1as m\u00e1s polarizadas &#8230;<\/p>\n<p style=\"text-align: justify;\">Esto tiene que ver con que los comandos entienden que van a votar los electores m\u00e1s movilizados\u00bb, y ha redundado en que ambos caigan en \u00abun discurso a ratos extra\u00f1o\u00bb, se\u00f1al\u00f3 M\u00fcller.<\/p>\n<p style=\"text-align: justify;\">\u00abBaj\u00f3 el nivel\u00bb Gloria de la Fuente coincidi\u00f3 en que la voluntariedad \u00abinstal\u00f3 una cosa que era poco habitual en Chile: la idea de la campa\u00f1a negativa; buscar en el otro candidato atributos o cuestiones malas, resaltarlas, en muchos casos con un ejercicio de posverdad\u00bb , y sostuvo que a consecuencia de esto \u00abbaj\u00f3 el nivel del debate pol\u00edtico\u00bb.<\/p>\n<p style=\"text-align: justify;\">\u00abHemos visto no de todos los candidatos, necesariamente, pero de mucha gente que est\u00e1 alrededor, un ejercicio de posverdad: el uso recurrente de mentiras, de falsedades, de interpelaciones al otro con cosas que no son ciertas, generar campa\u00f1as del terror que, adem\u00e1s, determinados sectores se las creen, y terminan pensando que el pa\u00eds se va a caer a pedazos si gana una u otra candidatura \u00ab, analiz\u00f3.<\/p>\n<p style=\"text-align: justify;\">\u00abEs una mala noticia de esta campa\u00f1a y se explica solamente por la l\u00f3gica de tener que movilizar electores: se dramatiza y se polariza la elecci\u00f3n por la necesidad enorme de movilizar a un electorado que, probablemente, no se movilizar\u00eda si no sintiera que hay algo dram\u00e1tico en juego \u00ab, coment\u00f3 la directora ejecutiva de la Fundaci\u00f3n Chile 21 .\u00a0 \u00abPi\u00f1era y Guillier se parecen\u00bb \u00abSi uno mira las propuestas y hace el an\u00e1lisis m\u00e1s fr\u00edo, Pi\u00f1era y Guillier se parecen m\u00e1s de lo que Guillier necesita y de lo que a Pi\u00f1era le gustar\u00eda (&#8230;) Se parecen mucho en varios temas : no estoy diciendo que sea lo mismo votar por uno o votar por otro, pero estamos dentro de un marco.<\/p>\n<p style=\"text-align: justify;\">Las diferencias est\u00e1n, quiz\u00e1s, en los \u00e9nfasis: la priorizaci\u00f3n de avanzar en derechos sociales de Alejandro Guillier, versus la priorizaci\u00f3n de (&#8230;) volver a crecer y generar empleo de Pi\u00f1era \u00ab, continu\u00f3\u00a0 Gonzalo M\u00fcller.<\/p>\n<p style=\"text-align: justify;\">\u00abFinalmente uno dice: \u00bfqu\u00e9 quisieran los chilenos? (y la respuesta es) poder crecer, tener empleo y avanzar en derechos sociales, entonces es natural que (los candidatos) tiendan a parecerse, porque los chilenos tienen un deseo que convoca a ambos .<\/p>\n<p style=\"text-align: justify;\">O sea, ninguno de los dos ha podido renunciar a parte del discurso (del otro): Guillier algo habla de crecimiento y Pi\u00f1era algo habla de avanzar en derechos sociales \u00ab, remarc\u00f3 el acad\u00e9mico de la\u00a0<span class=\"highlight\">UDD<\/span>.<\/p>\n<p style=\"text-align: justify;\">\u00abLa impronta de Bachelet lleg\u00f3 para quedarse\u00bb Gloria de la Fuente estim\u00f3 que lo anterior confirma que \u00abuna gran ganadora de todo este proceso ha sido la Presidenta Bachelet\u00bb , porque \u00abcon todo lo que muchos actores pol\u00edticos criticaron durante los \u00faltimos a\u00f1os su agenda de reformas, su impronta est\u00e1 aqu\u00ed y lleg\u00f3 para quedarse\u00bb .<\/p>\n<p style=\"text-align: justify;\">De este modo, \u00abtenemos en esta segunda vuelta a los dos candidatos hablando de gratuidad, de reforma al sistemas de AFP\u00bb , se\u00f1al\u00f3 la ex colaboradora de la campa\u00f1a de Ricardo Lagos, quien hoy est\u00e1 con Guillier.<\/p>\n<p style=\"text-align: justify;\">M\u00e1s en MSN Pi\u00f1era versus Guillier, pulso en las presidenciales chilenas Indica que te gusta en Facebook para ver historias similares Tengo problemas con los destinos principales Tengo problemas al realizar b\u00fasquedas Tengo problemas con las Aplicaciones destacadas Veo un error en el contenido Otro Indica una valoraci\u00f3n global para el sitio: \u00a9 Proporcionado por Compa\u00f1\u00eda Chilena de Comunicaciones S.A.<\/p>\n<p style=\"text-align: justify;\">Los cientistas pol\u00edticos\u00a0 Gloria de la Fuente y \u00a0Gonzalo M\u00fcller analizaron este viernes, en Cooperativa ,\u00a0los principales ejes de la campa\u00f1a presidencial que acaba de terminar y que, en dos d\u00edas m\u00e1s, definir\u00e1 al pr\u00f3ximo Presidente de Chile.<\/p>\n<p style=\"text-align: justify;\">M\u00fcller, director del Programa de Opini\u00f3n P\u00fablica de la\u00a0<span class=\"highlight\">Universidad<\/span>\u00a0<span class=\"highlight\">del<\/span>\u00a0<span class=\"highlight\">Desarrollo<\/span>\u00a0, destac\u00f3 que se trata de la\u00a0\u00abprimera elecci\u00f3n competitiva de segunda vuelta con voto voluntario\u00bb , lo que supone un resultado incierto, puesto que los expertos no han contado con la seguridad de la informaci\u00f3n que proporcionaban la historia electoral (marcada por el voto obligatorio) y las\u00a0encuestas, desacreditadas tras sus gruesos errores de la primera vuelta.<\/p>\n<p style=\"text-align: justify;\">Candidatos \u00abmoderados\u00bb, pero con discurso agresivo El militante de la UDI agreg\u00f3 que la misma situaci\u00f3n de la voluntariedad contribuy\u00f3 a que asomaran pr\u00e1cticas como la\u00a0\u00abposverdad\u00bb y la \u00abpolarizaci\u00f3n, la necesidad de la polarizaci\u00f3n\u00bb por parte de ambas candidaturas .<\/p>\n<p style=\"text-align: justify;\">\u00bb Estamos en presencia de dos de los candidatos m\u00e1s moderados en lo personal: Sebasti\u00e1n Pi\u00f1era es un candidato de derecha muy moderado y Alejandro Guillier es \u00e9l una persona muy moderada, y resulta que estamos enfrentando una de las campa\u00f1as m\u00e1s polarizadas &#8230;<\/p>\n<p style=\"text-align: justify;\">Esto tiene que ver con que los comandos entienden que van a votar los electores m\u00e1s movilizados\u00bb, y ha redundado en que ambos caigan en \u00abun discurso a ratos extra\u00f1o\u00bb, se\u00f1al\u00f3 M\u00fcller.<\/p>\n<p style=\"text-align: justify;\">\u00abBaj\u00f3 el nivel\u00bb Gloria de la Fuente coincidi\u00f3 en que la voluntariedad \u00abinstal\u00f3 una cosa que era poco habitual en Chile: la idea de la campa\u00f1a negativa; buscar en el otro candidato atributos o cuestiones malas, resaltarlas, en muchos casos con un ejercicio de posverdad\u00bb , y sostuvo que a consecuencia de esto \u00abbaj\u00f3 el nivel del debate pol\u00edtico\u00bb.<\/p>\n<p style=\"text-align: justify;\">\u00abHemos visto no de todos los candidatos, necesariamente, pero de mucha gente que est\u00e1 alrededor, un ejercicio de posverdad: el uso recurrente de mentiras, de falsedades, de interpelaciones al otro con cosas que no son ciertas, generar campa\u00f1as del terror que, adem\u00e1s, determinados sectores se las creen, y terminan pensando que el pa\u00eds se va a caer a pedazos si gana una u otra candidatura \u00ab, analiz\u00f3.<\/p>\n<p style=\"text-align: justify;\">\u00abEs una mala noticia de esta campa\u00f1a y se explica solamente por la l\u00f3gica de tener que movilizar electores: se dramatiza y se polariza la elecci\u00f3n por la necesidad enorme de movilizar a un electorado que, probablemente, no se movilizar\u00eda si no sintiera que hay algo dram\u00e1tico en juego \u00ab, coment\u00f3 la directora ejecutiva de la Fundaci\u00f3n Chile 21 .\u00a0 \u00abPi\u00f1era y Guillier se parecen\u00bb \u00abSi uno mira las propuestas y hace el an\u00e1lisis m\u00e1s fr\u00edo, Pi\u00f1era y Guillier se parecen m\u00e1s de lo que Guillier necesita y de lo que a Pi\u00f1era le gustar\u00eda (&#8230;) Se parecen mucho en varios temas : no estoy diciendo que sea lo mismo votar por uno o votar por otro, pero estamos dentro de un marco.<\/p>\n<p style=\"text-align: justify;\">Las diferencias est\u00e1n, quiz\u00e1s, en los \u00e9nfasis: la priorizaci\u00f3n de avanzar en derechos sociales de Alejandro Guillier, versus la priorizaci\u00f3n de (&#8230;) volver a crecer y generar empleo de Pi\u00f1era \u00ab, continu\u00f3\u00a0 Gonzalo M\u00fcller.<\/p>\n<p style=\"text-align: justify;\">\u00abFinalmente uno dice: \u00bfqu\u00e9 quisieran los chilenos? (y la respuesta es) poder crecer, tener empleo y avanzar en derechos sociales, entonces es natural que (los candidatos) tiendan a parecerse, porque los chilenos tienen un deseo que convoca a ambos .<\/p>\n<p style=\"text-align: justify;\">O sea, ninguno de los dos ha podido renunciar a parte del discurso (del otro): Guillier algo habla de crecimiento y Pi\u00f1era algo habla de avanzar en derechos sociales \u00ab, remarc\u00f3 el acad\u00e9mico de la\u00a0<span class=\"highlight\">UDD<\/span>.<\/p>\n<p style=\"text-align: justify;\">\u00abLa impronta de Bachelet lleg\u00f3 para quedarse\u00bb Gloria de la Fuente estim\u00f3 que lo anterior confirma que \u00abuna gran ganadora de todo este proceso ha sido la Presidenta Bachelet\u00bb , porque \u00abcon todo lo que muchos actores pol\u00edticos criticaron durante los \u00faltimos a\u00f1os su agenda de reformas, su impronta est\u00e1 aqu\u00ed y lleg\u00f3 para quedarse\u00bb .<\/p>\n<p style=\"text-align: justify;\">De este modo, \u00abtenemos en esta segunda vuelta a los dos candidatos hablando de gratuidad, de reforma al sistemas de AFP\u00bb , se\u00f1al\u00f3 la ex colaboradora de la campa\u00f1a de Ricardo Lagos, quien hoy est\u00e1 con Guillier.<\/p>\n<p><a href=\"https:\/\/goo.gl\/JL5HBC\" target=\"_blank\" rel=\"attachment wp-att-3226\"><img loading=\"lazy\" decoding=\"async\" class=\"size-medium wp-image-3226 aligncenter\" src=\"http:\/\/gobierno.udd.cl\/cpp\/files\/2017\/12\/2885be34840cdb0bdcff2d320853f7d7-86x300.jpg\" alt=\"2885be34840cdb0bdcff2d320853f7d7\" width=\"86\" height=\"300\" srcset=\"https:\/\/gobierno.udd.cl\/cpp\/files\/2017\/12\/2885be34840cdb0bdcff2d320853f7d7-86x300.jpg 86w, https:\/\/gobierno.udd.cl\/cpp\/files\/2017\/12\/2885be34840cdb0bdcff2d320853f7d7-768x2685.jpg 768w, https:\/\/gobierno.udd.cl\/cpp\/files\/2017\/12\/2885be34840cdb0bdcff2d320853f7d7-293x1024.jpg 293w, https:\/\/gobierno.udd.cl\/cpp\/files\/2017\/12\/2885be34840cdb0bdcff2d320853f7d7-275x960.jpg 275w, https:\/\/gobierno.udd.cl\/cpp\/files\/2017\/12\/2885be34840cdb0bdcff2d320853f7d7.jpg 1400w\" sizes=\"auto, (max-width: 86px) 100vw, 86px\" \/><\/a><\/p>\n","protected":false},"excerpt":{"rendered":"<p>Los cientistas pol\u00edticos\u00a0 Gloria de la Fuente y \u00a0Gonzalo M\u00fcller analizaron este viernes, en Cooperativa ,\u00a0los principales ejes de la campa\u00f1a presidencial que acaba de terminar y que, en dos d\u00edas m\u00e1s, definir\u00e1 al pr\u00f3ximo Presidente de Chile. M\u00fcller, director del Programa de Opini\u00f3n P\u00fablica de la\u00a0Universidad\u00a0del\u00a0Desarrollo\u00a0, destac\u00f3 que se trata de la\u00a0\u00abprimera elecci\u00f3n competitiva [&hellip;]<\/p>\n","protected":false},"author":22,"featured_media":893,"comment_status":"open","ping_status":"open","sticky":false,"template":"","format":"standard","meta":{"footnotes":""},"categories":[10162],"tags":[],"class_list":["post-3225","post","type-post","status-publish","format-standard","has-post-thumbnail","hentry","category-centro-en-la-prensa"],"featured_image_url":"https:\/\/gobierno.udd.cl\/cpp\/files\/2015\/05\/udd_cpp_prensa_340.png","_links":{"self":[{"href":"https:\/\/gobierno.udd.cl\/cpp\/wp-json\/wp\/v2\/posts\/3225","targetHints":{"allow":["GET"]}}],"collection":[{"href":"https:\/\/gobierno.udd.cl\/cpp\/wp-json\/wp\/v2\/posts"}],"about":[{"href":"https:\/\/gobierno.udd.cl\/cpp\/wp-json\/wp\/v2\/types\/post"}],"author":[{"embeddable":true,"href":"https:\/\/gobierno.udd.cl\/cpp\/wp-json\/wp\/v2\/users\/22"}],"replies":[{"embeddable":true,"href":"https:\/\/gobierno.udd.cl\/cpp\/wp-json\/wp\/v2\/comments?post=3225"}],"version-history":[{"count":3,"href":"https:\/\/gobierno.udd.cl\/cpp\/wp-json\/wp\/v2\/posts\/3225\/revisions"}],"predecessor-version":[{"id":3229,"href":"https:\/\/gobierno.udd.cl\/cpp\/wp-json\/wp\/v2\/posts\/3225\/revisions\/3229"}],"wp:featuredmedia":[{"embeddable":true,"href":"https:\/\/gobierno.udd.cl\/cpp\/wp-json\/wp\/v2\/media\/893"}],"wp:attachment":[{"href":"https:\/\/gobierno.udd.cl\/cpp\/wp-json\/wp\/v2\/media?parent=3225"}],"wp:term":[{"taxonomy":"category","embeddable":true,"href":"https:\/\/gobierno.udd.cl\/cpp\/wp-json\/wp\/v2\/categories?post=3225"},{"taxonomy":"post_tag","embeddable":true,"href":"https:\/\/gobierno.udd.cl\/cpp\/wp-json\/wp\/v2\/tags?post=3225"}],"curies":[{"name":"wp","href":"https:\/\/api.w.org\/{rel}","templated":true}]}}