{"id":3220,"date":"2017-12-22T10:07:05","date_gmt":"2017-12-22T13:07:05","guid":{"rendered":"http:\/\/gobierno.udd.cl\/cpp\/?p=3220"},"modified":"2017-12-22T10:08:28","modified_gmt":"2017-12-22T13:08:28","slug":"estudio-senala-que-la-cercania-con-el-metro-de-santiago-podria-disminuir-hasta-en-9-puntos-el-nivel-de-abstencion-el-mostrador","status":"publish","type":"post","link":"https:\/\/gobierno.udd.cl\/cpp\/noticias\/2017\/12\/22\/estudio-senala-que-la-cercania-con-el-metro-de-santiago-podria-disminuir-hasta-en-9-puntos-el-nivel-de-abstencion-el-mostrador\/","title":{"rendered":"Estudio se\u00f1ala que la cercan\u00eda con el Metro de Santiago podr\u00eda disminuir hasta en 9 puntos el nivel de abstenci\u00f3n &#8211; El Mostrador"},"content":{"rendered":"<p style=\"text-align: justify;\">A solo tres d\u00edas de las elecciones presidenciales 2017, Mapcity junto con la\u00a0<span class=\"highlight\">Universidad<\/span>\u00a0Diego Portales y la\u00a0<span class=\"highlight\">Universidad<\/span>\u00a0<span class=\"highlight\">del<\/span>\u00a0<span class=\"highlight\">Desarrollo<\/span>\u00a0realizaron un an\u00e1lisis geopol\u00edtico que da a conocer factores que mejorar\u00edan las tasas de participaci\u00f3n en la capital de acuerdo al movimiento de la poblaci\u00f3n.<br \/>\n\u201cCon las mismas t\u00e9cnicas Geoanal\u00edticas que Mapcity utiliza para estimar potencial de ventas y la localizaci\u00f3n \u00f3ptima de un nuevo local comercial, gracias a la variable del \u201cd\u00f3nde\u201d, es posible tambi\u00e9n ayudar a entender las conductas de los votantes para enfocar los esfuerzos de campa\u00f1a y niveles potenciales de abstenci\u00f3n o votaci\u00f3n\u201d, explica Roberto Camhi, Gerente General de Mapcity.<br \/>\nEl estudio, basado en personas con derecho a voto y los resultados en las \u00faltimas elecciones primarias, utiliz\u00f3 un modelo de regresi\u00f3n log\u00edstica que relaciona caracter\u00edsticas de los individuos, variables de control y el acceso a Metro en el origen o en el destino. De esta manera, parte de las conclusiones que mejorar\u00edan el nivel de abstenci\u00f3n o aumentar\u00eda la participaci\u00f3n en diversas comunas de Santiago, tienen directa relaci\u00f3n con el nivel socioecon\u00f3mico, la distancia con el Metro de Santiago y el sexo del votante. Frente a esto, los resultados obtenidos fueron los siguientes:<br \/>\nSi todos los hogares de Santiago y todas las mesas tuvieran una estaci\u00f3n de Metro a menos de 500 metros, la abstenci\u00f3n se reducir\u00eda en 9 puntos aproximadamente.<br \/>\nSeg\u00fan el an\u00e1lisis por nivel socioecon\u00f3mico, tener una estaci\u00f3n de metro cerca del lugar de votaci\u00f3n, aumentar\u00eda la participaci\u00f3n electoral en 2 puntos.<br \/>\nAsimismo, en el Gran Santiago, se observan variados comportamientos en la asistencia para votar. La zona oriente muestra una marcada participaci\u00f3n, proveniente de comunas como Lo Barnechea, Vitacura, Las Condes y La Reina. Respecto al an\u00e1lisis de los grupos socioecon\u00f3micos, la participaci\u00f3n es directamente proporcional al nivel de \u00e9stos.<br \/>\nPor otra parte, Recoleta, Estaci\u00f3n Central y La Pintana, concentran geogr\u00e1ficamente una menor probabilidad de asistencia electoral, que fluct\u00faa entre el 10 y 40%, abriendo oportunidades de focalizaci\u00f3n en las acciones de futuras campa\u00f1as.<br \/>\n\u201cCon el an\u00e1lisis de este estudio logramos detectar algunas recomendaciones para el aumento de la participaci\u00f3n electoral. En primer lugar, y seg\u00fan la informaci\u00f3n recabada, vemos que es bastante relevante el dise\u00f1o de los locales de votaci\u00f3n y su ubicaci\u00f3n, donde por ejemplo, se podr\u00eda priorizar colegios que est\u00e9n cerca del Metro, o bien, aumentar el tama\u00f1o y\/o el n\u00famero de mesas cercanas a \u00e9ste. Adem\u00e1s, pareciera que la gratuidad en el Metro de Santiago es capaz de aumentar la participaci\u00f3n electoral\u201d explica Louis De Grange, Director de la Escuela de Ingenier\u00eda de la Universidad Diego Portales.<br \/>\nAl mismo tiempo, el estudio detect\u00f3 que la poblaci\u00f3n con mayor probabilidad de ser adherente a Sebasti\u00e1n Pi\u00f1era, se ubica hacia la zona oriente de la capital, principalmente en Lo Barnechea, Vitacura, Las Condes, Providencia y La Reina. Por su parte, las comunas de Santiago, \u00d1u\u00f1oa, Pe\u00f1alol\u00e9n, Macul, San Miguel, La Cisterna, La Florida y Puente Alto, presentan un equilibrio de la poblaci\u00f3n con probabilidades 50\/50, siendo zonas con oportunidad de fidelizaci\u00f3n, campa\u00f1as puerta a puerta o acciones que permitan captar aquellos votos en incertidumbre.<br \/>\nEn el caso del an\u00e1lisis geogr\u00e1fico de la poblaci\u00f3n con mayor probabilidad de ser adherente a Alejandro Guillier, comunas como Pedro Aguirre Cerda, San Joaqu\u00edn y San Ram\u00f3n, muestran una adherencia por sobre el 50%, mientras que en el sector oriente \u00e9sta bajar\u00eda al 20% o menos. En tanto, en las comunas m\u00e1s populares de Chile, Maip\u00fa y Puente Alto, los pron\u00f3sticos se mantienen alrededor de un 30% para este candidato, por lo que son zonas con oportunidad para generar campa\u00f1as de captaci\u00f3n y fidelizaci\u00f3n.<\/p>\n<p style=\"text-align: justify;\"><a href=\"https:\/\/goo.gl\/PoByH2\" target=\"_blank\" rel=\"attachment wp-att-3222\"><img loading=\"lazy\" decoding=\"async\" class=\"size-medium wp-image-3222 aligncenter\" src=\"http:\/\/gobierno.udd.cl\/cpp\/files\/2017\/12\/826cf616d4764d606c29aabd82326d27-1-75x300.jpg\" alt=\"826cf616d4764d606c29aabd82326d27 (1)\" width=\"75\" height=\"300\" srcset=\"https:\/\/gobierno.udd.cl\/cpp\/files\/2017\/12\/826cf616d4764d606c29aabd82326d27-1-75x300.jpg 75w, https:\/\/gobierno.udd.cl\/cpp\/files\/2017\/12\/826cf616d4764d606c29aabd82326d27-1-255x1024.jpg 255w, https:\/\/gobierno.udd.cl\/cpp\/files\/2017\/12\/826cf616d4764d606c29aabd82326d27-1-239x960.jpg 239w\" sizes=\"auto, (max-width: 75px) 100vw, 75px\" \/><\/a><\/p>\n<p style=\"text-align: justify;\">\n","protected":false},"excerpt":{"rendered":"<p>El estudio detect\u00f3 que la poblaci\u00f3n con mayor probabilidad de ser adherente a Sebasti\u00e1n Pi\u00f1era, se ubica hacia la zona oriente de la capital, principalmente en Lo Barnechea, Vitacura, Las Condes, Providencia y La Reina, y en el caso del an\u00e1lisis geogr\u00e1fico de la poblaci\u00f3n con mayor probabilidad de ser adherente a Alejandro Guillier, comunas como Pedro Aguirre Cerda, San Joaqu\u00edn y San Ram\u00f3n, muestran una adherencia por sobre el 50%.<\/p>\n","protected":false},"author":22,"featured_media":893,"comment_status":"open","ping_status":"open","sticky":false,"template":"","format":"standard","meta":{"footnotes":""},"categories":[10162],"tags":[],"class_list":["post-3220","post","type-post","status-publish","format-standard","has-post-thumbnail","hentry","category-centro-en-la-prensa"],"featured_image_url":"https:\/\/gobierno.udd.cl\/cpp\/files\/2015\/05\/udd_cpp_prensa_340.png","_links":{"self":[{"href":"https:\/\/gobierno.udd.cl\/cpp\/wp-json\/wp\/v2\/posts\/3220","targetHints":{"allow":["GET"]}}],"collection":[{"href":"https:\/\/gobierno.udd.cl\/cpp\/wp-json\/wp\/v2\/posts"}],"about":[{"href":"https:\/\/gobierno.udd.cl\/cpp\/wp-json\/wp\/v2\/types\/post"}],"author":[{"embeddable":true,"href":"https:\/\/gobierno.udd.cl\/cpp\/wp-json\/wp\/v2\/users\/22"}],"replies":[{"embeddable":true,"href":"https:\/\/gobierno.udd.cl\/cpp\/wp-json\/wp\/v2\/comments?post=3220"}],"version-history":[{"count":3,"href":"https:\/\/gobierno.udd.cl\/cpp\/wp-json\/wp\/v2\/posts\/3220\/revisions"}],"predecessor-version":[{"id":3224,"href":"https:\/\/gobierno.udd.cl\/cpp\/wp-json\/wp\/v2\/posts\/3220\/revisions\/3224"}],"wp:featuredmedia":[{"embeddable":true,"href":"https:\/\/gobierno.udd.cl\/cpp\/wp-json\/wp\/v2\/media\/893"}],"wp:attachment":[{"href":"https:\/\/gobierno.udd.cl\/cpp\/wp-json\/wp\/v2\/media?parent=3220"}],"wp:term":[{"taxonomy":"category","embeddable":true,"href":"https:\/\/gobierno.udd.cl\/cpp\/wp-json\/wp\/v2\/categories?post=3220"},{"taxonomy":"post_tag","embeddable":true,"href":"https:\/\/gobierno.udd.cl\/cpp\/wp-json\/wp\/v2\/tags?post=3220"}],"curies":[{"name":"wp","href":"https:\/\/api.w.org\/{rel}","templated":true}]}}