{"id":3195,"date":"2017-12-15T23:29:08","date_gmt":"2017-12-16T02:29:08","guid":{"rendered":"http:\/\/gobierno.udd.cl\/cpp\/?p=3195"},"modified":"2017-12-15T23:34:17","modified_gmt":"2017-12-16T02:34:17","slug":"%ef%bb%bfamuch-reconoce-a-municipio-de-panquehue-por-buen-trato-a-funcionarios-el-trabajo","status":"publish","type":"post","link":"https:\/\/gobierno.udd.cl\/cpp\/noticias\/2017\/12\/15\/%ef%bb%bfamuch-reconoce-a-municipio-de-panquehue-por-buen-trato-a-funcionarios-el-trabajo\/","title":{"rendered":"\ufeffAmuch reconoce a municipio de Panquehue por buen trato a funcionarios &#8211; El Trabajo"},"content":{"rendered":"<p style=\"text-align: justify;\">PANQUEHUE.- La\u00a0Municipalidad de Panquehue fue reconocida por la Asociaci\u00f3n de Municipalidades de Chile (Amuch), como una corporaci\u00f3n edilicia en el buen trato laboral a sus funcionarios, reconocimiento entregado en la modalidad de comunas Semi Urbanas y Rurales.<br \/>\nLa ceremonia de entrega de estas distinciones, se realiz\u00f3 en la comuna de Las Condes, en el marco del II encuentro de calidad de vida laboral.<br \/>\nLa distinci\u00f3n fue entregada por el Director ejecutivo de Amuch, Andr\u00e9s Chac\u00f3n, y fue recibida por el alcalde Luis Prade\u00f1as, quien estuvo acompa\u00f1ado por los dirigentes de la Asociaci\u00f3n de Funcionarios Municipales de Panquehue, Evelyn Figueroa y Alexis Barrera.<br \/>\nLa Asociaci\u00f3n de Municipalidades de Chile junto a la Facultad de Gobierno de la\u00a0<span class=\"highlight\">Universidad<\/span>\u00a0<span class=\"highlight\">del<\/span><span class=\"highlight\">Desarrollo<\/span>, realizaron un estudio que tuvo por finalidad analizar la Calidad de Vida Laboral (CVL) en 179 municipios del pa\u00eds.<br \/>\nEsta medici\u00f3n -elaborada entre marzo y noviembre de 2017- se enmarca en un contexto de cambios que se han producido por la aplicaci\u00f3n de la Ley N\u00b0 20.922 sobre plantas municipales, enfocado a la profesionaliza- ci\u00f3n, mayor independencia en la contrataci\u00f3n de personal y aumento en los recursos por parte del Estado central al Fondo Com\u00fan Municipal y mayor (entre otros aspectos) que en 2018 aumentar\u00e1 a 1.052.000 UTM (m\u00e1s de $49 mil millones).<br \/>\nEl director ejecutivo de la Amuch, Andr\u00e9s Chac\u00f3n, coment\u00f3 que este tipo de estudios \u00abno se hab\u00edan desarrollado nunca (&#8230;) lo quisimos plantear porque en el mundo privado, si bien en el tema de la calidad de vida se ha ido cada vez desarrollando m\u00e1s, en el sector p\u00fablico es bastante ajeno a implementar pol\u00edticas vinculadas a la calidad de vida laboralpero en lo municipal es casi totalmente ausente\u00bb.<br \/>\nEl an\u00e1lisis, dijo, \u00abbusca implementar acciones concretas para el futuro, pol\u00edticas p\u00fablicas para que los municipios vayan imple-mentando o desarrollando este tipo de acciones e ir mejorando tambi\u00e9n los procesos hacia arriba\u00bb.<br \/>\nPor su parte, el investigador del Centro de Pol\u00edticas P\u00fablicas de la\u00a0<span class=\"highlight\">UDD<\/span>,<br \/>\nMauricio Bravo, expuso que \u00ablos resultados de este primer estudio evidencian que existe un gran espacio para avanzar en mejorar los niveles de la Calidad de Vida Laboral en los municipios chilenos. Hay un conjunto de aspectos medidos que permitir\u00e1n a los alcaldes orientar el trabajo y la acci\u00f3n municipal de la mano de la mejora continua de las relaciones labor ales, fortaleciendo su gesti\u00f3n y mejorando la calidad de los servicios hacia los ciudadanos\u00bb.<br \/>\nEvelyn Figueroa, Presidenta de la Asociaci\u00f3n de funcionarios Municipales de Panquehue, afirm\u00f3 que se trata de un positivo reconocimiento al trabajo y el trato que existe en el municipio: \u00abPor lo mismo quiero destacar que en este municipio existe un buen trabajo y de respeto hacia los funcionarios, si bien en casos puntuales existen algunas diferencias, lo concreto es que todo se soluciona y avanzamos a favor de la comunidad\u00bb.<br \/>\nEn tanto el alcalde Luis Prade\u00f1as afirm\u00f3 que esto es el resultado de un trabajo de relaciones humanas que ha realizado en esta municipalidad desde que asumi\u00f3 como autoridad comunal: \u00abFeliz con este reconocimiento, pues deja de manifiesto el buen trato en el trabajo hacia los funcionarios de esta municipalidad y eso se logra entregando una serie de garant\u00edas a los funcionarios. Por ejemplo en la municipalidad se cuenta con un casino acorde a las necesidades y est\u00e1n los medios para el desarrollo de susfunciones, que alfinal se traduce en una atenci\u00f3n adecuada hacia la comunidad\u00bb.<br \/>\nRecogiendo datos de la Subsecretar\u00eda de Desarrollo Regional (Subdere), el estudio dividi\u00f3 los resultados en cinco categor\u00edas: grandes comunas metropolitanas con alto y\/o mediano desarrollo; comunas mayores con mediano desarrollo; comunas urbanas medianas de desarrollo medio; comunas semi-urbanas y rurales con desarrollo medio; y comunas semi urbanas y rurales con desarrollo bajo. Las municipalidades que se posicionaron en el primer lugar de su categor\u00eda fueron Vitacura, Osorno, Curanil-ahue, Coltauco y Chanco.<br \/>\nSeg\u00fan explic\u00f3 Chac\u00f3n,<br \/>\ndesarrollo hace referencia a distintas variables como cantidad de poblaci\u00f3n de la comuna, cantidad de recursos que tiene el presupuesto municipal, cantidad de personas que trabajan en el municipio y cantidad de territorio. Para evaluar cada una, se consider\u00f3 siete dimensiones con un m\u00e1ximo de puntaje. \u00c9stas son pol\u00edtica de recursos humanos (9), selecci\u00f3n de recursos humanos (7), eficiencia del gasto en recursos humanos (3), condiciones laborales (8), canales de informaci\u00f3n y participaci\u00f3n (11), formaci\u00f3n continua (6) y liderazgo directivo (12).<\/p>\n<p style=\"text-align: justify;\"><a href=\"https:\/\/goo.gl\/27qo8o\" target=\"_blank\" rel=\"attachment wp-att-3197\"><img loading=\"lazy\" decoding=\"async\" class=\"size-medium wp-image-3197 aligncenter\" src=\"http:\/\/gobierno.udd.cl\/cpp\/files\/2017\/12\/4e30224ccb4af027dc18c74f8829e923-225x300.jpg\" alt=\"4e30224ccb4af027dc18c74f8829e923\" width=\"225\" height=\"300\" srcset=\"https:\/\/gobierno.udd.cl\/cpp\/files\/2017\/12\/4e30224ccb4af027dc18c74f8829e923-225x300.jpg 225w, https:\/\/gobierno.udd.cl\/cpp\/files\/2017\/12\/4e30224ccb4af027dc18c74f8829e923-768x1022.jpg 768w, https:\/\/gobierno.udd.cl\/cpp\/files\/2017\/12\/4e30224ccb4af027dc18c74f8829e923-769x1024.jpg 769w, https:\/\/gobierno.udd.cl\/cpp\/files\/2017\/12\/4e30224ccb4af027dc18c74f8829e923-721x960.jpg 721w\" sizes=\"auto, (max-width: 225px) 100vw, 225px\" \/><\/a><\/p>\n<p style=\"text-align: justify;\">\n","protected":false},"excerpt":{"rendered":"<p>\ufeffFueron 15 las municipalidades del pa\u00eds que recibieron esta distinci\u00f3n, y la Municipalidad de Panquehue se encasill\u00f3 en la categor\u00eda comunas Semi Urbanas y Rurales.<\/p>\n","protected":false},"author":22,"featured_media":893,"comment_status":"open","ping_status":"open","sticky":false,"template":"","format":"standard","meta":{"footnotes":""},"categories":[10162],"tags":[],"class_list":["post-3195","post","type-post","status-publish","format-standard","has-post-thumbnail","hentry","category-centro-en-la-prensa"],"featured_image_url":"https:\/\/gobierno.udd.cl\/cpp\/files\/2015\/05\/udd_cpp_prensa_340.png","_links":{"self":[{"href":"https:\/\/gobierno.udd.cl\/cpp\/wp-json\/wp\/v2\/posts\/3195","targetHints":{"allow":["GET"]}}],"collection":[{"href":"https:\/\/gobierno.udd.cl\/cpp\/wp-json\/wp\/v2\/posts"}],"about":[{"href":"https:\/\/gobierno.udd.cl\/cpp\/wp-json\/wp\/v2\/types\/post"}],"author":[{"embeddable":true,"href":"https:\/\/gobierno.udd.cl\/cpp\/wp-json\/wp\/v2\/users\/22"}],"replies":[{"embeddable":true,"href":"https:\/\/gobierno.udd.cl\/cpp\/wp-json\/wp\/v2\/comments?post=3195"}],"version-history":[{"count":3,"href":"https:\/\/gobierno.udd.cl\/cpp\/wp-json\/wp\/v2\/posts\/3195\/revisions"}],"predecessor-version":[{"id":3199,"href":"https:\/\/gobierno.udd.cl\/cpp\/wp-json\/wp\/v2\/posts\/3195\/revisions\/3199"}],"wp:featuredmedia":[{"embeddable":true,"href":"https:\/\/gobierno.udd.cl\/cpp\/wp-json\/wp\/v2\/media\/893"}],"wp:attachment":[{"href":"https:\/\/gobierno.udd.cl\/cpp\/wp-json\/wp\/v2\/media?parent=3195"}],"wp:term":[{"taxonomy":"category","embeddable":true,"href":"https:\/\/gobierno.udd.cl\/cpp\/wp-json\/wp\/v2\/categories?post=3195"},{"taxonomy":"post_tag","embeddable":true,"href":"https:\/\/gobierno.udd.cl\/cpp\/wp-json\/wp\/v2\/tags?post=3195"}],"curies":[{"name":"wp","href":"https:\/\/api.w.org\/{rel}","templated":true}]}}