{"id":3189,"date":"2017-12-15T23:24:33","date_gmt":"2017-12-16T02:24:33","guid":{"rendered":"http:\/\/gobierno.udd.cl\/cpp\/?p=3189"},"modified":"2017-12-15T23:26:11","modified_gmt":"2017-12-16T02:26:11","slug":"traiguen-es-uno-de-los-15-mejores-municipios-para-trabajar-en-chile-el-austral","status":"publish","type":"post","link":"https:\/\/gobierno.udd.cl\/cpp\/noticias\/2017\/12\/15\/traiguen-es-uno-de-los-15-mejores-municipios-para-trabajar-en-chile-el-austral\/","title":{"rendered":"Traigu\u00e9n es uno de los 15 mejores municipios para trabajar en Chile &#8211; El Austral"},"content":{"rendered":"<p style=\"text-align: justify;\">Traigu\u00e9n, en la Provincia de Malleco, fue la comuna de La Araucan\u00eda con mejor ubicaci\u00f3n en el \u00abRanking sobre calidad de vida laboral\u00bb, elaborado entre marzo y noviembre de este a\u00f1o por la Asociaci\u00f3n de Municipalidades de Chile (Amuch) y la\u00a0<span class=\"highlight\">Universidad<\/span>\u00a0<span class=\"highlight\">del<\/span>\u00a0<span class=\"highlight\">Desarrollo<\/span>\u00a0y donde se aplic\u00f3 un estudio en 179 municipios del pa\u00eds.<br \/>\nAs\u00ed, en la categor\u00eda \u00abComunas Urbanas Medianas de Desarrollo Medio\u00bb, Traigu\u00e9n se hizo acreedor a un reconocimiento por parte de Amuch al obtener la segunda ubicaci\u00f3n, antecedido solamente por Curanilahue, en tanto que Nueva Imperial, de la Provincia de Caut\u00edn, tambi\u00e9n logr\u00f3 acceder a este meritorio ranking al ocupar el quinto lugar en la categor\u00eda \u00abComunas Semiurbanas y Rurales con Desarrollo Bajo\u00bb.<br \/>\nEl estudio, que se desarrolla por primera vez, busca implementar acciones concretas para el futuro, como pol\u00edticas p\u00fablicas para el desarrollo de los municipios, y se enmarca en el contexto de cambios que se ha producido por la aplicaci\u00f3n de la Ley 20.922 sobre Plantas Municipales, enfocado a la profesionalizaci\u00f3n, mayor independencia en la contrataci\u00f3n de personal y aumento en los recursos por parte del Estado central al Fondo Com\u00fan Municipal.<br \/>\nEl ranking se estableci\u00f3 tras el an\u00e1lisis de los datos de campo reunidos durante nueve meses. Para ello se recogieron datos de la Subsecretar\u00eda de Desarrollo Regional, dividi\u00e9ndose los resultados en 5 categor\u00edas: grandes comunas metropolitanas con alto o mediano desarrollo; comunas mayores con mediano desarrollo; comunas urbanas medianas de desarrollo medio; comunas semiurbanas y rurales con desarrollo medio, y comunas semiurbanas y rurales con desarrollo bajo.<br \/>\nDe acuerdo con lo se\u00f1alado por el director ejecutivo de la Amuch, Andr\u00e9s Chac\u00f3n, los municipios que encabezaron cada categor\u00eda lideraron distintas variables, desde la cantidad de recursos que tiene el presupuesto municipal hasta la cantidad de territorio. Es as\u00ed que se consideraron siete dimensiones con un m\u00e1ximo de puntaje: pol\u00edtica de recursos humanos, selecci\u00f3n de recursos humanos, eficiencia del gasto en recursos humanos, condiciones laborales, canales de informaci\u00f3n y participaci\u00f3n, formaci\u00f3n continua y liderazgo directivo.<br \/>\nTRAIGU\u00c9N<br \/>\nLa Asociaci\u00f3n de Municipalidades de Chile premi\u00f3 a los 15 mejores municipios para trabajar en Chile, los tres primeros de cada categor\u00eda, entrando as\u00ed a este selecto grupo la comuna de Traigu\u00e9n, que ocup\u00f3 el segundo puesto en la categor\u00eda \u00abComunas Urbanas Medianas de Desarrollo Medio\u00bb, superada s\u00f3lo por Curanilahue (ver cuadro).<br \/>\nEl alcalde traiguenino, Ricardo Sanhueza, se mostr\u00f3 feliz por este logro. \u00abSomos una administraci\u00f3n nueva, asum\u00ed hace exactamente un a\u00f1o y recibir esta noticia, saber que estamos dentro de los 15 mejores municipios del pa\u00eds en esta materia es un tremendo orgullo, esto nos insta a seguir trabajando m\u00e1s y mejor, hemos inculcado en nuestros funcionarios de los distintos departamentos, que exista un buen clima laboral, con respeto y dignidad, saber que las personas son s\u00faper importantes, tanto los funcionarios como los usuarios que a diario recurren al municipio por diversos requerimientos\u00bb.<br \/>\nEl alcalde traiguenino agreg\u00f3 que \u00absaber que dentro de esta categor\u00eda hemos obtenido el 2\u00b0 lugar, nos da pie a seguir orientando nuestra administraci\u00f3n al trabajo mancomunado entre la acci\u00f3n municipal, la mejora de las relaciones laborales y el fortalecimiento a la gesti\u00f3n, para ir mejorando la calidad de los servicios hacia los ciudadanos, porque traigu\u00e9n lo hacemos todos\u00bb.<br \/>\nIMPERIAL<br \/>\nPero Traigu\u00e9n no fue la \u00fanica comuna de La Araucan\u00eda que ingres\u00f3 a los puestos de honor de este ranking. En la categor\u00eda \u00abComunas Semi Urbanas y Rurales con Desarrollo Bajo\u00bb, el municipio de Nueva Imperial logr\u00f3 instalar a la comuna en la quinta ubicaci\u00f3n de la lista encabezada por Chanco. (ver cuadro)<br \/>\nMarisa Sandoval, administradora municipal y alcalde subrogante de Imperial, dijo que \u00absin duda que esto nos satisface, creemos que es una respuesta al trabajo que hemos venido haciendo desde hace a\u00f1os, justamente en la calidad de vida de nuestros colaboradores. A nivel regional es sabido que en Imperial desde el 2000 hemos implementado las tardes de autocuidado, lo que significa que los mi\u00e9rcoles cerramos el municipio a las 14 horas para trabajar con nuestro usuario interno en diversos talleres y en capacitaciones\u00bb.<br \/>\nLa administradora precis\u00f3 que \u00abestamos actualizando nuestra pol\u00edtica de desarrollo personal, sumando dos elementos que la ley no contempla: el desarrollo personal basado en la gesti\u00f3n de la felicidad y del talento\u00bb.<br \/>\nRESULTADOS<br \/>\nEn materia de distribuci\u00f3n de comunas del ranking por regi\u00f3n, la primera ubicaci\u00f3n la tiene la Regi\u00f3n Metropolitana, con un 22,67%, seguida por el Biob\u00edo (14,6%), Valpara\u00edso (12%) y Maule (9,33%).<br \/>\nLa Araucan\u00eda aparece en la quinta ubicaci\u00f3n con un 8,67%, superando a Los Lagos, Magallanes, Coquimbo, O\u00b4Higgins, Los R\u00edos, Ays\u00e9n, Atacama, Tarapac\u00e1 y Antofagasta.<br \/>\nTemuco ocup\u00f3 el sexto lugar en la categor\u00eda \u00abGrandes comunas metropolitanas con alto y\/o mediano desarrollo\u00bb.<\/p>\n<p style=\"text-align: justify;\"><a href=\"https:\/\/goo.gl\/LBg8Ak\" target=\"_blank\" rel=\"attachment wp-att-3191\"><img loading=\"lazy\" decoding=\"async\" class=\"size-medium wp-image-3191 aligncenter\" src=\"http:\/\/gobierno.udd.cl\/cpp\/files\/2017\/12\/2017-12-08_www.australtemuco.cl_08_12_17_pag_02-1440-f6e424-210x300.jpg\" alt=\"2017-12-08_www.australtemuco.cl_08_12_17_pag_02-1440-f6e424\" width=\"210\" height=\"300\" srcset=\"https:\/\/gobierno.udd.cl\/cpp\/files\/2017\/12\/2017-12-08_www.australtemuco.cl_08_12_17_pag_02-1440-f6e424-210x300.jpg 210w, https:\/\/gobierno.udd.cl\/cpp\/files\/2017\/12\/2017-12-08_www.australtemuco.cl_08_12_17_pag_02-1440-f6e424-768x1098.jpg 768w, https:\/\/gobierno.udd.cl\/cpp\/files\/2017\/12\/2017-12-08_www.australtemuco.cl_08_12_17_pag_02-1440-f6e424-717x1024.jpg 717w, https:\/\/gobierno.udd.cl\/cpp\/files\/2017\/12\/2017-12-08_www.australtemuco.cl_08_12_17_pag_02-1440-f6e424-672x960.jpg 672w, https:\/\/gobierno.udd.cl\/cpp\/files\/2017\/12\/2017-12-08_www.australtemuco.cl_08_12_17_pag_02-1440-f6e424.jpg 1440w\" sizes=\"auto, (max-width: 210px) 100vw, 210px\" \/><\/a><\/p>\n<p style=\"text-align: justify;\"><a href=\"https:\/\/goo.gl\/dtivvR\" target=\"_blank\" rel=\"attachment wp-att-3193\"><img loading=\"lazy\" decoding=\"async\" class=\"size-medium wp-image-3193 aligncenter\" src=\"http:\/\/gobierno.udd.cl\/cpp\/files\/2017\/12\/2017-12-08_www.australtemuco.cl_08_12_17_pag_03-1440-f6e424-210x300.jpg\" alt=\"2017-12-08_www.australtemuco.cl_08_12_17_pag_03-1440-f6e424\" width=\"210\" height=\"300\" srcset=\"https:\/\/gobierno.udd.cl\/cpp\/files\/2017\/12\/2017-12-08_www.australtemuco.cl_08_12_17_pag_03-1440-f6e424-210x300.jpg 210w, https:\/\/gobierno.udd.cl\/cpp\/files\/2017\/12\/2017-12-08_www.australtemuco.cl_08_12_17_pag_03-1440-f6e424-768x1098.jpg 768w, https:\/\/gobierno.udd.cl\/cpp\/files\/2017\/12\/2017-12-08_www.australtemuco.cl_08_12_17_pag_03-1440-f6e424-717x1024.jpg 717w, https:\/\/gobierno.udd.cl\/cpp\/files\/2017\/12\/2017-12-08_www.australtemuco.cl_08_12_17_pag_03-1440-f6e424-672x960.jpg 672w, https:\/\/gobierno.udd.cl\/cpp\/files\/2017\/12\/2017-12-08_www.australtemuco.cl_08_12_17_pag_03-1440-f6e424.jpg 1440w\" sizes=\"auto, (max-width: 210px) 100vw, 210px\" \/><\/a><\/p>\n","protected":false},"excerpt":{"rendered":"<p>DESTACADOS. Asociaci\u00f3n de Municipios de Chile y Universidad del Desarrollo elaboraron estudio que abarc\u00f3 a 179 municipios. La otra comuna de La Araucan\u00eda que logr\u00f3 ingresar a las listas de honor fue Nueva Imperial, que obtuvo el quinto lugar entre las comunas semiurbanas y rurales con desarrollo bajo.<\/p>\n","protected":false},"author":22,"featured_media":893,"comment_status":"open","ping_status":"open","sticky":false,"template":"","format":"standard","meta":{"footnotes":""},"categories":[10162],"tags":[],"class_list":["post-3189","post","type-post","status-publish","format-standard","has-post-thumbnail","hentry","category-centro-en-la-prensa"],"featured_image_url":"https:\/\/gobierno.udd.cl\/cpp\/files\/2015\/05\/udd_cpp_prensa_340.png","_links":{"self":[{"href":"https:\/\/gobierno.udd.cl\/cpp\/wp-json\/wp\/v2\/posts\/3189","targetHints":{"allow":["GET"]}}],"collection":[{"href":"https:\/\/gobierno.udd.cl\/cpp\/wp-json\/wp\/v2\/posts"}],"about":[{"href":"https:\/\/gobierno.udd.cl\/cpp\/wp-json\/wp\/v2\/types\/post"}],"author":[{"embeddable":true,"href":"https:\/\/gobierno.udd.cl\/cpp\/wp-json\/wp\/v2\/users\/22"}],"replies":[{"embeddable":true,"href":"https:\/\/gobierno.udd.cl\/cpp\/wp-json\/wp\/v2\/comments?post=3189"}],"version-history":[{"count":3,"href":"https:\/\/gobierno.udd.cl\/cpp\/wp-json\/wp\/v2\/posts\/3189\/revisions"}],"predecessor-version":[{"id":3194,"href":"https:\/\/gobierno.udd.cl\/cpp\/wp-json\/wp\/v2\/posts\/3189\/revisions\/3194"}],"wp:featuredmedia":[{"embeddable":true,"href":"https:\/\/gobierno.udd.cl\/cpp\/wp-json\/wp\/v2\/media\/893"}],"wp:attachment":[{"href":"https:\/\/gobierno.udd.cl\/cpp\/wp-json\/wp\/v2\/media?parent=3189"}],"wp:term":[{"taxonomy":"category","embeddable":true,"href":"https:\/\/gobierno.udd.cl\/cpp\/wp-json\/wp\/v2\/categories?post=3189"},{"taxonomy":"post_tag","embeddable":true,"href":"https:\/\/gobierno.udd.cl\/cpp\/wp-json\/wp\/v2\/tags?post=3189"}],"curies":[{"name":"wp","href":"https:\/\/api.w.org\/{rel}","templated":true}]}}