{"id":3169,"date":"2017-12-09T15:33:22","date_gmt":"2017-12-09T18:33:22","guid":{"rendered":"http:\/\/gobierno.udd.cl\/cpp\/?p=3169"},"modified":"2017-12-09T15:33:22","modified_gmt":"2017-12-09T18:33:22","slug":"el-anti-candidato-guillier-o-el-requiem-para-la-nueva-mayoria-la-nacion","status":"publish","type":"post","link":"https:\/\/gobierno.udd.cl\/cpp\/noticias\/2017\/12\/09\/el-anti-candidato-guillier-o-el-requiem-para-la-nueva-mayoria-la-nacion\/","title":{"rendered":"El anti-candidato Guillier o el r\u00e9quiem para la Nueva Mayor\u00eda &#8211; La Naci\u00f3n"},"content":{"rendered":"<p style=\"text-align: justify;\">*Por Jos\u00e9 de la Cruz Garrido F.<\/p>\n<p style=\"text-align: justify;\">Hoy la candidatura de Alejandro Guillier tiene el desaf\u00edo de construir un enemigo com\u00fan, un \u201canti\u201d, con las otras fuerzas de izquierda, frente a la debacle electoral de la Nueva Mayor\u00eda. Este enemigo es \u201cla derecha\u201d, sin matices. As\u00ed, el populismo latinoamericano ha consolidado ret\u00f3rica eficaz para ir deconstruyendo la institucionalidad republicana orientado a la construcci\u00f3n de un modelo hegem\u00f3nico socialista (vgr. Laclau).<\/p>\n<p style=\"text-align: justify;\">Por lo mismo, no debe extra\u00f1ar que en lo que quede de campa\u00f1a sean pocas las ideas que proponga el \u201canti-candidato\u201d, y centre sus esfuerzos en descalificar e intente persuadir al voto del Frente Amplio (FA), cuyo negocio tampoco consiste hoy en gobernar, sino en construir una oposici\u00f3n desde el espect\u00e1culo televisivo, los centros de estudiantes y \u201cla calle\u201d que domina. Conceptualmente, ya han identificado ejes program\u00e1ticos, para producir una dial\u00e9ctica del enemigo que divida entre los que est\u00e1n a favor o en contra de una reforma, por supuesto sin profundizar en detalles, ni c\u00f3mo se financiar\u00e1. Por ejemplo, la gratuidad en educaci\u00f3n superior. S\u00f3lo de esta manera es posible presentar a la \u201cderecha\u201d conceptualmente como un retroceso.<\/p>\n<p style=\"text-align: justify;\">En este contexto, el negocio del FA es redondo. No apoyar expresamente la candidatura de Guillier comprometiendo un futuro cogobierno, pero s\u00ed t\u00e1citamente los votos, a cambio, por ejemplo, de incluir en el programa \u201cNo + AFP\u201d. Si Guillier pierde, pierde la Nueva Mayor\u00eda, y no el FA. Si gana, gana gracias al FA.<\/p>\n<p style=\"text-align: justify;\">No debiera producir alarma, por ende, que el esp\u00edritu de esta candidatura sea un discurso que rechace los consensos transversales y que apele a transformaciones culturales para, as\u00ed, movilizar al eje \u201cprogresista\u201d. Independiente a contar o no con una base econ\u00f3mica consolidada e instituciones p\u00fablicas eficientes y transparentes que hagan posible garantizar servicios p\u00fablicos decentes para la gran mayor\u00eda de la poblaci\u00f3n. Si no, es cosa de ver las declaraciones de Nicol\u00e1s Grau frente al llamado \u201cNo + AFP\u201d, cuando promovi\u00f3 el cambio del Fondo A al E, perjudicando gravemente los ahorros de miles de personas. \u201cEra una demostraci\u00f3n de fuerza. Si no resulta, las personas vuelven al Fondo A y no cambia nada. Si coincide con un mal a\u00f1o en el E, es irrelevante en los montos. De hecho, un mal a\u00f1o en el Fondo A s\u00ed es malo, un mal a\u00f1o en el E no lo es tanto\u201d (El Desconcierto 13\/12\/2016).<\/p>\n<p style=\"text-align: justify;\">Ante el supremacismo moral del \u201cprogresismo\u201d frente a la \u201cderecha\u201d, no queda m\u00e1s que reunir al centro pol\u00edtico moderado, evitando caer en la fiebre de la polarizaci\u00f3n que traba las pol\u00edticas de consenso y la pol\u00edtica sensu stricto. Construir un eje de centro que vele por la responsabilidad p\u00fablica con una mirada que equilibre una tecnocracia responsable y una pol\u00edtica de acuerdos razonables.<\/p>\n<p style=\"text-align: justify;\">En las sociedades modernas hay que ser tolerantes a la diversidad y que las razones que damos en una sociedad pluralista deben incluir las razones de los otros y esa racionalidad tiene una base t\u00e9cnica que hace sustentable la gobernabilidad de las naciones. La pol\u00edtica no es un juego de suma cero, y de su car\u00e1cter \u201carquitect\u00f3nico\u201d, como dec\u00eda Arist\u00f3teles, depende el bienestar de la polis. De ah\u00ed, que el desaf\u00edo es congregar, en un contexto donde la irracionalidad de la sociedad del espect\u00e1culo nos invita a hacer \u201cdemostraciones de fuerza\u201d, incluso si esto afecta el bienestar de tus conciudadanos.<\/p>\n<p style=\"text-align: justify;\">De fracasar en el intento, \u00bfestaremos oyendo en la \u201canti candidatura\u201d una misa para el responso de la Nueva Mayor\u00eda?<\/p>\n<p style=\"text-align: justify;\"><strong>*Jos\u00e9 de la Cruz Garrido Fuchslocher<\/strong>\u00a0es profesor e investigador del Centro de Pol\u00edticas P\u00fablicas de la Facultad de Gobierno de la\u00a0<span class=\"highlight\">Universidad<\/span>\u00a0<span class=\"highlight\">del<\/span>\u00a0<span class=\"highlight\">Desarrollo<\/span>.<\/p>\n<p style=\"text-align: justify;\"><a href=\"https:\/\/goo.gl\/RGbndY\" target=\"_blank\" rel=\"attachment wp-att-3170\"><img loading=\"lazy\" decoding=\"async\" class=\"size-medium wp-image-3170 aligncenter\" src=\"http:\/\/gobierno.udd.cl\/cpp\/files\/2017\/12\/d59aa64ee9ff908a0d18ad61e13df5d6-83x300.jpg\" alt=\"d59aa64ee9ff908a0d18ad61e13df5d6\" width=\"83\" height=\"300\" srcset=\"https:\/\/gobierno.udd.cl\/cpp\/files\/2017\/12\/d59aa64ee9ff908a0d18ad61e13df5d6-83x300.jpg 83w, https:\/\/gobierno.udd.cl\/cpp\/files\/2017\/12\/d59aa64ee9ff908a0d18ad61e13df5d6-768x2769.jpg 768w, https:\/\/gobierno.udd.cl\/cpp\/files\/2017\/12\/d59aa64ee9ff908a0d18ad61e13df5d6-284x1024.jpg 284w, https:\/\/gobierno.udd.cl\/cpp\/files\/2017\/12\/d59aa64ee9ff908a0d18ad61e13df5d6-266x960.jpg 266w, https:\/\/gobierno.udd.cl\/cpp\/files\/2017\/12\/d59aa64ee9ff908a0d18ad61e13df5d6.jpg 1400w\" sizes=\"auto, (max-width: 83px) 100vw, 83px\" \/><\/a><\/p>\n","protected":false},"excerpt":{"rendered":"<p>*Por Jos\u00e9 de la Cruz Garrido F. Hoy la candidatura de Alejandro Guillier tiene el desaf\u00edo de construir un enemigo com\u00fan, un \u201canti\u201d, con las otras fuerzas de izquierda, frente a la debacle electoral de la Nueva Mayor\u00eda. Este enemigo es \u201cla derecha\u201d, sin matices. As\u00ed, el populismo latinoamericano ha consolidado ret\u00f3rica eficaz para ir [&hellip;]<\/p>\n","protected":false},"author":22,"featured_media":893,"comment_status":"open","ping_status":"open","sticky":false,"template":"","format":"standard","meta":{"footnotes":""},"categories":[10162],"tags":[],"class_list":["post-3169","post","type-post","status-publish","format-standard","has-post-thumbnail","hentry","category-centro-en-la-prensa"],"featured_image_url":"https:\/\/gobierno.udd.cl\/cpp\/files\/2015\/05\/udd_cpp_prensa_340.png","_links":{"self":[{"href":"https:\/\/gobierno.udd.cl\/cpp\/wp-json\/wp\/v2\/posts\/3169","targetHints":{"allow":["GET"]}}],"collection":[{"href":"https:\/\/gobierno.udd.cl\/cpp\/wp-json\/wp\/v2\/posts"}],"about":[{"href":"https:\/\/gobierno.udd.cl\/cpp\/wp-json\/wp\/v2\/types\/post"}],"author":[{"embeddable":true,"href":"https:\/\/gobierno.udd.cl\/cpp\/wp-json\/wp\/v2\/users\/22"}],"replies":[{"embeddable":true,"href":"https:\/\/gobierno.udd.cl\/cpp\/wp-json\/wp\/v2\/comments?post=3169"}],"version-history":[{"count":1,"href":"https:\/\/gobierno.udd.cl\/cpp\/wp-json\/wp\/v2\/posts\/3169\/revisions"}],"predecessor-version":[{"id":3171,"href":"https:\/\/gobierno.udd.cl\/cpp\/wp-json\/wp\/v2\/posts\/3169\/revisions\/3171"}],"wp:featuredmedia":[{"embeddable":true,"href":"https:\/\/gobierno.udd.cl\/cpp\/wp-json\/wp\/v2\/media\/893"}],"wp:attachment":[{"href":"https:\/\/gobierno.udd.cl\/cpp\/wp-json\/wp\/v2\/media?parent=3169"}],"wp:term":[{"taxonomy":"category","embeddable":true,"href":"https:\/\/gobierno.udd.cl\/cpp\/wp-json\/wp\/v2\/categories?post=3169"},{"taxonomy":"post_tag","embeddable":true,"href":"https:\/\/gobierno.udd.cl\/cpp\/wp-json\/wp\/v2\/tags?post=3169"}],"curies":[{"name":"wp","href":"https:\/\/api.w.org\/{rel}","templated":true}]}}