{"id":3155,"date":"2017-12-09T14:57:23","date_gmt":"2017-12-09T17:57:23","guid":{"rendered":"http:\/\/gobierno.udd.cl\/cpp\/?p=3155"},"modified":"2017-12-09T14:59:41","modified_gmt":"2017-12-09T17:59:41","slug":"chiletendencia-la-inclusion-de-ossandon-puede-ser-determinante-en-segunda-vuelta-para-pinera-el-mercurio","status":"publish","type":"post","link":"https:\/\/gobierno.udd.cl\/cpp\/noticias\/2017\/12\/09\/chiletendencia-la-inclusion-de-ossandon-puede-ser-determinante-en-segunda-vuelta-para-pinera-el-mercurio\/","title":{"rendered":"Chiletendencia: \u00abLa inclusi\u00f3n de Ossand\u00f3n puede ser determinante en segunda vuelta para Pi\u00f1era\u00bb &#8211; El Mercurio"},"content":{"rendered":"<p style=\"text-align: justify;\">Chiletendencia fue la consultora que estuvo m\u00e1s cerca de los resultados en las proyecciones de votaci\u00f3n para la primera vuelta de la elecci\u00f3n presidencial.\u00a0Con el apoyo de la Facultad de Gobierno de la\u00a0<span class=\"highlight\">Universidad<\/span>\u00a0<span class=\"highlight\">del<\/span>\u00a0<span class=\"highlight\">Desarrollo<\/span>, la firma desarroll\u00f3 una metodolog\u00eda \u00fanica basada en un panel aleatorio representativo de 1.200 personas en la Regi\u00f3n Metropolitana, sobre el cual se efect\u00faa un seguimiento para monitorear cambios reales de tendencias y opiniones, minimizando los m\u00e1rgenes de error. Juan Pablo Lav\u00edn y Estela Lav\u00edn son los socios de esta empresa \u00abespecializada en revelar, monitorear y descifrar cambios en opini\u00f3n p\u00fablica y tendencias de la poblaci\u00f3n\u00bb.<\/p>\n<p style=\"text-align: justify;\">Consultados por sus estimaciones para segunda vuelta y en el contexto de la significativa votaci\u00f3n de Beatriz S\u00e1nchez, respecto de la cual el Frente Amplio decret\u00f3 libertad de voto, se\u00f1alan: \u00abCreer que los votos de S\u00e1nchez se suman a los de Alejandro Guillier en segunda vuelta es un an\u00e1lisis muy simplista.\u00a0En l\u00edneas generales, los votantes de S\u00e1nchez est\u00e1n buscando un cambio de los \u00abpol\u00edticos de siempre\u00bb, quieren a alguien nuevo, y el senador Guillier no es precisamente la encarnaci\u00f3n de eso.\u00a0Ya lleva casi 4 a\u00f1os en ejercicio y gran parte de su campa\u00f1a se enfoca en continuar la labor del gobierno de Michelle Bachelet.\u00a0La mayor sinton\u00eda con los votantes de S\u00e1nchez se logra en temas como la desigualdad, derechos sociales y amplitud en temas val\u00f3ricos.\u00a0Por lo que muestran nuestros datos, Guillier no lograr\u00eda conseguir m\u00e1s del 75% de los votos de S\u00e1nchez, y Sebasti\u00e1n Pi\u00f1era podr\u00eda hacerse de un 5 a 7% de estos.-\u00bfY cu\u00e1l cree que ser\u00e1n otros factores determinantes?-Sin duda, la inclusi\u00f3n del senador Ossand\u00f3n en la campa\u00f1a de segunda vuelta. Entre nuestros panelistas vemos que quienes lo apoyaban en las primarias de julio, hoy se dividen equitativamente entre Pi\u00f1era y Guillier.\u00a0La figura del senador Manuel Jos\u00e9 Ossand\u00f3n podr\u00eda no s\u00f3lo aumentar los votos de Pi\u00f1era con gente que no lo apoy\u00f3 en primera vuelta, sino que podr\u00eda traspasar votos que fueron de Guillier en noviembre, a votos de Pi\u00f1era para diciembre.<\/p>\n<p style=\"text-align: justify;\"><strong>La t\u00e9cnica del Panel<\/strong><\/p>\n<p style=\"text-align: justify;\"><em>-\u00bfEn qu\u00e9 se basa la confianza en el m\u00e9todo de ustedes?<\/em><\/p>\n<p style=\"text-align: justify;\">-En que nuestro panel es probabil\u00edstico.\u00a0En 2015 hicimos un muestreo aleatorio de hogares de la Regi\u00f3n Metropolitana, enviamos cartas a todas las casas sorteadas en la muestra, y luego visitamos cada uno de los hogares sorteados con diversos equipos de encuestadores presenciales.\u00a0Los panelistas fueron encuestados cara a cara para construir una segmentaci\u00f3n base, y se les inscrib\u00eda en nuestro panel para que reciban de 2 a 4 preguntas semanales v\u00eda SMS. S\u00f3lo pueden participar quienes salieron sorteados en la muestra. Fue una tarea ardua que dur\u00f3 m\u00e1s de 6 meses, pero es la \u00fanica manera de certificar que el panelista que responde es realmente quien dice ser. De esta manera evitamos los principales sesgos de los paneles online, la autoselecci\u00f3n y la imposibilidad de determinar realmente qui\u00e9n es la persona que responde. El \u00e9xito de nuestra predicci\u00f3n de los resultados electorales se debe en gran parte al haber sido rigurosos al momento de conformar el panel. Luego, la interacci\u00f3n semanal con ellos nos permiti\u00f3 ir comprobando y corrigiendo informaci\u00f3n (por ejemplo, los cambios de domicilio). Por \u00faltimo, un factor clave en esta elecci\u00f3n fue nuestro c\u00e1lculo del voto probable.\u00a0Nosotros corremos con la ventaja de que tenemos mucha informaci\u00f3n acumulada sobre nuestros panelistas.\u00a0No s\u00f3lo sabemos su inter\u00e9s en la elecci\u00f3n y si vot\u00f3 o no en la \u00faltima elecci\u00f3n, tambi\u00e9n tenemos una cantidad de informaci\u00f3n que nos permiti\u00f3 generar un \u00edndice de voto probable con 17 variables. En Estados Unidos, donde me encuentro haciendo mis estudios de posgrado, el Pew Research Center recomienda estimar el voto probable con paneles por la complejidad que implica.\u00bbEl \u00e9xito de nuestra predicci\u00f3n de los resultados electorales se debe en gran parte al hecho de haber sido rigurosos al momento de conformar el panel\u00bb.\u00bbEn Estados Unidos, donde me encuentro haciendo un posgrado en la Universidad de Columbia, el Pew Research Center recomienda estimar el voto probable con paneles por la complejidad que implica\u00bb.<\/p>\n<p style=\"text-align: justify;\"><a href=\"https:\/\/goo.gl\/Av5Te5\" target=\"_blank\" rel=\"attachment wp-att-3158\"><img loading=\"lazy\" decoding=\"async\" class=\"size-medium wp-image-3158 aligncenter\" src=\"http:\/\/gobierno.udd.cl\/cpp\/files\/2017\/12\/2017-12-02_impresa.elmercurio.com_MERSTNA004CC0212_1100-215x300.png\" alt=\"2017-12-02_impresa.elmercurio.com_MERSTNA004CC0212_1100\" width=\"215\" height=\"300\" srcset=\"https:\/\/gobierno.udd.cl\/cpp\/files\/2017\/12\/2017-12-02_impresa.elmercurio.com_MERSTNA004CC0212_1100-215x300.png 215w, https:\/\/gobierno.udd.cl\/cpp\/files\/2017\/12\/2017-12-02_impresa.elmercurio.com_MERSTNA004CC0212_1100-768x1073.png 768w, https:\/\/gobierno.udd.cl\/cpp\/files\/2017\/12\/2017-12-02_impresa.elmercurio.com_MERSTNA004CC0212_1100-733x1024.png 733w, https:\/\/gobierno.udd.cl\/cpp\/files\/2017\/12\/2017-12-02_impresa.elmercurio.com_MERSTNA004CC0212_1100-687x960.png 687w\" sizes=\"auto, (max-width: 215px) 100vw, 215px\" \/><\/a><\/p>\n","protected":false},"excerpt":{"rendered":"<p>Dicen que Guillier no lograr\u00eda conseguir m\u00e1s del 75% de los votos de S\u00e1nchez, y Sebasti\u00e1n Pi\u00f1era podr\u00eda hacerse de un 5 a 7% de estos.<\/p>\n","protected":false},"author":22,"featured_media":893,"comment_status":"open","ping_status":"open","sticky":false,"template":"","format":"standard","meta":{"footnotes":""},"categories":[12124],"tags":[],"class_list":["post-3155","post","type-post","status-publish","format-standard","has-post-thumbnail","hentry","category-panel-ciudadano"],"featured_image_url":"https:\/\/gobierno.udd.cl\/cpp\/files\/2015\/05\/udd_cpp_prensa_340.png","_links":{"self":[{"href":"https:\/\/gobierno.udd.cl\/cpp\/wp-json\/wp\/v2\/posts\/3155","targetHints":{"allow":["GET"]}}],"collection":[{"href":"https:\/\/gobierno.udd.cl\/cpp\/wp-json\/wp\/v2\/posts"}],"about":[{"href":"https:\/\/gobierno.udd.cl\/cpp\/wp-json\/wp\/v2\/types\/post"}],"author":[{"embeddable":true,"href":"https:\/\/gobierno.udd.cl\/cpp\/wp-json\/wp\/v2\/users\/22"}],"replies":[{"embeddable":true,"href":"https:\/\/gobierno.udd.cl\/cpp\/wp-json\/wp\/v2\/comments?post=3155"}],"version-history":[{"count":3,"href":"https:\/\/gobierno.udd.cl\/cpp\/wp-json\/wp\/v2\/posts\/3155\/revisions"}],"predecessor-version":[{"id":3159,"href":"https:\/\/gobierno.udd.cl\/cpp\/wp-json\/wp\/v2\/posts\/3155\/revisions\/3159"}],"wp:featuredmedia":[{"embeddable":true,"href":"https:\/\/gobierno.udd.cl\/cpp\/wp-json\/wp\/v2\/media\/893"}],"wp:attachment":[{"href":"https:\/\/gobierno.udd.cl\/cpp\/wp-json\/wp\/v2\/media?parent=3155"}],"wp:term":[{"taxonomy":"category","embeddable":true,"href":"https:\/\/gobierno.udd.cl\/cpp\/wp-json\/wp\/v2\/categories?post=3155"},{"taxonomy":"post_tag","embeddable":true,"href":"https:\/\/gobierno.udd.cl\/cpp\/wp-json\/wp\/v2\/tags?post=3155"}],"curies":[{"name":"wp","href":"https:\/\/api.w.org\/{rel}","templated":true}]}}