{"id":3132,"date":"2017-11-19T21:13:55","date_gmt":"2017-11-20T00:13:55","guid":{"rendered":"http:\/\/gobierno.udd.cl\/cpp\/?p=3132"},"modified":"2017-11-19T21:13:55","modified_gmt":"2017-11-20T00:13:55","slug":"abstencion-quienes-son-y-donde-estan-los-ocho-millones-de-chilenos-que-no-votan-carta-abierta","status":"publish","type":"post","link":"https:\/\/gobierno.udd.cl\/cpp\/noticias\/2017\/11\/19\/abstencion-quienes-son-y-donde-estan-los-ocho-millones-de-chilenos-que-no-votan-carta-abierta\/","title":{"rendered":"Abstenci\u00f3n : \u00bfQui\u00e9nes son y d\u00f3nde est\u00e1n los ocho millones de chilenos que no votan? &#8211; Carta Abierta"},"content":{"rendered":"<p style=\"text-align: justify;\">Pertenecen a los sectores populares de las zonas urbanas, son j\u00f3venes o nunca les interes\u00f3 la pol\u00edtica. Se trata de m\u00e1s de la mitad del padr\u00f3n electoral que tiene decidido que no votar\u00e1 en estos comicios.<br \/>\nEn su mayor\u00eda, llegaron al padr\u00f3n electoral de manera autom\u00e1tica. Algunos cumplieron 18 a\u00f1os despu\u00e9s de que entrara en vigencia la ley de inscripci\u00f3n autom\u00e1tica y voto voluntario, en 2012, pero existen otros que nunca, antes de ese d\u00eda, quisieron ir a registrarse en el Servicio Electoral.<br \/>\nSon uno de los fantasmas m\u00e1s temidos que rondan la elecci\u00f3n presidencial que tendr\u00e1 lugar el 19 de noviembre. Se trata del porcentaje de la poblaci\u00f3n que tiene decidido que no votar\u00e1 por ninguno de los ocho candidatos presidenciales, a quienes las encuestas preliminares han cifrado entre un 53% y un 58% de los ciudadanos habilitados para votar.<br \/>\nA 17 d\u00edas de la elecci\u00f3n, son entre 8 millones 500 mil personas y 7 millones 555 mil ciudadanos quienes se espera que constituyan el porcentaje de abstenci\u00f3n.<br \/>\nEl factor dinero<br \/>\nDe acuerdo a la \u00faltima encuesta CEP, quienes no figuran dentro del grupo de votantes probables son predominantemente de estratos socioecon\u00f3micos bajos, alcanzando un 62% en los segmentos D y E.<br \/>\n\u201cEn la abstenci\u00f3n hay un marcado sesgo de clase\u201d, explica Mauricio Morales, director del Centro de An\u00e1lisis Pol\u00edtico de la U. de Talca. \u201cSi yo considerara solamente a las personas que tienen total seguridad de votar, en el sector alto existen en un 73%, en el medio en un 42% y en el bajo en un 33%\u201d, agrega.<br \/>\nEl analista tambi\u00e9n agrega otra variable importante: la edad. De acuerdo a la CEP, el porcentaje de j\u00f3venes entre 18 y 24 a\u00f1os que se abstendr\u00e1n de votar alcanza un 83%.<br \/>\n\u201cHay una falta de inter\u00e9s por la pol\u00edtica en general, y tienen una visi\u00f3n cr\u00edtica, porque la sienten como algo lejano que no tiene efectos directos en su vida\u201d, acota Gonzalo M\u00fcller, director del Programa de Opini\u00f3n P\u00fablica de la\u00a0<span class=\"highlight\">UDD<\/span>.<br \/>\nJ\u00f3venes apol\u00edticos<br \/>\nEl director del Programa Electoral de la U. Central, Kenneth Bunker, ampl\u00eda el rango etario a aquellos que cumplieron 18 a\u00f1os a fines de la d\u00e9cada de los \u201990, pero nunca se inscribieron en el Servel. Entre quienes tienen 25 y 34 a\u00f1os, la cifra desciende hasta 68%.<br \/>\nBunker entrega algunos datos: en los \u201990, el porcentaje de ciudadanos inscritos para votar rondaba el 90%. En los a\u00f1os 2000, descendi\u00f3 a un 80%. \u201cEse 20% de chilenos que no se inscribieron nunca, es muy improbable que voten\u201d, asegura.<br \/>\nSeg\u00fan \u00e9l, a menudo son personas que nunca han votado. \u201cSon egresados, profesionales que no piensan que la pol\u00edtica es importante y la rechazan. No es que est\u00e9n alejados por razones pol\u00edticas\u201d, afirma.<br \/>\n\u201cSi ponemos en interacci\u00f3n la edad y el nivel socioecon\u00f3mico, los j\u00f3venes pobres son los que tienen menos chance de votar en Chile. Un joven de 18 a 15 a\u00f1os que viva en Vitacura, es probable que vote en un 70%. En cambio, el mismo joven en La Pintana o San Ram\u00f3n reduce su posibilidad de votar a un 15%\u201d, explica Morales.<br \/>\nLa participaci\u00f3n en las zonas alejadas<br \/>\nA este panorama, Bunker agrega una tercera variable: el tama\u00f1o de la comuna, siendo las de mayor envergadura las que se consideran urbanas y las menores, las rurales.<br \/>\n\u201cLo que pasa en las rurales es que es m\u00e1s f\u00e1cil acceder a la informaci\u00f3n y que los habitantes conozcan a los representantes, porque la proporci\u00f3n de representantes y representados es mucho menor\u201d, explica.<br \/>\nEl mismo fen\u00f3meno se repite con las zonas extremas, que a pesar de estar m\u00e1s lejos de las regiones donde se toman las decisiones, tienen mayor inter\u00e9s por involucrarse. \u201cEllos entienden que sus problemas regionales tienen que tener representaci\u00f3n a nivel nacional, y est\u00e1n m\u00e1s conectados con la pol\u00edtica local\u201d, agrega.<br \/>\nEl problema, a\u00f1ade, es que la diferencia en el n\u00famero de habitantes es muy grande. \u201cSi vota el 10% del distrito 8, que es el de Maip\u00fa, va a seguir siendo significativamente m\u00e1s gente que si vota el 80% del distrito 27, que es de Ays\u00e9n. La cantidad de gente que arrastran los distritos grandes es mucho mayor\u201d, asegura.<br \/>\nEl distrito 8, que es el que comprende a Colina, Lampa, Tiltil, Quilicura, Pudahuel, Estaci\u00f3n Central, Cerrillos y Maip\u00fa, cuenta con m\u00e1s de un mill\u00f3n de electores y elige 8 diputados.<br \/>\nEl 27, en cambio, considera a Coyhaique, Lago Verde, Ays\u00e9n, Cisnes, Guaitecas, Chile Chico, R\u00edo Ib\u00e1\u00f1ez, Cochrane, O\u2019Higgins y Tortel, cuenta con 95 mil habitantes habilitados para votar y elige 3 diputados.<br \/>\nUn 10% del distrito 8 son 100.488 habitantes. Un 80% del distrito 27 son 77.963 electores. Aunque proporcionalmente los interesados en votar en las zonas extremas son mayores, en t\u00e9rminos absolutos tienen menor posibilidad de inclinar la balanza.<br \/>\nFuente: Emol.com<\/p>\n<p style=\"text-align: justify;\"><a href=\"http:\/\/gobierno.udd.cl\/cpp\/files\/2017\/11\/bce7cde00bd36ca165e2e10eb1b86c48.jpg\" rel=\"attachment wp-att-3133\"><img loading=\"lazy\" decoding=\"async\" class=\"size-medium wp-image-3133 aligncenter\" src=\"http:\/\/gobierno.udd.cl\/cpp\/files\/2017\/11\/bce7cde00bd36ca165e2e10eb1b86c48-73x300.jpg\" alt=\"bce7cde00bd36ca165e2e10eb1b86c48\" width=\"73\" height=\"300\" srcset=\"https:\/\/gobierno.udd.cl\/cpp\/files\/2017\/11\/bce7cde00bd36ca165e2e10eb1b86c48-73x300.jpg 73w, https:\/\/gobierno.udd.cl\/cpp\/files\/2017\/11\/bce7cde00bd36ca165e2e10eb1b86c48-248x1024.jpg 248w\" sizes=\"auto, (max-width: 73px) 100vw, 73px\" \/><\/a><\/p>\n","protected":false},"excerpt":{"rendered":"<p>Pertenecen a los sectores populares de las zonas urbanas, son j\u00f3venes o nunca les interes\u00f3 la pol\u00edtica. Se trata de m\u00e1s de la mitad del padr\u00f3n electoral que tiene decidido que no votar\u00e1 en estos comicios. En su mayor\u00eda, llegaron al padr\u00f3n electoral de manera autom\u00e1tica. Algunos cumplieron 18 a\u00f1os despu\u00e9s de que entrara en [&hellip;]<\/p>\n","protected":false},"author":22,"featured_media":893,"comment_status":"open","ping_status":"open","sticky":false,"template":"","format":"standard","meta":{"footnotes":""},"categories":[12124],"tags":[],"class_list":["post-3132","post","type-post","status-publish","format-standard","has-post-thumbnail","hentry","category-panel-ciudadano"],"featured_image_url":"https:\/\/gobierno.udd.cl\/cpp\/files\/2015\/05\/udd_cpp_prensa_340.png","_links":{"self":[{"href":"https:\/\/gobierno.udd.cl\/cpp\/wp-json\/wp\/v2\/posts\/3132","targetHints":{"allow":["GET"]}}],"collection":[{"href":"https:\/\/gobierno.udd.cl\/cpp\/wp-json\/wp\/v2\/posts"}],"about":[{"href":"https:\/\/gobierno.udd.cl\/cpp\/wp-json\/wp\/v2\/types\/post"}],"author":[{"embeddable":true,"href":"https:\/\/gobierno.udd.cl\/cpp\/wp-json\/wp\/v2\/users\/22"}],"replies":[{"embeddable":true,"href":"https:\/\/gobierno.udd.cl\/cpp\/wp-json\/wp\/v2\/comments?post=3132"}],"version-history":[{"count":1,"href":"https:\/\/gobierno.udd.cl\/cpp\/wp-json\/wp\/v2\/posts\/3132\/revisions"}],"predecessor-version":[{"id":3134,"href":"https:\/\/gobierno.udd.cl\/cpp\/wp-json\/wp\/v2\/posts\/3132\/revisions\/3134"}],"wp:featuredmedia":[{"embeddable":true,"href":"https:\/\/gobierno.udd.cl\/cpp\/wp-json\/wp\/v2\/media\/893"}],"wp:attachment":[{"href":"https:\/\/gobierno.udd.cl\/cpp\/wp-json\/wp\/v2\/media?parent=3132"}],"wp:term":[{"taxonomy":"category","embeddable":true,"href":"https:\/\/gobierno.udd.cl\/cpp\/wp-json\/wp\/v2\/categories?post=3132"},{"taxonomy":"post_tag","embeddable":true,"href":"https:\/\/gobierno.udd.cl\/cpp\/wp-json\/wp\/v2\/tags?post=3132"}],"curies":[{"name":"wp","href":"https:\/\/api.w.org\/{rel}","templated":true}]}}