{"id":3116,"date":"2017-11-08T22:08:40","date_gmt":"2017-11-09T01:08:40","guid":{"rendered":"http:\/\/gobierno.udd.cl\/cpp\/?p=3116"},"modified":"2017-11-08T22:08:40","modified_gmt":"2017-11-09T01:08:40","slug":"fiscalia-de-espana-presenta-querella-contra-independentistas-24-horas","status":"publish","type":"post","link":"https:\/\/gobierno.udd.cl\/cpp\/noticias\/2017\/11\/08\/fiscalia-de-espana-presenta-querella-contra-independentistas-24-horas\/","title":{"rendered":"Fiscal\u00eda de Espa\u00f1a presenta querella contra independentistas &#8211; 24 Horas"},"content":{"rendered":"<p style=\"text-align: justify;\">La fiscal\u00eda general de Espa\u00f1a present\u00f3 una querella por los delitos de rebeli\u00f3n, sedici\u00f3n y malversaci\u00f3n de fondos p\u00fablicos contra los miembros del destituido ejecutivo catal\u00e1n que impulsaron la pol\u00e9mica declaraci\u00f3n de independencia. Puigdemont se refugi\u00f3 en Bruselas.<\/p>\n<p style=\"text-align: justify;\">Habla: Rodrigo Arellano, acad\u00e9mico facultad de gobierno Universidad del Desarrollo.<\/p>\n<div style=\"width: 640px;\" class=\"wp-video\"><video class=\"wp-video-shortcode\" id=\"video-3116-1\" width=\"640\" height=\"360\" preload=\"metadata\" controls=\"controls\"><source type=\"video\/mp4\" src=\"http:\/\/conectamedia.s3.amazonaws.com\/2e6ddfafc6f7a60111029b6802b129e8.mp4?_=1\" \/><a href=\"http:\/\/conectamedia.s3.amazonaws.com\/2e6ddfafc6f7a60111029b6802b129e8.mp4\">http:\/\/conectamedia.s3.amazonaws.com\/2e6ddfafc6f7a60111029b6802b129e8.mp4<\/a><\/video><\/div>\n","protected":false},"excerpt":{"rendered":"<p>La fiscal\u00eda general de Espa\u00f1a present\u00f3 una querella por los delitos de rebeli\u00f3n, sedici\u00f3n y malversaci\u00f3n de fondos p\u00fablicos contra los miembros del destituido ejecutivo catal\u00e1n que impulsaron la pol\u00e9mica declaraci\u00f3n de independencia. Puigdemont se refugi\u00f3 en Bruselas. Habla: Rodrigo Arellano, acad\u00e9mico facultad de gobierno Universidad del Desarrollo.<\/p>\n","protected":false},"author":22,"featured_media":893,"comment_status":"open","ping_status":"open","sticky":false,"template":"","format":"standard","meta":{"footnotes":""},"categories":[10162],"tags":[],"class_list":["post-3116","post","type-post","status-publish","format-standard","has-post-thumbnail","hentry","category-centro-en-la-prensa"],"featured_image_url":"https:\/\/gobierno.udd.cl\/cpp\/files\/2015\/05\/udd_cpp_prensa_340.png","_links":{"self":[{"href":"https:\/\/gobierno.udd.cl\/cpp\/wp-json\/wp\/v2\/posts\/3116","targetHints":{"allow":["GET"]}}],"collection":[{"href":"https:\/\/gobierno.udd.cl\/cpp\/wp-json\/wp\/v2\/posts"}],"about":[{"href":"https:\/\/gobierno.udd.cl\/cpp\/wp-json\/wp\/v2\/types\/post"}],"author":[{"embeddable":true,"href":"https:\/\/gobierno.udd.cl\/cpp\/wp-json\/wp\/v2\/users\/22"}],"replies":[{"embeddable":true,"href":"https:\/\/gobierno.udd.cl\/cpp\/wp-json\/wp\/v2\/comments?post=3116"}],"version-history":[{"count":1,"href":"https:\/\/gobierno.udd.cl\/cpp\/wp-json\/wp\/v2\/posts\/3116\/revisions"}],"predecessor-version":[{"id":3117,"href":"https:\/\/gobierno.udd.cl\/cpp\/wp-json\/wp\/v2\/posts\/3116\/revisions\/3117"}],"wp:featuredmedia":[{"embeddable":true,"href":"https:\/\/gobierno.udd.cl\/cpp\/wp-json\/wp\/v2\/media\/893"}],"wp:attachment":[{"href":"https:\/\/gobierno.udd.cl\/cpp\/wp-json\/wp\/v2\/media?parent=3116"}],"wp:term":[{"taxonomy":"category","embeddable":true,"href":"https:\/\/gobierno.udd.cl\/cpp\/wp-json\/wp\/v2\/categories?post=3116"},{"taxonomy":"post_tag","embeddable":true,"href":"https:\/\/gobierno.udd.cl\/cpp\/wp-json\/wp\/v2\/tags?post=3116"}],"curies":[{"name":"wp","href":"https:\/\/api.w.org\/{rel}","templated":true}]}}