{"id":3101,"date":"2017-11-01T17:35:14","date_gmt":"2017-11-01T20:35:14","guid":{"rendered":"http:\/\/gobierno.udd.cl\/cpp\/?p=3101"},"modified":"2017-11-01T17:35:26","modified_gmt":"2017-11-01T20:35:26","slug":"expertos-la-dc-continuara-siendo-el-partido-bisagra-pese-a-eventual-derrota-presidencial-el-mercurio-de-valparaiso","status":"publish","type":"post","link":"https:\/\/gobierno.udd.cl\/cpp\/noticias\/2017\/11\/01\/expertos-la-dc-continuara-siendo-el-partido-bisagra-pese-a-eventual-derrota-presidencial-el-mercurio-de-valparaiso\/","title":{"rendered":"Expertos: la DC continuar\u00e1 siendo el partido \u00abbisagra\u00bb pese a eventual derrota presidencial &#8211; El Mercurio de Valpara\u00edso"},"content":{"rendered":"<p style=\"text-align: justify;\">La \u00faltima encuesta CEP result\u00f3 ser un balde de agua fr\u00eda para la Democracia Cristiana (DC). Despu\u00e9s del tensionado episodio que enfrent\u00f3 a la senadora Carolina Goic con el diputado Ricardo Rinc\u00f3n, a ra\u00edz de la denuncia por violencia intrafamiliar en la que estaba involucrado el parlamentario, se esperaba que la candidatura presidencial de ella tuviera un segundo aire y se consolidara como una carta real para avanzar a la segunda vuelta o, en un escenario tambi\u00e9n positivo, que alcanzara la votaci\u00f3n promedio que en \u00faltimo tiempo hab\u00eda logrado la Falange, en torno a los diez o doce puntos. Pero no fue as\u00ed.<br \/>\nEl sondeo del Centro de Estudios P\u00fablicos, el \u00faltimo antes de las elecciones del pr\u00f3ximo 19 de noviembre, posicion\u00f3 a la senadora por Magallanes en el quinto lugar en cuanto a intenci\u00f3n de voto, con un 3,9%, siendo incluso superada por Marco Enr\u00edquez-Ominami (4,6%) y seguida muy de cerca por el diputado Jos\u00e9 Antonio Kast (2,7%).<br \/>\nComo ha sido la t\u00f3nica entre los aspirantes a La Moneda que no aparecen en las primeras posiciones -salvo Beatriz S\u00e1nchez, quien reconoci\u00f3 que esperaba \u201cotros n\u00fameros\u201d tras sufrir una baja de casi nueve puntos-, la senadora Goic acus\u00f3 una \u201ccolusi\u00f3n\u201d entre las encuestas, las que a su juicio \u201cest\u00e1n buscando instalar una realidad que no es tal\u201d.<br \/>\nY si bien algunos expertos coinciden en que la votaci\u00f3n que obtendr\u00e1 la abanderada ser\u00e1 mayor a la que marc\u00f3 el \u00faltimo sondeo -incluso con posibilidades de llegar a las dos cifras-, dan pr\u00e1cticamente por sentado que no pasar\u00e1 al balotaje del 17 de diciembre.<br \/>\nCon esto, el futuro del partido por los pr\u00f3ximos cuatro a\u00f1os deber\u00e1 resolverse el 20 de noviembre, d\u00eda en que la Falange ya cit\u00f3 a un Consejo Nacional para definir si apoyar\u00e1 a uno de los dos competidores o dar\u00e1 libertad de acci\u00f3n a sus adherentes durante la segunda vuelta.<br \/>\n<strong>Post primera vuelta<\/strong><br \/>\nUno de los factores que posibilitar\u00e1 a la colectividad negociar de mejor manera su respaldo a alguna candidatura ser\u00e1 precisamente la cantidad de votos que logre Carolina Goic. El llegar a los siete puntos como m\u00ednimo -dicen los analistas- le permitir\u00e1 al partido sumar algunas de sus ideas al programa del candidato de la centro izquierda que logre avanzar, y no al del ex Presidente Sebasti\u00e1n Pi\u00f1era, a quien las encuestas lo dan por seguro en el balotaje.<br \/>\n\u201cNo creo que la DC se comprometa a una alianza pol\u00edtica sino hasta despu\u00e9s de la segunda vuelta. Van a comprometer su apoyo y pondr\u00e1n algunos \u00e9nfasis en el programa de Alejandro Guillier\u201d, sostuvo el analista pol\u00edtico y rector de la Facultad de Ciencias Pol\u00edticas de la Universidad Central, Marco Moreno, quien agreg\u00f3 que al Partido Comunista -con quien la DC ha tenido mayores diferencias durante el actual gobierno de la Nueva Mayor\u00eda- \u201cno le quedar\u00e1 m\u00e1s que acatar este punto porque la votaci\u00f3n de Goic va ser importante para Guillier en la segunda vuelta\u201d.<br \/>\nSi bien el director del Centro de An\u00e1lisis Pol\u00edtico de la Universidad de Talca, Mauricio Morales, tambi\u00e9n coincide en que post 19 de noviembre la Falange se inclinar\u00e1 por la candidatura de la centro izquierda, augura que dicha decisi\u00f3n nuevamente provocar\u00e1 divisiones internas, lo que a la postre podr\u00eda hacer dispersar el voto dem\u00f3crata cristiano.<br \/>\n\u201cEl partido se encuentra fracturado por la sencilla raz\u00f3n de que un grupo importante de diputados escribi\u00f3 una carta se\u00f1alando su decisi\u00f3n de apoyar a Guillier en segunda vuelta sin considerar la opini\u00f3n de la institucionalidad partidaria y de la propia candidata presidencial\u201d, coment\u00f3 el experto electoral.<br \/>\n\u201cPor ahora -agreg\u00f3 Morales- da la sensaci\u00f3n de que, al menos institucionalmente, estar\u00edan respaldando a Guillier, pero eso no quiere decir que los votantes de la DC vayan a sufragar por \u00e9l\u201d, asegurando que, de acuerdo a la encuesta CEP de agosto, de cada diez electores de la DC, seis votaban por Guillier, dos por Pi\u00f1era y dos no participar\u00edan o votar\u00edan en blanco en el balotaje.<br \/>\n<strong>Rol durante gobierno<\/strong><br \/>\nAhora, en el caso de salir electo finalmente el ex Presidente Pi\u00f1era, los analistas coinciden en que la DC deber\u00e1 seguir siendo un partido \u201cbisagra\u201d, vale decir, que apoye los proyectos transversales y de real necesidad para el pa\u00eds, no as\u00ed los que apunten a reformar lo que ha impulsado el actual Gobierno de Michelle Bachelet.<br \/>\n\u201cComo vamos a tener un Congreso fragmentado sin mayor\u00edas, Pi\u00f1era lo que va a buscar son entendimientos para poder llevar adelante su gobierno. Por lo tanto, la DC va a ser un partido bisagra, que va a apostar a ser el fiel de la balanza que permita llevar adelante proyectos importantes, pero en otros intentos de reformas que indican volver atr\u00e1s seguramente no los va a apoyar. Creo que van a estar en la oposici\u00f3n, pero jugando un rol de bisagra\u201d, coment\u00f3 Marco Moreno, quien ve poco probable que se integren a un eventual gobierno de Pi\u00f1era.<br \/>\n\u201cLa DC se podr\u00eda transformar en una especie de partido bisagra y m\u00e1s representativo de los acuerdos y consensos de cara a la evidente polarizaci\u00f3n en que va a caer la elite pol\u00edtica chilena, con un gobierno de centro derecha y una izquierda que inevitablemente va a crecer en n\u00famero de diputados\u201d, coment\u00f3 Mauricio Morales, augurando que el Frente Amplio (FA) \u201ccomo m\u00ednimo podr\u00eda llegar a obtener siete diputados\u201d.<br \/>\nEn contraste a ellos, el acad\u00e9mico de la\u00a0<span class=\"highlight\">Universidad<\/span>\u00a0<span class=\"highlight\">Del<\/span>\u00a0<span class=\"highlight\">Desarrollo<\/span>\u00a0(<span class=\"highlight\">UDD<\/span>), Gonzalo M\u00fcller, si bien asegur\u00f3 que la posici\u00f3n natural de la Falange es ser una oposici\u00f3n constructiva y abierta al di\u00e1logo, explic\u00f3 que las visiones encontradas al interior del partido podr\u00edan marcar otro escenario.<br \/>\n\u201cEl problema de la DC es que no tienen resuelto su futuro, que es hacia d\u00f3nde y con qui\u00e9nes quieren construir. Uno escucha a Ignacio Walker y \u00e9l fija l\u00edmites: no con el PC ni el FA, pero tampoco con la derecha. Y tambi\u00e9n fija un posicionamiento: en el mundo de la centro izquierda con todos los que tienen una vocaci\u00f3n social dem\u00f3crata. Pero esa visi\u00f3n no es mayoritaria en la DC y no es la \u00fanica. Hay otro sector que se siente mucho m\u00e1s c\u00f3modo con el mundo de la izquierda y no tiene ning\u00fan problema de apoyar a Guillier ni trabajar con el PC. Incluso, estar\u00eda disponible para sentarse a la mesa con el Frente Amplio\u201d, dijo M\u00fcller.<br \/>\n<strong>Goic y otros liderazgos<\/strong><br \/>\nEntre los tres expertos hay una coincidencia: si Goic no logra obtener una buena votaci\u00f3n y el n\u00famero de parlamentarios de la DC se reduce, perder\u00e1 liderazgo en el partido e incluso algunos plantean que podr\u00eda dejar la presidencia.<br \/>\nDe all\u00ed es que comienzan a surgir nuevos nombres a nivel nacional, como el del senador Ignacio Walker, el de la exministra Ximena Rinc\u00f3n, el del intendente Francisco Orrego o el de la diputada Yasna Provoste, hoy candidata al Senado por la Regi\u00f3n de Antofagasta.<br \/>\n\u201cSe prev\u00e9 un duro round entre Provoste y Goic a partir del 19 de noviembre. Un duro round no s\u00f3lo por el control de la DC, sino que por su futuro. Provoste, para ser senadora, lo que ha hecho es un pacto con el Partido Socialista y est\u00e1 trabajando con la candidatura de Guillier en esa regi\u00f3n. Ese es su camino para ser senadora, por lo tanto va a representar, y as\u00ed lo ha hecho, una visi\u00f3n m\u00e1s de izquierda dentro de la DC y su futuro\u201d, analiz\u00f3 M\u00fcller.<br \/>\n\u201cEl problema de la DC es que no tienen resuelto su futuro, que es hacia d\u00f3nde y con qui\u00e9nes quieren construir. La visi\u00f3n de Ignacio Walker, de no con el PC ni el FA, no es la \u00fanica\u201d Gonzalo M\u00fcller, Analista Pol\u00edtico y acad\u00e9mico de la\u00a0<span class=\"highlight\">Universidad<\/span>\u00a0<span class=\"highlight\">Del<\/span>\u00a0<span class=\"highlight\">Desarrollo<\/span>.<br \/>\n\u201cPor ahora da la sensaci\u00f3n de que la DC, al menos institucionalmente, estar\u00eda respaldando a Guillier, pero eso no quiere decir que sus votantes vayan a sufragar por \u00e9l\u201d.\u00a0Mauricio Morales, Director del Centro de An\u00e1lisis Pol\u00edtico de la U. de Talca.<br \/>\n\u201cComo vamos a tener un Congreso fragmentado, Pi\u00f1era va a buscar entendimientos para poder llevar adelante su Gobierno. Por lo tanto, la DC va a ser un partido bisagra\u201d.\u00a0Marco Moreno, Rector de la Facultad de Ciencias Pol\u00edticas de la U. Central.<\/p>\n<p><a href=\"https:\/\/goo.gl\/9Ar1x5\" target=\"_blank\" rel=\"attachment wp-att-17637\"><img loading=\"lazy\" decoding=\"async\" class=\"size-medium wp-image-17637 aligncenter\" src=\"http:\/\/gobierno.udd.cl\/files\/2017\/11\/2017-10-29_www.mercuriovalpo.cl_29_10_17_pag_09-1440-eae36f-210x300.jpg\" sizes=\"auto, (max-width: 210px) 100vw, 210px\" srcset=\"http:\/\/gobierno.udd.cl\/files\/2017\/11\/2017-10-29_www.mercuriovalpo.cl_29_10_17_pag_09-1440-eae36f-210x300.jpg 210w, http:\/\/gobierno.udd.cl\/files\/2017\/11\/2017-10-29_www.mercuriovalpo.cl_29_10_17_pag_09-1440-eae36f-768x1098.jpg 768w, http:\/\/gobierno.udd.cl\/files\/2017\/11\/2017-10-29_www.mercuriovalpo.cl_29_10_17_pag_09-1440-eae36f-717x1024.jpg 717w, http:\/\/gobierno.udd.cl\/files\/2017\/11\/2017-10-29_www.mercuriovalpo.cl_29_10_17_pag_09-1440-eae36f-672x960.jpg 672w, http:\/\/gobierno.udd.cl\/files\/2017\/11\/2017-10-29_www.mercuriovalpo.cl_29_10_17_pag_09-1440-eae36f.jpg 1440w\" alt=\"2017-10-29_www.mercuriovalpo.cl_29_10_17_pag_09-1440-eae36f\" width=\"210\" height=\"300\" \/><\/a><\/p>\n","protected":false},"excerpt":{"rendered":"<p>\u00daltima encuesta CEP, que le dio s\u00f3lo un 3,9% a la senadora Goic, adelant\u00f3 la decisi\u00f3n que deber\u00e1 tomar la Falange de cara a la segunda vuelta y eventuales alianzas.<\/p>\n","protected":false},"author":22,"featured_media":893,"comment_status":"open","ping_status":"open","sticky":false,"template":"","format":"standard","meta":{"footnotes":""},"categories":[10162],"tags":[],"class_list":["post-3101","post","type-post","status-publish","format-standard","has-post-thumbnail","hentry","category-centro-en-la-prensa"],"featured_image_url":"https:\/\/gobierno.udd.cl\/cpp\/files\/2015\/05\/udd_cpp_prensa_340.png","_links":{"self":[{"href":"https:\/\/gobierno.udd.cl\/cpp\/wp-json\/wp\/v2\/posts\/3101","targetHints":{"allow":["GET"]}}],"collection":[{"href":"https:\/\/gobierno.udd.cl\/cpp\/wp-json\/wp\/v2\/posts"}],"about":[{"href":"https:\/\/gobierno.udd.cl\/cpp\/wp-json\/wp\/v2\/types\/post"}],"author":[{"embeddable":true,"href":"https:\/\/gobierno.udd.cl\/cpp\/wp-json\/wp\/v2\/users\/22"}],"replies":[{"embeddable":true,"href":"https:\/\/gobierno.udd.cl\/cpp\/wp-json\/wp\/v2\/comments?post=3101"}],"version-history":[{"count":1,"href":"https:\/\/gobierno.udd.cl\/cpp\/wp-json\/wp\/v2\/posts\/3101\/revisions"}],"predecessor-version":[{"id":3102,"href":"https:\/\/gobierno.udd.cl\/cpp\/wp-json\/wp\/v2\/posts\/3101\/revisions\/3102"}],"wp:featuredmedia":[{"embeddable":true,"href":"https:\/\/gobierno.udd.cl\/cpp\/wp-json\/wp\/v2\/media\/893"}],"wp:attachment":[{"href":"https:\/\/gobierno.udd.cl\/cpp\/wp-json\/wp\/v2\/media?parent=3101"}],"wp:term":[{"taxonomy":"category","embeddable":true,"href":"https:\/\/gobierno.udd.cl\/cpp\/wp-json\/wp\/v2\/categories?post=3101"},{"taxonomy":"post_tag","embeddable":true,"href":"https:\/\/gobierno.udd.cl\/cpp\/wp-json\/wp\/v2\/tags?post=3101"}],"curies":[{"name":"wp","href":"https:\/\/api.w.org\/{rel}","templated":true}]}}