{"id":3075,"date":"2017-10-18T22:13:43","date_gmt":"2017-10-19T01:13:43","guid":{"rendered":"http:\/\/gobierno.udd.cl\/cpp\/?p=3075"},"modified":"2017-10-19T08:35:18","modified_gmt":"2017-10-19T11:35:18","slug":"jose-garrido-narcocultura-radio-futuro","status":"publish","type":"post","link":"https:\/\/gobierno.udd.cl\/cpp\/noticias\/2017\/10\/18\/jose-garrido-narcocultura-radio-futuro\/","title":{"rendered":"Entrevista a Jos\u00e9 Garrido: Narcocultura &#8211; Radio Futuro"},"content":{"rendered":"<p style=\"text-align: justify;\">Narcocultura es el concepto que acu\u00f1\u00f3 el p\u00e1rroco del Hogar de Cristo, referido al circulo territorial que rodea el crecimiento de un ni\u00f1o y genera espacios cerrados donde nadie entra, pues hay narcotr\u00e1fico, abuso, violencia, amenazas.<\/p>\n<div>\n<p>&#8211; Efectividad y Fracaso de los programas<\/p>\n<div style=\"text-align: justify;\">\n<p><b>Habla:<\/b>\u00a0Jos\u00e9 De La Cruz Garrido, Acad\u00e9mico e Investigador del Centro Pol\u00edticas P\u00fablicas\u00a0<span class=\"highlight\">UDD.<\/span><b>Menci\u00f3n:<\/b>\u00a0<span class=\"highlight\">UDD.<\/span><\/p>\n<\/div>\n<h4>\u00a0<span style=\"color: #003366;\">PARTE 1<\/span><\/h4>\n<div><\/div>\n<div>\n<audio class=\"wp-audio-shortcode\" id=\"audio-3075-1\" preload=\"none\" style=\"width: 100%;\" controls=\"controls\"><source type=\"audio\/mpeg\" src=\"http:\/\/conectamedia.s3.amazonaws.com\/4ae0707804fbd6e9391aa9ac4a65d21f.mp3?_=1\" \/><a href=\"http:\/\/conectamedia.s3.amazonaws.com\/4ae0707804fbd6e9391aa9ac4a65d21f.mp3\">http:\/\/conectamedia.s3.amazonaws.com\/4ae0707804fbd6e9391aa9ac4a65d21f.mp3<\/a><\/audio>\n<p>&nbsp;<\/p>\n<h4><span style=\"color: #003366;\">PARTE 2<\/span><\/h4>\n<audio class=\"wp-audio-shortcode\" id=\"audio-3075-2\" preload=\"none\" style=\"width: 100%;\" controls=\"controls\"><source type=\"audio\/mpeg\" src=\"http:\/\/conectamedia.s3.amazonaws.com\/2b78cd3fc24c5e671042fc2836034d26.mp3?_=2\" \/><a href=\"http:\/\/conectamedia.s3.amazonaws.com\/2b78cd3fc24c5e671042fc2836034d26.mp3\">http:\/\/conectamedia.s3.amazonaws.com\/2b78cd3fc24c5e671042fc2836034d26.mp3<\/a><\/audio>\n<\/div>\n<div><\/div>\n<\/div>\n","protected":false},"excerpt":{"rendered":"<p>Narcocultura es el concepto que acu\u00f1\u00f3 el p\u00e1rroco del Hogar de Cristo, referido al circulo territorial que rodea el crecimiento de un ni\u00f1o y genera espacios cerrados donde nadie entra, pues hay narcotr\u00e1fico, abuso, violencia, amenazas. &#8211; Efectividad y Fracaso de los programas Habla:\u00a0Jos\u00e9 De La Cruz Garrido, Acad\u00e9mico e Investigador del Centro Pol\u00edticas P\u00fablicas\u00a0UDD.Menci\u00f3n:\u00a0UDD. [&hellip;]<\/p>\n","protected":false},"author":22,"featured_media":893,"comment_status":"open","ping_status":"open","sticky":false,"template":"","format":"standard","meta":{"footnotes":""},"categories":[10162],"tags":[],"class_list":["post-3075","post","type-post","status-publish","format-standard","has-post-thumbnail","hentry","category-centro-en-la-prensa"],"featured_image_url":"https:\/\/gobierno.udd.cl\/cpp\/files\/2015\/05\/udd_cpp_prensa_340.png","_links":{"self":[{"href":"https:\/\/gobierno.udd.cl\/cpp\/wp-json\/wp\/v2\/posts\/3075","targetHints":{"allow":["GET"]}}],"collection":[{"href":"https:\/\/gobierno.udd.cl\/cpp\/wp-json\/wp\/v2\/posts"}],"about":[{"href":"https:\/\/gobierno.udd.cl\/cpp\/wp-json\/wp\/v2\/types\/post"}],"author":[{"embeddable":true,"href":"https:\/\/gobierno.udd.cl\/cpp\/wp-json\/wp\/v2\/users\/22"}],"replies":[{"embeddable":true,"href":"https:\/\/gobierno.udd.cl\/cpp\/wp-json\/wp\/v2\/comments?post=3075"}],"version-history":[{"count":3,"href":"https:\/\/gobierno.udd.cl\/cpp\/wp-json\/wp\/v2\/posts\/3075\/revisions"}],"predecessor-version":[{"id":3078,"href":"https:\/\/gobierno.udd.cl\/cpp\/wp-json\/wp\/v2\/posts\/3075\/revisions\/3078"}],"wp:featuredmedia":[{"embeddable":true,"href":"https:\/\/gobierno.udd.cl\/cpp\/wp-json\/wp\/v2\/media\/893"}],"wp:attachment":[{"href":"https:\/\/gobierno.udd.cl\/cpp\/wp-json\/wp\/v2\/media?parent=3075"}],"wp:term":[{"taxonomy":"category","embeddable":true,"href":"https:\/\/gobierno.udd.cl\/cpp\/wp-json\/wp\/v2\/categories?post=3075"},{"taxonomy":"post_tag","embeddable":true,"href":"https:\/\/gobierno.udd.cl\/cpp\/wp-json\/wp\/v2\/tags?post=3075"}],"curies":[{"name":"wp","href":"https:\/\/api.w.org\/{rel}","templated":true}]}}