{"id":3045,"date":"2017-09-28T22:14:21","date_gmt":"2017-09-29T01:14:21","guid":{"rendered":"http:\/\/gobierno.udd.cl\/cpp\/?p=3045"},"modified":"2017-09-29T21:08:27","modified_gmt":"2017-09-30T00:08:27","slug":"a-la-izquierda-del-padre-diario-concepcion","status":"publish","type":"post","link":"https:\/\/gobierno.udd.cl\/cpp\/noticias\/2017\/09\/28\/a-la-izquierda-del-padre-diario-concepcion\/","title":{"rendered":"\u00bfA la izquierda del padre? &#8211; Diario Concepci\u00f3n"},"content":{"rendered":"<p style=\"text-align: justify;\">Dif\u00edcil ser de izquierda en estos tiempos. Y da lo mismo si es en Chile, Am\u00e9rica Latina o Europa, con escenarios que var\u00edan. &#8216;Hoy, la izquierda solo sabe decirle a la derecha: \u00b4Cualquier cosa que hagan ustedes, nosotros la hacemos mejor\u00b4. Cuesta distinguir entre gobierno de izquierda y de derecha&#8217;, dijo al El Pa\u00eds el nonagenario soci\u00f3logo y fil\u00f3sofo polaco Zigmut Bauman, muerto en enero pasado, luego de dedicar su vida al estudio de asuntos sociales y escribir 57 libros. Habiendo sido comunista, fue ben\u00e9volo en su comentario. Otros estudiosos, cientistas y analistas resultan m\u00e1s directos y lapidarios.<\/p>\n<p style=\"text-align: justify;\">&#8216;Nuestra gran falla es que no fuimos capaces de armar una gran fuerza pol\u00edtica, un gran partido socialdem\u00f3crata renovado, que fuera la casa de la izquierda. Hace 30 a\u00f1os, cuando entr\u00e9 al PS, \u00e9sa era la idea. Ah\u00ed nos agrupar\u00edamos todos. Pero no sucedi\u00f3. El PPD se constituy\u00f3 como partido permanente. El PC estuvo en otra hasta hace muy poco. Y ha surgido una izquierda extraparlamentaria contestaria que busca desplazar a la izquierda tradicional m\u00e1s que confrontar a la derecha&#8217;, asume Carlos Ominami, a semanas de lanzar su libro &#8216;Lecciones de izquierda&#8217;, donde participaron l\u00edderes y ex presidentes de varios pa\u00edses. El ex ministro y parlamentario, ahora presidente honorario de la Fundaci\u00f3n Chile 21, hace poco habl\u00f3 de esto con Ricardo Lagos. &#8216;\u00bfQu\u00e9 hicimos mal?, nos preguntamos. No ser capaces de construir una fuerza pol\u00edtica s\u00f3lida&#8217;, fue la coincidente respuesta.<\/p>\n<p style=\"text-align: justify;\">Hay mucho m\u00e1s.<\/p>\n<p style=\"text-align: justify;\">Mirando lo sucedido en Chile y el mundo, el independiente Jos\u00e9 Joaqu\u00edn Brunner \u2013pol\u00edtico y acad\u00e9mico que milit\u00f3 en el MAPU, MAPU Obrero Campesino, DC Y PPD- sostiene:<\/p>\n<p style=\"text-align: justify;\">&#8216;El gran error de la izquierda fue confundir su propio proyecto con la revoluci\u00f3n. Creer que eso era lo esencial, cuando se trata de una falsa ilusi\u00f3n, una equivocaci\u00f3n hist\u00f3rica. La idea de que las revoluciones hacen avanzar la historia me parece que, despu\u00e9s del siglo XX, est\u00e1 perfectamente desacreditada. Los procesos hist\u00f3ricos son esencialmente reformistas, graduales. Ese tipo de cambios es lo que realmente hace la historia&#8217;.<\/p>\n<p style=\"text-align: justify;\">Patricio Navia, soci\u00f3logo, cientista, acad\u00e9mico en Santiago y Nueva York, cree que en la base de la crisis de la izquierda hay dos puntos. Uno: &#8216;Creer que el crecimiento se daba por generaci\u00f3n espont\u00e1nea y, entonces, la prioridad era distribuir, pero el asunto es al rev\u00e9s: no se puede repartir lo que no tienes\u2026 Una parte importante sigue creyendo lo mismo, lo m\u00e1s evidente es la presidenta Bachelet, diciendo que no se puede crecer a cualquier precio&#8217;. Y dos: &#8216;La izquierda conf\u00eda mucho en el Estado y no lo suficiente en el mercado o en los privados. Cada vez que ve un problema, su soluci\u00f3n pasa por una nueva agenda o nuevo programa estatal. Pero el Estado es como los buenos remedios: lo debes usar para lo realmente necesario porque si recurres a \u00e9l todo el tiempo, empeoras&#8217;.<\/p>\n<p style=\"text-align: justify;\">Nota completa en: <strong><a href=\"http:\/\/www.diarioconcepcion.cl\/edicionimpresa?edicion=papel-digital-24092017\" target=\"_blank\">Diario Concepci\u00f3n\u00a0<\/a><\/strong><\/p>\n<p style=\"text-align: justify;\"><a href=\"https:\/\/goo.gl\/5HVNQe\" target=\"_blank\" rel=\"attachment wp-att-3046\"><img loading=\"lazy\" decoding=\"async\" class=\"size-medium wp-image-3046 aligncenter\" src=\"http:\/\/gobierno.udd.cl\/cpp\/files\/2017\/09\/c98d03d20c8b2ffa82f24a7fe00e679a_manual-206x300.jpg\" alt=\"c98d03d20c8b2ffa82f24a7fe00e679a_manual\" width=\"206\" height=\"300\" srcset=\"https:\/\/gobierno.udd.cl\/cpp\/files\/2017\/09\/c98d03d20c8b2ffa82f24a7fe00e679a_manual-206x300.jpg 206w, https:\/\/gobierno.udd.cl\/cpp\/files\/2017\/09\/c98d03d20c8b2ffa82f24a7fe00e679a_manual-768x1119.jpg 768w, https:\/\/gobierno.udd.cl\/cpp\/files\/2017\/09\/c98d03d20c8b2ffa82f24a7fe00e679a_manual-703x1024.jpg 703w, https:\/\/gobierno.udd.cl\/cpp\/files\/2017\/09\/c98d03d20c8b2ffa82f24a7fe00e679a_manual-659x960.jpg 659w\" sizes=\"auto, (max-width: 206px) 100vw, 206px\" \/><\/a><\/p>\n","protected":false},"excerpt":{"rendered":"<p>Entr\u00f3 en crisis hace ya rato. Cedi\u00f3 espacios en Francia y Espa\u00f1a. Tensiona al laborismo ingl\u00e9s. Ac\u00e1, de sus entra\u00f1as vio emerger a una fuerza contestaria, radical, que en lugar de confrontar a la derecha se afana por desplazar al padre y a todos los izquierdistas que han seguido la ruta social dem\u00f3crata, la madre del estado de bienestar que ha cambiado sociedades y vidas, aunque ahora late bajo la sombra del fracaso. \u00bfHacia d\u00f3nde va la izquierda? Cuando el PS desech\u00f3 a Ricardo Lagos optando por Alejandro Guillier, marc\u00f3 una huella: rechazo a lo tradicional y repudio a la vieja pol\u00edtica\u2026 \u00bfbajo embrujo del populismo? Noticia en desarrollo.<\/p>\n","protected":false},"author":22,"featured_media":893,"comment_status":"open","ping_status":"open","sticky":false,"template":"","format":"standard","meta":{"footnotes":""},"categories":[12124],"tags":[],"class_list":["post-3045","post","type-post","status-publish","format-standard","has-post-thumbnail","hentry","category-panel-ciudadano"],"featured_image_url":"https:\/\/gobierno.udd.cl\/cpp\/files\/2015\/05\/udd_cpp_prensa_340.png","_links":{"self":[{"href":"https:\/\/gobierno.udd.cl\/cpp\/wp-json\/wp\/v2\/posts\/3045","targetHints":{"allow":["GET"]}}],"collection":[{"href":"https:\/\/gobierno.udd.cl\/cpp\/wp-json\/wp\/v2\/posts"}],"about":[{"href":"https:\/\/gobierno.udd.cl\/cpp\/wp-json\/wp\/v2\/types\/post"}],"author":[{"embeddable":true,"href":"https:\/\/gobierno.udd.cl\/cpp\/wp-json\/wp\/v2\/users\/22"}],"replies":[{"embeddable":true,"href":"https:\/\/gobierno.udd.cl\/cpp\/wp-json\/wp\/v2\/comments?post=3045"}],"version-history":[{"count":5,"href":"https:\/\/gobierno.udd.cl\/cpp\/wp-json\/wp\/v2\/posts\/3045\/revisions"}],"predecessor-version":[{"id":3053,"href":"https:\/\/gobierno.udd.cl\/cpp\/wp-json\/wp\/v2\/posts\/3045\/revisions\/3053"}],"wp:featuredmedia":[{"embeddable":true,"href":"https:\/\/gobierno.udd.cl\/cpp\/wp-json\/wp\/v2\/media\/893"}],"wp:attachment":[{"href":"https:\/\/gobierno.udd.cl\/cpp\/wp-json\/wp\/v2\/media?parent=3045"}],"wp:term":[{"taxonomy":"category","embeddable":true,"href":"https:\/\/gobierno.udd.cl\/cpp\/wp-json\/wp\/v2\/categories?post=3045"},{"taxonomy":"post_tag","embeddable":true,"href":"https:\/\/gobierno.udd.cl\/cpp\/wp-json\/wp\/v2\/tags?post=3045"}],"curies":[{"name":"wp","href":"https:\/\/api.w.org\/{rel}","templated":true}]}}