{"id":3037,"date":"2017-09-14T00:38:18","date_gmt":"2017-09-14T03:38:18","guid":{"rendered":"http:\/\/gobierno.udd.cl\/cpp\/?p=3037"},"modified":"2017-09-14T00:40:21","modified_gmt":"2017-09-14T03:40:21","slug":"antonio-sola-estratega-electoral-espana-y-america-latina-congreso-sobre-campanas-politicas-cnn","status":"publish","type":"post","link":"https:\/\/gobierno.udd.cl\/cpp\/noticias\/2017\/09\/14\/antonio-sola-estratega-electoral-espana-y-america-latina-congreso-sobre-campanas-politicas-cnn\/","title":{"rendered":"Antonio Sola: Estratega electoral Espa\u00f1a y Am\u00e9rica Latina: Congreso sobre campa\u00f1as pol\u00edticas &#8211; CNN"},"content":{"rendered":"<div style=\"text-align: justify;\">Congreso sobre Campa\u00f1as es organizado por empresa Mitin y Universidad del Desarrollo.<\/div>\n<div style=\"text-align: justify;\">\nSol\u00e1 explica que campa\u00f1as pol\u00edticas deben enfocarse en varios factores, considerando sobre todo al p\u00fablico votante \u00abHay diferencias desde las elecciones donde gan\u00f3 la actual Presidenta o ex presidente Pi\u00f1era; hoy hay un clima beligerante, un nivel de enojo y desafecci\u00f3n muy grande en Chile y esto pasa, seg\u00fan mi punto de vista, porque los pol\u00edticos est\u00e1n muy distantes de lo que es el metro cuadrado de los ciudadanos y sus verdaderos intereses y ser\u00e1 una campa\u00f1a muy re\u00f1ida entre los tres principales: S\u00e1nchez, Guillier y Pi\u00f1era\u00bb.<\/p>\n<p style=\"text-align: justify;\"><b>Habla:<\/b> Antonio Sola, estratega electoral Espa\u00f1a y Am\u00e9rica Latina<\/p>\n<div style=\"width: 640px;\" class=\"wp-video\"><video class=\"wp-video-shortcode\" id=\"video-3037-1\" width=\"640\" height=\"360\" preload=\"metadata\" controls=\"controls\"><source type=\"video\/mp4\" src=\"http:\/\/conectamedia.s3.amazonaws.com\/498507344ab54cfb37d5b189a8b26397.mp4?_=1\" \/><a href=\"http:\/\/conectamedia.s3.amazonaws.com\/498507344ab54cfb37d5b189a8b26397.mp4\">http:\/\/conectamedia.s3.amazonaws.com\/498507344ab54cfb37d5b189a8b26397.mp4<\/a><\/video><\/div>\n<div style=\"width: 640px;\" class=\"wp-video\"><video class=\"wp-video-shortcode\" id=\"video-3037-2\" width=\"640\" height=\"360\" preload=\"metadata\" controls=\"controls\"><source type=\"video\/mp4\" src=\"http:\/\/conectamedia.s3.amazonaws.com\/c9bdef1d1a6fd1baab81f671917dd8b0.mp4?_=2\" \/><a href=\"http:\/\/conectamedia.s3.amazonaws.com\/c9bdef1d1a6fd1baab81f671917dd8b0.mp4\">http:\/\/conectamedia.s3.amazonaws.com\/c9bdef1d1a6fd1baab81f671917dd8b0.mp4<\/a><\/video><\/div>\n<\/div>\n","protected":false},"excerpt":{"rendered":"<p>Congreso sobre Campa\u00f1as es organizado por empresa Mitin y Universidad del Desarrollo. Sol\u00e1 explica que campa\u00f1as pol\u00edticas deben enfocarse en varios factores, considerando sobre todo al p\u00fablico votante \u00abHay diferencias desde las elecciones donde gan\u00f3 la actual Presidenta o ex presidente Pi\u00f1era; hoy hay un clima beligerante, un nivel de enojo y desafecci\u00f3n muy grande [&hellip;]<\/p>\n","protected":false},"author":22,"featured_media":893,"comment_status":"open","ping_status":"open","sticky":false,"template":"","format":"standard","meta":{"footnotes":""},"categories":[10162],"tags":[],"class_list":["post-3037","post","type-post","status-publish","format-standard","has-post-thumbnail","hentry","category-centro-en-la-prensa"],"featured_image_url":"https:\/\/gobierno.udd.cl\/cpp\/files\/2015\/05\/udd_cpp_prensa_340.png","_links":{"self":[{"href":"https:\/\/gobierno.udd.cl\/cpp\/wp-json\/wp\/v2\/posts\/3037","targetHints":{"allow":["GET"]}}],"collection":[{"href":"https:\/\/gobierno.udd.cl\/cpp\/wp-json\/wp\/v2\/posts"}],"about":[{"href":"https:\/\/gobierno.udd.cl\/cpp\/wp-json\/wp\/v2\/types\/post"}],"author":[{"embeddable":true,"href":"https:\/\/gobierno.udd.cl\/cpp\/wp-json\/wp\/v2\/users\/22"}],"replies":[{"embeddable":true,"href":"https:\/\/gobierno.udd.cl\/cpp\/wp-json\/wp\/v2\/comments?post=3037"}],"version-history":[{"count":6,"href":"https:\/\/gobierno.udd.cl\/cpp\/wp-json\/wp\/v2\/posts\/3037\/revisions"}],"predecessor-version":[{"id":3043,"href":"https:\/\/gobierno.udd.cl\/cpp\/wp-json\/wp\/v2\/posts\/3037\/revisions\/3043"}],"wp:featuredmedia":[{"embeddable":true,"href":"https:\/\/gobierno.udd.cl\/cpp\/wp-json\/wp\/v2\/media\/893"}],"wp:attachment":[{"href":"https:\/\/gobierno.udd.cl\/cpp\/wp-json\/wp\/v2\/media?parent=3037"}],"wp:term":[{"taxonomy":"category","embeddable":true,"href":"https:\/\/gobierno.udd.cl\/cpp\/wp-json\/wp\/v2\/categories?post=3037"},{"taxonomy":"post_tag","embeddable":true,"href":"https:\/\/gobierno.udd.cl\/cpp\/wp-json\/wp\/v2\/tags?post=3037"}],"curies":[{"name":"wp","href":"https:\/\/api.w.org\/{rel}","templated":true}]}}