{"id":3028,"date":"2017-09-14T00:31:24","date_gmt":"2017-09-14T03:31:24","guid":{"rendered":"http:\/\/gobierno.udd.cl\/cpp\/?p=3028"},"modified":"2017-09-14T00:31:34","modified_gmt":"2017-09-14T03:31:34","slug":"97-papers-que-van-desde-inflacion-hasta-futbol-expusieron-los-economistas-en-su-encuentro-anual-el-pulso","status":"publish","type":"post","link":"https:\/\/gobierno.udd.cl\/cpp\/noticias\/2017\/09\/14\/97-papers-que-van-desde-inflacion-hasta-futbol-expusieron-los-economistas-en-su-encuentro-anual-el-pulso\/","title":{"rendered":"97 papers que van desde inflaci\u00f3n hasta f\u00fatbol expusieron los economistas en su encuentro anual &#8211; El Pulso"},"content":{"rendered":"<p style=\"text-align: justify;\">Durante dos d\u00edas la Sociedad de Econom\u00eda de Chile (Sechi) sostuvo su conferencia anual donde sus socios se empaparon de las investigaciones que est\u00e1n en boga en nuestro pa\u00eds. Se expusieron 97 papers en 36 sesiones que estaban divididas por tem\u00e1ticas que van desde la macroeconom\u00eda a la micro en \u00e1reas tan diversas como Educaci\u00f3n y Competencia, Econom\u00eda Pol\u00edtica, Comercio Internacional, entre otras.<\/p>\n<p style=\"text-align: justify;\">En esta oportunidad los organizadores del encuentro que se realiz\u00f3 el jueves 7 y viernes 8 de septiembre fueron el Instituto de Econom\u00eda de la Pontificia Universidad Cat\u00f3lica de Chile y la Universidad de Talca. Eligieron el Hotel Santa Cruz como sede. El evento se inaugur\u00f3 con la clase magistral del profesor de la UC, Juan Pablo Montero sobre \u00ablibre competencia y abuso de posici\u00f3n dominante: teor\u00eda y casos\u00bb. El programa tambi\u00e9n contempl\u00f3 un espacio para conversar acerca de los programas econ\u00f3micos de los candidatos presidenciales donde asistieron Guillermo Larra\u00edn, Ram\u00f3n L\u00f3pez, Osvaldo Rosales y Klaus Schmmidt-Hebbel.<\/p>\n<p style=\"text-align: justify;\">El invitado del primer d\u00eda fue el profesor Ran Abramitzky profesor asociado del Departamento de Econom\u00eda de la Universidad de Stanford cuya investigaci\u00f3n versa en la historia econ\u00f3mica y en la microeconom\u00eda aplicada enfocada en la inmigraci\u00f3n y en la desigualdad de salarios. Y el segundo d\u00eda la conferencia estuvo a cargo del profesor de la Universidad de Pennsylvania, Guillermo Ordo\u00f1ez experto en regulaci\u00f3n financiera y su impacto en las crisis. Asimismo 10 alumnos fueron seleccionados para exponer sus trabajos de investigaci\u00f3n en una secci\u00f3n llamada \u00abAfiches\u00bb donde son beneficiados con la retroalimentaci\u00f3n de los asistentes.<\/p>\n<p style=\"text-align: justify;\">Evidencia emp\u00edrica para avanzar en educacion<\/p>\n<p style=\"text-align: justify;\">Nueve trabajos se presentaron en tres paneles distintos donde se abord\u00f3 el tema de la Educaci\u00f3n, en cuanto a habilidades, impacto y competencia. En este \u00faltimo tema se expuso un paper de quien fuera el jefe del equipo econ\u00f3mico del programa de Ricardo Lagos, Dante Contreras quien junto a Daniel Hojman de la U. de Chile y Emilia Brito, present\u00f3 el documento titulado \u00abVouchers, Diversidad Socioecon\u00f3mica y Rendimiento Acad\u00e9mico.<\/p>\n<p style=\"text-align: justify;\">El fin de esta investigaci\u00f3n es estudiar la relaci\u00f3n entre diversidad socioecon\u00f3mica en la sala de clases y el rendimiento acad\u00e9mico en las escuelas entre 2000 y 2013. \u00abLos resultados confirman que el impacto de la dispersi\u00f3n socioecon\u00f3mica en pruebas estandarizadas es peque\u00f1o y positivo. Sin embargo, este efecto es m\u00e1s fuerte en escuelas de bajo rendimiento y bajo nivel socioecon\u00f3mico\u00bb, se se\u00f1al\u00f3. Asimismo se relacionaron los resultados la expectativa de los profesores sobre el futuro acad\u00e9mico de sus estudiantes, \u00abque son mayores en escuelas con mayor diversidad &#8230; En nuestros datos, este mecanismo parece explicar un tercio del efecto de diversidad socioecon\u00f3mica en rendimiento\u00bb.<\/p>\n<p style=\"text-align: justify;\">El impacto de los triunfos en el f\u00fatbol.<\/p>\n<p style=\"text-align: justify;\">Como todo puede analizarse desde un prisma econ\u00f3mico, Jos\u00e9 Miguel Pascual present\u00f3 su trabajo para obtener el grado Master en Econom\u00eda de la UC sobre f\u00fatbol. Bajo la pregunta de \u00ab\u00bfSi las victorias del f\u00fatbol pueden influir en el malestar social? con evidencia en \u00c1frica, el economista cruz\u00f3 el impacto de corto plazo de los triunfos de los equipos nacionales de f\u00fatbol con los acontecimientos de agitaci\u00f3n social en \u00c1frica. \u00abSe encontr\u00f3 que las victorias reducen los eventos de malestar social mientras que las derrotas no\u00bb, indic\u00f3.<\/p>\n<p style=\"text-align: justify;\">En su estudio evidenci\u00f3 que el impacto de las victorias es heterog\u00e9neo seg\u00fan el fraccionamiento \u00e9tnico de cada pa\u00eds y el nivel de dictadura de cada r\u00e9gimen de gobierno, mostrando un efecto mayor cuando hay m\u00e1s diversidad \u00e9tnica y menos nivel de autoritarismo. \u00abRespecto de las expectativas, hay un impacto m\u00e1s fuerte de las victorias cuando son inesperadas. La evidencia sugiere que el principal canal es la unidad nacional que producen las victorias\u00bb, se\u00f1al\u00f3.<\/p>\n<p style=\"text-align: justify;\">\u00bfC\u00f3mo competir con nuestras exportaciones?<\/p>\n<p style=\"text-align: justify;\">Hubo un panel dedicado exclusivamente al comercio internacional y c\u00f3mo los mercados emergentes, en particular Chile, pueden inser- tarse con mayor profundidad en este circuito. Entre ellos hubo un trabajo del ex asesor del Ministerio de Econom\u00eda, Andr\u00e9s Zahler -hoy en la Universidad Diego Portales- y Daniel Goya de la U. Cat\u00f3lica de Valpara\u00edso, referente a la supervivencia de las exportaciones chilenas y su distancia desde el n\u00facleo donde se formaron o respecto del env\u00edo previo a ampliar sus productos.<\/p>\n<p style=\"text-align: justify;\">Sostiene que una parte importante del crecimiento agregado de los env\u00edos obedece al hecho de que se agregan nuevas variedades a las canastas de exportaci\u00f3n. La investigaci\u00f3n reflej\u00f3 que la similitud en los insumos utilizados es lo que determina la supervivencia del nuevo producto, lo que sugiere que son las innovaciones tecnol\u00f3gicas las que explican esta mantenci\u00f3n m\u00e1s que la demanda. Dentro de este \u00e1mbito tambi\u00e9n se presentaron estudios sobre el mercado de las bencinas y las decisiones mineras en el mercado del cobre, bajo el paraguas de Organizaci\u00f3n Industrial.<\/p>\n<p style=\"text-align: justify;\">Fiscal\u00eda estudi\u00f3 el mercado de las bencinas<\/p>\n<p style=\"text-align: justify;\">La Fiscal\u00eda Nacional Econ\u00f3mica tambi\u00e9n particip\u00f3 en este evento con un trabajo de Fernando Coloma sobre el mercado de la gasolina y el rol de los minoristas independientes y los multimarket en Chile. \u00abEl objetivo de este trabajo es aportar nuevos conocimientos sobre las gasolineras independientes enfoc\u00e1ndose en la diferencia de incentivos y caracter\u00edsticas respecto a las estaciones de marca\u00bb indica el estudio al se\u00f1alar que el mercado de la gasolina se caracteriza por tener elevadas diferencias de precios entre distintos lugares.<\/p>\n<p style=\"text-align: justify;\">A trav\u00e9s de un an\u00e1lisis econom\u00e9trico con datos del mercado se observ\u00f3 que las estaciones independientes influyen en el nivel de competencia, pero no pueden explicar la enorme diferencia de precios entre locales. Tambi\u00e9n comenta que el estudio aprovech\u00f3 la desinversi\u00f3n realizada en 61 estaciones de marca tras la exigencia de los tribunales, con lo cual descart\u00f3 la hip\u00f3tesis de que las estaciones independientes romp\u00edan acuerdos colusorios. \u00abEl an\u00e1lisis sugiere que la diferencia de precios podr\u00edan explicarse por un modelo de competencia en los mercados locales con diferentes costos, seg\u00fan las ubicaciones\u00bb, concluye.<\/p>\n<p style=\"text-align: justify;\">Banco Central asisti\u00f3 con 6 conferencistas<\/p>\n<p style=\"text-align: justify;\">Una destacada participaci\u00f3n en este encuentro tuvo el Banco Central ya que sus investigadores participaron en varios paneles presentando diversos trabajos. Dos de los papers del panel Econom\u00eda Pol\u00edtica 1 correspondieron a personeros del instituto emisor: \u00abLa desigualdad de la riqueza y la econom\u00eda pol\u00edtica de los mercados financiero y laboral\u00bb de Diego Huerta y Ronald Fischer de Ingenier\u00eda Industrial de la U. de Chile; y \u00abla din\u00e1mica del compromiso pol\u00edtico\u00bb de Alvaro Aguirre. Jos\u00e9 Alvarado, en tanto expuso una interpretaci\u00f3n de las variaciones de inflaci\u00f3n en la sesi\u00f3n sobre Monetaria e Inflaci\u00f3n, junto a Carlos Medel con los determinantes de la inflaci\u00f3n de servicios en Chile.<\/p>\n<p style=\"text-align: justify;\">En Macroeconom\u00eda, Ernesto Pasten habl\u00f3 sobre las fluctuaciones agregados y precios r\u00edgidos; y David Chernin se refiri\u00f3 a los \u00abpron\u00f3sticos macroecon\u00f3micos en peque\u00f1as econom\u00edas abiertas utilizando modelos de factores din\u00e1micos\u00bb en la sesi\u00f3n sobre Predicci\u00f3n. Y por \u00faltimo, Francisca Uribe y Felipe Mart\u00ednez llevaron el paper sobre \u00abDeterminantes de la posici\u00f3n de los hogares en la distribuci\u00f3n de riqueza chilena\u00bb en el panel sobre Pensiones.<\/p>\n<p style=\"text-align: justify;\">En honor a Sokoloff<\/p>\n<p style=\"text-align: justify;\">Una de las 36 sesiones tuvo una dedicaci\u00f3n especial: \u00abHistoria econ\u00f3mica en honor a Ken Sokoloff&#8217;, tras cumplirse 10 a\u00f1os de su deceso. Graduado en Harvard se desempe\u00f1\u00f3 en la UCLA con un fuerte acento en la historia econ\u00f3mica orientado en la interacci\u00f3n entre el factor laboral, las instituciones y el crecimiento, sosteniendo que el capital humano y los niveles de desigualdad influyen en el desarrollo de un pa\u00eds. Tres papers se presentaron en este panel.<\/p>\n<p style=\"text-align: justify;\">El primero, se enfoc\u00f3 en las leyes de la usura y el cr\u00e9dito privado en Lima, de Luis Zegarra de Centrum Cat\u00f3lica. El segundo de Francisco Gallego de la U. Cat\u00f3lica se refiri\u00f3 al impacto del boom del commodity en las decisiones de fertilidad de las familias. Y el \u00faltimo de Roberto Alvarez de la U. de Chile sobre los re- sultados educativos por la reforma pol\u00edtica.<\/p>\n<p style=\"text-align: justify;\">Mayor transferencia de recursos \u00abafines\u00bb a municipios en \u00e9poca electoral<\/p>\n<p style=\"text-align: justify;\">Siempre hubo una sospecha de que en \u00e9poca de elecciones municipales los gobiernos entregan m\u00e1s recursos a los municipios afines. Bueno, el trabajo de Alejandro Corvalan de la U. Diego Portales, Paulo Cox del Banco Central y Rodrigo Osorio de la U de Santiago, lo demuestra. En el paper titulado \u00abLos ciclos presupuestarios pol\u00edticos indirectos: Evidencia de los municipios chilenos\u00bb, los expertos abordaron las transferencias de recursos se\u00f1alando que cuando los gobiernos locales dependen de los recursos nacionales, el gobierno central puede tener incentivos para manipular las transferencias con tal de influir en la reelecci\u00f3n.<\/p>\n<p style=\"text-align: justify;\">\u00abMostramos que durante los a\u00f1os de elecciones municipales, el gobierno aumenta el monto total de las transferencias a los municipios, y que estos recursos adicionales se localizan en los municipios alineados del gobierno de turno\u00bb. Otro trabajo en este panel de Econom\u00eda P\u00fablica correspondi\u00f3 a Mohit Karnani de la U. de Chile sobre los suministros fiscales mediante licitaciones a fin de a\u00f1o y c\u00f3mo algunas empresas se preparan para ello sabiendo que siempre las subastas aumentan en este per\u00edodo.<\/p>\n<p style=\"text-align: justify;\">Del salitre a la trampa del ingreso medio<\/p>\n<p style=\"text-align: justify;\">Hubo una sesi\u00f3n dedicada a la historia econ\u00f3mica del pa\u00eds que cont\u00f3 con tres trabajos enfocados a distin- tos per\u00edodos. Quien abri\u00f3 este ciclo que Juan Pablo Couyoumdjian de la <span class=\"highlight\">Universidad del Desarrollo<\/span> con el tema \u00ab\u00bfQu\u00e9 ataja el poderoso vuelo? Ideas, Instituciones y la Trampa del In- greso Medio: Chile, 1880-1930\u00bb.<\/p>\n<p style=\"text-align: justify;\">Uno de Jos\u00e9 D\u00edaz de la Uni- versidad Cat\u00f3lica sobre las exportaciones chilenas antes del ciclo salitrero Otro de Manuel Llorca-Ja\u00f1a de la Universidad de Santiago acerca de \u00abChilo\u00e9, una sociedad rural igualitaria. Distribuci\u00f3n del ingreso agr\u00edcola y de la tierra despu\u00e9s de la Independencia\u00bb. Este fue el \u00fanico panel dedicado a un tema donde se cruzan las experiencias acad\u00e9micas, ya que la mayor\u00eda de las sesiones eran de teor\u00eda microecon\u00f3mica, de modelos econom\u00e9tricos, dise\u00f1os predictivos incluso a series de tiempo.<\/p>\n<p style=\"text-align: justify;\">Deterioro de la salud mental reducir\u00eda un 20% la participaci\u00f3n laboral<\/p>\n<p style=\"text-align: justify;\">\u00bfC\u00f3mo afecta la salud mental en el desempe\u00f1o laboral y el crecimiento de la econom\u00eda?, fue el trabajo del di- rector del Centro de Microdatos de la U de Chile, Jaime Ruiz-Tagle y Pablo Troncoso, en el panel sobre Trabajo, Salud y Programas Sociales. La investigaci\u00f3n se orient\u00f3 a los efectos de la mala salud mental en el mercado laboral en Chile que cuenta con una tasa de depresi\u00f3n de 17%. \u00abNuestros resultados indican que una mala salud mental podr\u00eda reducirla participaci\u00f3n en el mercado laboral en un 20%.<\/p>\n<p style=\"text-align: justify;\">Adicionalmente, encontramos que este factor podr\u00eda reducir los salarios en un 60% para las mujeres y el 50% para los hombres. Tambi\u00e9n encontramos efectos heterog\u00e9neos entre trabajadores seg\u00fan el sector econ\u00f3mico donde se desempe\u00f1an: trabajadores del sector privado con mala salud mental sufren un mayor impacto salarial que los trabajadores del sector p\u00fablico\u00bb. Por otro lado, Carlos Garc\u00eda de Ilades se refiri\u00f3 al impacto econ\u00f3mico de los jardines infantiles en nuestro pa\u00eds.<\/p>\n<p style=\"text-align: justify;\"><a href=\"https:\/\/goo.gl\/CjAD3H\" target=\"_blank\"><img loading=\"lazy\" decoding=\"async\" class=\"aligncenter size-medium wp-image-3029\" src=\"http:\/\/gobierno.udd.cl\/cpp\/files\/2017\/09\/e9bb5c558685f41e200e589cd9c82dba.jpg-210x300.png\" alt=\"e9bb5c558685f41e200e589cd9c82dba.jpg\" width=\"210\" height=\"300\" srcset=\"https:\/\/gobierno.udd.cl\/cpp\/files\/2017\/09\/e9bb5c558685f41e200e589cd9c82dba.jpg-210x300.png 210w, https:\/\/gobierno.udd.cl\/cpp\/files\/2017\/09\/e9bb5c558685f41e200e589cd9c82dba.jpg-768x1095.png 768w, https:\/\/gobierno.udd.cl\/cpp\/files\/2017\/09\/e9bb5c558685f41e200e589cd9c82dba.jpg-718x1024.png 718w, https:\/\/gobierno.udd.cl\/cpp\/files\/2017\/09\/e9bb5c558685f41e200e589cd9c82dba.jpg-673x960.png 673w\" sizes=\"auto, (max-width: 210px) 100vw, 210px\" \/><\/a><\/p>\n<p style=\"text-align: justify;\"><a href=\"https:\/\/goo.gl\/36jWcK\" target=\"_blank\"><img loading=\"lazy\" decoding=\"async\" class=\"aligncenter size-medium wp-image-3030\" src=\"http:\/\/gobierno.udd.cl\/cpp\/files\/2017\/09\/edff4349dba0bbcc0b8dd9e071cfb8b9.jpg-210x300.png\" alt=\"edff4349dba0bbcc0b8dd9e071cfb8b9.jpg\" width=\"210\" height=\"300\" srcset=\"https:\/\/gobierno.udd.cl\/cpp\/files\/2017\/09\/edff4349dba0bbcc0b8dd9e071cfb8b9.jpg-210x300.png 210w, https:\/\/gobierno.udd.cl\/cpp\/files\/2017\/09\/edff4349dba0bbcc0b8dd9e071cfb8b9.jpg-768x1095.png 768w, https:\/\/gobierno.udd.cl\/cpp\/files\/2017\/09\/edff4349dba0bbcc0b8dd9e071cfb8b9.jpg-718x1024.png 718w, https:\/\/gobierno.udd.cl\/cpp\/files\/2017\/09\/edff4349dba0bbcc0b8dd9e071cfb8b9.jpg-673x960.png 673w\" sizes=\"auto, (max-width: 210px) 100vw, 210px\" \/><\/a><\/p>\n","protected":false},"excerpt":{"rendered":"<p>Durante dos d\u00edas la Sociedad de Econom\u00eda de Chile (Sechi) sostuvo su conferencia anual donde sus socios se empaparon de las investigaciones que est\u00e1n en boga en nuestro pa\u00eds. Se expusieron 97 papers en 36 sesiones que estaban divididas por tem\u00e1ticas que van desde la macroeconom\u00eda a la micro en \u00e1reas tan diversas como Educaci\u00f3n [&hellip;]<\/p>\n","protected":false},"author":22,"featured_media":893,"comment_status":"open","ping_status":"open","sticky":false,"template":"","format":"standard","meta":{"footnotes":""},"categories":[10162],"tags":[],"class_list":["post-3028","post","type-post","status-publish","format-standard","has-post-thumbnail","hentry","category-centro-en-la-prensa"],"featured_image_url":"https:\/\/gobierno.udd.cl\/cpp\/files\/2015\/05\/udd_cpp_prensa_340.png","_links":{"self":[{"href":"https:\/\/gobierno.udd.cl\/cpp\/wp-json\/wp\/v2\/posts\/3028","targetHints":{"allow":["GET"]}}],"collection":[{"href":"https:\/\/gobierno.udd.cl\/cpp\/wp-json\/wp\/v2\/posts"}],"about":[{"href":"https:\/\/gobierno.udd.cl\/cpp\/wp-json\/wp\/v2\/types\/post"}],"author":[{"embeddable":true,"href":"https:\/\/gobierno.udd.cl\/cpp\/wp-json\/wp\/v2\/users\/22"}],"replies":[{"embeddable":true,"href":"https:\/\/gobierno.udd.cl\/cpp\/wp-json\/wp\/v2\/comments?post=3028"}],"version-history":[{"count":2,"href":"https:\/\/gobierno.udd.cl\/cpp\/wp-json\/wp\/v2\/posts\/3028\/revisions"}],"predecessor-version":[{"id":3032,"href":"https:\/\/gobierno.udd.cl\/cpp\/wp-json\/wp\/v2\/posts\/3028\/revisions\/3032"}],"wp:featuredmedia":[{"embeddable":true,"href":"https:\/\/gobierno.udd.cl\/cpp\/wp-json\/wp\/v2\/media\/893"}],"wp:attachment":[{"href":"https:\/\/gobierno.udd.cl\/cpp\/wp-json\/wp\/v2\/media?parent=3028"}],"wp:term":[{"taxonomy":"category","embeddable":true,"href":"https:\/\/gobierno.udd.cl\/cpp\/wp-json\/wp\/v2\/categories?post=3028"},{"taxonomy":"post_tag","embeddable":true,"href":"https:\/\/gobierno.udd.cl\/cpp\/wp-json\/wp\/v2\/tags?post=3028"}],"curies":[{"name":"wp","href":"https:\/\/api.w.org\/{rel}","templated":true}]}}