{"id":3025,"date":"2017-09-14T00:27:52","date_gmt":"2017-09-14T03:27:52","guid":{"rendered":"http:\/\/gobierno.udd.cl\/cpp\/?p=3025"},"modified":"2017-09-14T00:27:52","modified_gmt":"2017-09-14T03:27:52","slug":"estadisticas-del-ine-aumentan-familias-pequenas-y-divorciados-que-vuelven-a-casarse-el-mercurio","status":"publish","type":"post","link":"https:\/\/gobierno.udd.cl\/cpp\/noticias\/2017\/09\/14\/estadisticas-del-ine-aumentan-familias-pequenas-y-divorciados-que-vuelven-a-casarse-el-mercurio\/","title":{"rendered":"Estad\u00edsticas del INE: Aumentan familias peque\u00f1as y divorciados que vuelven a casarse &#8211; El Mercurio"},"content":{"rendered":"<p style=\"text-align: justify;\">Familias m\u00e1s peque\u00f1as, que se conforman m\u00e1s tarde, aumento de matrimonios de personas divorciadas y la priorizaci\u00f3n de un proyecto de vida antes que tener m\u00e1s hijos. Estos son algunos de los datos que se pueden extraer de las estad\u00edsticas vitales elaboradas por el Instituto Nacional de Estad\u00edsticas (INE), al comparar los \u00faltimos 15 a\u00f1os.<\/p>\n<p style=\"text-align: justify;\">Por ejemplo, una de las caracter\u00edsticas es la postergaci\u00f3n de la maternidad. Entre 2000 y 2015 aumentaron en 34% los ni\u00f1os de madres mayores de 40 a\u00f1os: hace 15 a\u00f1os, la cifra ascend\u00eda a 7.482; hace dos a\u00f1os fue de 10.049. Pero la postergaci\u00f3n de la paternidad tambi\u00e9n se hizo patente, en 19% en el mismo per\u00edodo: de 24.895 a 29.611.<\/p>\n<p style=\"text-align: justify;\">Junto con esto, baja el n\u00famero de hijos. Mientras en 2000 los casos donde el nacido correspond\u00eda al tercer hijo o posterior eran 68.177; en 2015, estos se redujeron a 55.180. Es decir, una baja de 19%. Los que s\u00ed subieron fueron los segundos hijos, de 77.296 a 84.987, un 10% m\u00e1s.<\/p>\n<p style=\"text-align: justify;\">Estas cifras visualizan un cambio que, seg\u00fan la soci\u00f3loga de la U. de Chile, Catalina Arteaga, se relaciona con que \u00abla gente tiene otros proyectos de vida, proyectos individuales. Hay mujeres que ya no tienen est\u00e1 visi\u00f3n centrada en tener hijos\u00bb.<\/p>\n<p style=\"text-align: justify;\">Seg\u00fan los especialistas en sociolog\u00eda, el fen\u00f3meno que sucede en Chile en relaci\u00f3n a las familias es una din\u00e1mica observada en otros pa\u00edses que tambi\u00e9n pasan por un envejecimiento poblacional, y por cambios en las prioridades de vida.<\/p>\n<p style=\"text-align: justify;\">\u00abHemos pasado de lo que llam\u00e1bamos la &#8216;familia extensa&#8217;, que pod\u00edan tener cuatro o m\u00e1s hijos adem\u00e1s de otras personas en el grupo, a la &#8216;familia nuclear&#8217;: compuesta por pap\u00e1, mam\u00e1 y m\u00e1ximo dos hijos\u00bb, plantea Sergio Gonz\u00e1lez, antrop\u00f3logo y vicerrector de Vinculaci\u00f3n con el Medio de la U. de Santiago. A\u00f1ade que este proceso viene \u00abdesde el \u00faltimo tercio del siglo pasado, pero ahora las estad\u00edsticas lo est\u00e1n visualizando, porque es una tendencia clara\u00bb.<\/p>\n<p style=\"text-align: justify;\">Por ejemplo, un \u00e1rea donde existe un alza sostenida es en el matrimonio entre divorciados. Seg\u00fan las cifras del INE, estos enlaces han aumentado 36% entre 2010 y 2015, pasando de 13.608 a 18.308. En el caso de las mujeres el aumento es superior, de 5.474 a 7.894, 44% m\u00e1s.<\/p>\n<p style=\"text-align: justify;\">Ismael Puga, investigador de la U. Central, explica que ha variado la visi\u00f3n del matrimonio: \u00abYa no se ve como algo irreversible. Las personas est\u00e1n atrevi\u00e9ndose a verlo como una opci\u00f3n que se puede explorar\u00bb.<\/p>\n<p style=\"text-align: justify;\">Mientras, Francisca Dussaillant, directora de Pol\u00edticas P\u00fablicas de la <span class=\"highlight\">U<\/span>. <span class=\"highlight\">del<\/span> <span class=\"highlight\">Desarrollo<\/span>, plantea que entre los factores tambi\u00e9n est\u00e1 que \u00abla calidad de vida ha mejorado, pero tambi\u00e9n aumentan los costos: por ejemplo, la educaci\u00f3n se vuelve m\u00e1s larga y, por ende, m\u00e1s cara\u00bb.<\/p>\n<p style=\"text-align: justify;\">\u00bbEste proceso viene desde el \u00faltimo tercio del siglo pasado, pero ahora las estad\u00edsticas lo est\u00e1n visualizando, porque es una tendencia clara\u00bb.<br \/>\n<em>SERGIO GONZ\u00c1LEZ Antrop\u00f3logo de la U. de Santiago<\/em><\/p>\n<p style=\"text-align: justify;\">\u00bbLa calidad de vida ha mejorado, pero tambi\u00e9n aumentan los costos: por ejemplo, la educaci\u00f3n se vuelve m\u00e1s larga y, <em>por ende, m\u00e1s cara\u00bb.<\/em><br \/>\n<em> FRANCISCA DUSSAILLANT Acad\u00e9mica de la <span class=\"highlight\">U<\/span>. <span class=\"highlight\">del<\/span> <span class=\"highlight\">Desarrollo<\/span><\/em><\/p>\n<p style=\"text-align: justify;\">\u00bbEl matrimonio ya no se ve como algo irreversible. Las personas est\u00e1n atrevi\u00e9ndose a verlo como una opci\u00f3n que se puede explorar\u00bb.<br \/>\n<em>ISMAEL PUGA Soci\u00f3logo de la U. Central<\/em><\/p>\n<p style=\"text-align: justify;\"><a href=\"https:\/\/goo.gl\/58Sk1g\" target=\"_blank\"><img loading=\"lazy\" decoding=\"async\" class=\"aligncenter size-medium wp-image-3026\" src=\"http:\/\/gobierno.udd.cl\/cpp\/files\/2017\/09\/2017-09-11_impresa.elmercurio.com_MERSTNA008CC1109_1100-160x300.png\" alt=\"2017-09-11_impresa.elmercurio.com_MERSTNA008CC1109_1100\" width=\"160\" height=\"300\" srcset=\"https:\/\/gobierno.udd.cl\/cpp\/files\/2017\/09\/2017-09-11_impresa.elmercurio.com_MERSTNA008CC1109_1100-160x300.png 160w, https:\/\/gobierno.udd.cl\/cpp\/files\/2017\/09\/2017-09-11_impresa.elmercurio.com_MERSTNA008CC1109_1100-768x1443.png 768w, https:\/\/gobierno.udd.cl\/cpp\/files\/2017\/09\/2017-09-11_impresa.elmercurio.com_MERSTNA008CC1109_1100-545x1024.png 545w, https:\/\/gobierno.udd.cl\/cpp\/files\/2017\/09\/2017-09-11_impresa.elmercurio.com_MERSTNA008CC1109_1100-511x960.png 511w, https:\/\/gobierno.udd.cl\/cpp\/files\/2017\/09\/2017-09-11_impresa.elmercurio.com_MERSTNA008CC1109_1100.png 1192w\" sizes=\"auto, (max-width: 160px) 100vw, 160px\" \/><\/a><\/p>\n","protected":false},"excerpt":{"rendered":"<p>Familias m\u00e1s peque\u00f1as, que se conforman m\u00e1s tarde, aumento de matrimonios de personas divorciadas y la priorizaci\u00f3n de un proyecto de vida antes que tener m\u00e1s hijos. Estos son algunos de los datos que se pueden extraer de las estad\u00edsticas vitales elaboradas por el Instituto Nacional de Estad\u00edsticas (INE), al comparar los \u00faltimos 15 a\u00f1os. [&hellip;]<\/p>\n","protected":false},"author":22,"featured_media":893,"comment_status":"open","ping_status":"open","sticky":false,"template":"","format":"standard","meta":{"footnotes":""},"categories":[10162],"tags":[],"class_list":["post-3025","post","type-post","status-publish","format-standard","has-post-thumbnail","hentry","category-centro-en-la-prensa"],"featured_image_url":"https:\/\/gobierno.udd.cl\/cpp\/files\/2015\/05\/udd_cpp_prensa_340.png","_links":{"self":[{"href":"https:\/\/gobierno.udd.cl\/cpp\/wp-json\/wp\/v2\/posts\/3025","targetHints":{"allow":["GET"]}}],"collection":[{"href":"https:\/\/gobierno.udd.cl\/cpp\/wp-json\/wp\/v2\/posts"}],"about":[{"href":"https:\/\/gobierno.udd.cl\/cpp\/wp-json\/wp\/v2\/types\/post"}],"author":[{"embeddable":true,"href":"https:\/\/gobierno.udd.cl\/cpp\/wp-json\/wp\/v2\/users\/22"}],"replies":[{"embeddable":true,"href":"https:\/\/gobierno.udd.cl\/cpp\/wp-json\/wp\/v2\/comments?post=3025"}],"version-history":[{"count":1,"href":"https:\/\/gobierno.udd.cl\/cpp\/wp-json\/wp\/v2\/posts\/3025\/revisions"}],"predecessor-version":[{"id":3027,"href":"https:\/\/gobierno.udd.cl\/cpp\/wp-json\/wp\/v2\/posts\/3025\/revisions\/3027"}],"wp:featuredmedia":[{"embeddable":true,"href":"https:\/\/gobierno.udd.cl\/cpp\/wp-json\/wp\/v2\/media\/893"}],"wp:attachment":[{"href":"https:\/\/gobierno.udd.cl\/cpp\/wp-json\/wp\/v2\/media?parent=3025"}],"wp:term":[{"taxonomy":"category","embeddable":true,"href":"https:\/\/gobierno.udd.cl\/cpp\/wp-json\/wp\/v2\/categories?post=3025"},{"taxonomy":"post_tag","embeddable":true,"href":"https:\/\/gobierno.udd.cl\/cpp\/wp-json\/wp\/v2\/tags?post=3025"}],"curies":[{"name":"wp","href":"https:\/\/api.w.org\/{rel}","templated":true}]}}