{"id":3000,"date":"2017-08-09T21:23:44","date_gmt":"2017-08-10T01:23:44","guid":{"rendered":"http:\/\/gobierno.udd.cl\/cpp\/?p=3000"},"modified":"2017-08-17T20:20:33","modified_gmt":"2017-08-17T23:20:33","slug":"documento-cpp-analisis-n19-julio-primarias-presidenciales-un-analisis-electoral-y-politico-por-rodrigo-arellano-miguel-angel-fernandez","status":"publish","type":"post","link":"https:\/\/gobierno.udd.cl\/cpp\/noticias\/2017\/08\/09\/documento-cpp-analisis-n19-julio-primarias-presidenciales-un-analisis-electoral-y-politico-por-rodrigo-arellano-miguel-angel-fernandez\/","title":{"rendered":"Documento CPP An\u00e1lisis N\u00b019-Julio: \u00abPrimarias Presidenciales. Un an\u00e1lisis electoral y pol\u00edtico\u00bb por Rodrigo Arellano y Miguel \u00c1ngel Fern\u00e1ndez"},"content":{"rendered":"<p style=\"text-align: justify;\">Los resultados de las primarias presidenciales celebradas el 02 de Julio pasado no presentaron ninguna sorpresa en t\u00e9rminos electorales. Todas las encuestas y expertos pronosticaron lo que sucedi\u00f3: triunfos relativamente f\u00e1ciles de Sebasti\u00e1n Pi\u00f1era en Chile Vamos y de Beatriz S\u00e1nchez en el Frente Amplio. Pese a lo anterior, existen varios puntos que merecen ser analizados con mayor profundidad, en especial el fen\u00f3meno de participaci\u00f3n, y de esta forma proyectar algunos escenarios para las futuras elecciones del 19 de Noviembre. En el siguiente documento analizaremos a la luz de los resultados de las primarias los puntos m\u00e1s significativos desglosando por bloque pol\u00edtico su impacto.<\/p>\n<p style=\"text-align: justify;\">Para revisar el documento completo ver <strong><a href=\"http:\/\/gobierno.udd.cl\/cpp\/files\/2017\/08\/19-Arellano-Primarias-Presidenciales-V.F.-1.pdf\" rel=\"\">An\u00e1lisis N\u00b019<\/a><\/strong><\/p>\n","protected":false},"excerpt":{"rendered":"<p>Los resultados de las primarias presidenciales celebradas el 02 de Julio pasado no presentaron ninguna sorpresa en t\u00e9rminos electorales. Todas las encuestas y expertos pronosticaron lo que sucedi\u00f3: triunfos relativamente f\u00e1ciles de Sebasti\u00e1n Pi\u00f1era en Chile Vamos y de Beatriz S\u00e1nchez en el Frente Amplio. Pese a lo anterior, existen varios puntos que merecen ser [&hellip;]<\/p>\n","protected":false},"author":22,"featured_media":2863,"comment_status":"open","ping_status":"open","sticky":false,"template":"","format":"standard","meta":{"footnotes":""},"categories":[11832,4],"tags":[],"class_list":["post-3000","post","type-post","status-publish","format-standard","has-post-thumbnail","hentry","category-analisis-centro-de-politicas-publicas","category-noticias"],"featured_image_url":"https:\/\/gobierno.udd.cl\/cpp\/files\/2017\/04\/analisis2.png","_links":{"self":[{"href":"https:\/\/gobierno.udd.cl\/cpp\/wp-json\/wp\/v2\/posts\/3000","targetHints":{"allow":["GET"]}}],"collection":[{"href":"https:\/\/gobierno.udd.cl\/cpp\/wp-json\/wp\/v2\/posts"}],"about":[{"href":"https:\/\/gobierno.udd.cl\/cpp\/wp-json\/wp\/v2\/types\/post"}],"author":[{"embeddable":true,"href":"https:\/\/gobierno.udd.cl\/cpp\/wp-json\/wp\/v2\/users\/22"}],"replies":[{"embeddable":true,"href":"https:\/\/gobierno.udd.cl\/cpp\/wp-json\/wp\/v2\/comments?post=3000"}],"version-history":[{"count":7,"href":"https:\/\/gobierno.udd.cl\/cpp\/wp-json\/wp\/v2\/posts\/3000\/revisions"}],"predecessor-version":[{"id":3010,"href":"https:\/\/gobierno.udd.cl\/cpp\/wp-json\/wp\/v2\/posts\/3000\/revisions\/3010"}],"wp:featuredmedia":[{"embeddable":true,"href":"https:\/\/gobierno.udd.cl\/cpp\/wp-json\/wp\/v2\/media\/2863"}],"wp:attachment":[{"href":"https:\/\/gobierno.udd.cl\/cpp\/wp-json\/wp\/v2\/media?parent=3000"}],"wp:term":[{"taxonomy":"category","embeddable":true,"href":"https:\/\/gobierno.udd.cl\/cpp\/wp-json\/wp\/v2\/categories?post=3000"},{"taxonomy":"post_tag","embeddable":true,"href":"https:\/\/gobierno.udd.cl\/cpp\/wp-json\/wp\/v2\/tags?post=3000"}],"curies":[{"name":"wp","href":"https:\/\/api.w.org\/{rel}","templated":true}]}}