{"id":2970,"date":"2017-07-05T21:18:43","date_gmt":"2017-07-06T01:18:43","guid":{"rendered":"http:\/\/gobierno.udd.cl\/cpp\/?p=2970"},"modified":"2017-07-05T21:18:43","modified_gmt":"2017-07-06T01:18:43","slug":"gonzalo-muller-peleando-con-su-propia-sombra-teletrece","status":"publish","type":"post","link":"https:\/\/gobierno.udd.cl\/cpp\/noticias\/2017\/07\/05\/gonzalo-muller-peleando-con-su-propia-sombra-teletrece\/","title":{"rendered":"Gonzalo M\u00fcller: Peleando con su propia sombra &#8211; Teletrece"},"content":{"rendered":"<div class=\"std-text grid-11 grid-tablet-15 no-overflow\">\n<p style=\"text-align: justify;\">Sebasti\u00e1n Pi\u00f1era lleva casi dos a\u00f1os liderando las preferencias de los chilenos para ser el pr\u00f3ximo Presidente. Entre medio, ha debido sortear innumerables riesgos y ataques, desde la elecci\u00f3n municipal a las denuncias en su contra por distintas situaciones, y la irrupci\u00f3n de m\u00faltiples candidatos dispuestos a enfrentarlo, sin que ninguno de estos hechos y eventos haya logrado mermar hasta ahora su apoyo o poner en duda su condici\u00f3n de favorito. \u00bfQu\u00e9 explica esta aparente impermeabilidad del candidato opositor a los ataques o cr\u00edticas?<\/p>\n<p style=\"text-align: justify;\">En medio de un acto en la ciudad de Linares, luego de haber hecho su discurso preparado para la ocasi\u00f3n, Sebasti\u00e1n Pi\u00f1era oficia improvisadamente de animador y no resiste en su di\u00e1logo con los asistentes contar un chiste de tono machista, el que fue grabado y difundido con posterioridad. Esto provoc\u00f3 un error no forzado en su campa\u00f1a y la posterior petici\u00f3n de disculpas p\u00fablicas por el mismo candidato a trav\u00e9s de Twitter, no sin acusar aprovechamiento pol\u00edtico de parte de la Presidenta Bachelet, del gobierno y de sus adversarios.<\/p>\n<p style=\"text-align: justify;\">Hasta voceras femeninas de la campa\u00f1a del l\u00edder de la oposici\u00f3n reaccionaron negativamente ante su mal chiste. Siendo una se\u00f1al m\u00e1s de la debilidad ante la cr\u00edtica de toda campa\u00f1a al verse expuesta ante lo que el sentido com\u00fan refleja como un error, solo la r\u00e1pida reacci\u00f3n del propio candidato al pedir disculpas y contraatacar ante el abuso pol\u00edtico del hecho les abri\u00f3 un espacio a sus partidarios para enfrentar la arremetida de la izquierda.<\/p>\n<p style=\"text-align: justify;\">En la candidatura del ex Presidente conviven estas dos situaciones: la aparente invulnerabilidad frente a los ataques pol\u00edticos, pero la fragilidad ante los errores no forzados como el de este mal chiste, que descoloc\u00f3 a su campa\u00f1a, la sac\u00f3 de la l\u00f3gica de propuestas y anuncios, e hizo temer un da\u00f1o electoral sobre el electorado femenino que tradicionalmente le ha sido favorable.<\/p>\n<p style=\"text-align: justify;\">Solo el aprovechamiento pol\u00edtico del Gobierno -y el extrapolar el chiste hasta el rid\u00edculo de vincularlo a un tema tan grave como la violaci\u00f3n de mujeres- provoc\u00f3 que este error no prosperara. Las entrevistas de la propia Presidenta Bachelet sobre este error de Pi\u00f1era, le dieron la oportunidad a este \u00faltimo de reencauzar todo hacia un enfrentamiento con el gobierno de la Nueva Mayor\u00eda y sus ministros, lo que es parte de la l\u00f3gica pol\u00edtica que ha favorecido al candidato opositor.<\/p>\n<p style=\"text-align: justify;\">Pero queda abierta la duda de si no es el propio Sebasti\u00e1n Pi\u00f1era el \u00fanico capaz de amagar su mejor opci\u00f3n de regresar a la Moneda. La l\u00f3gica con la que ha planificado su campa\u00f1a, su rol en los debates e incluso su franja electoral televisada hablan de un liderazgo consolidado y que no corre riesgos. Pero el riesgo aparece cada vez que esta planificaci\u00f3n queda superada por lo imprevisible, por un impulso o arranque de ese libreto. Esto siempre lo expone de manera innecesaria a la cr\u00edtica.<\/p>\n<p style=\"text-align: justify;\">Entendemos que la din\u00e1mica pol\u00edtica de estas elecciones tiene m\u00e1s que ver con la expresi\u00f3n de malestar y hacia d\u00f3nde este se dirige. Los electores parecen m\u00e1s activos en encontrar culpables y responsables de los problemas que los aquejan, que de poner atenci\u00f3n a las soluciones propuestas. Esta es la raz\u00f3n de porqu\u00e9 el evitar ser puesto en el centro del escenario -aunque sea de manera involuntaria, como esta vez- le hace da\u00f1o a quien se vea expuesto a esto.<\/p>\n<p style=\"text-align: justify;\">Faltan solo cinco meses para la elecci\u00f3n presidencial, una recta final que -primarias mediante- pareciera no tener mucho espacio para sorpresas. La Nueva Mayor\u00eda sigue dividida en dos candidaturas y amenazada desde la izquierda por el Frente Amplio. El Gobierno mejora su evaluaci\u00f3n ciudadana, pero de manera muy lenta. La preparaci\u00f3n y experiencia est\u00e1n siendo cada vez m\u00e1s valoradas por los electores, que buscan seguridad despu\u00e9s de a\u00f1os de incertidumbre. Todo parece apuntar hacia un camino despejado para Sebasti\u00e1n Pi\u00f1era en su rumbo a la Moneda, por lo que se deben minimizar los riesgos, incluidos aquellos que provienen del exceso de confianza o de una licencia del propio candidato. Ya lo saben los boxeadores m\u00e1s experimentados: pelear contra la propia sombra puede ser la m\u00e1s dif\u00edcil de las peleas.<\/p>\n<p style=\"text-align: justify;\">Ver nota publicada: <a href=\"http:\/\/www.t13.cl\/blog\/columnas5\/peleando-su-propia-sombra\" target=\"_blank\">http:\/\/www.t13.cl\/blog\/columnas5\/peleando-su-propia-sombra<\/a><\/p>\n<\/div>\n","protected":false},"excerpt":{"rendered":"<p>Sebasti\u00e1n Pi\u00f1era lleva casi dos a\u00f1os liderando las preferencias de los chilenos para ser el pr\u00f3ximo Presidente. Entre medio, ha debido sortear innumerables riesgos y ataques, desde la elecci\u00f3n municipal a las denuncias en su contra por distintas situaciones, y la irrupci\u00f3n de m\u00faltiples candidatos dispuestos a enfrentarlo, sin que ninguno de estos hechos y [&hellip;]<\/p>\n","protected":false},"author":22,"featured_media":893,"comment_status":"open","ping_status":"open","sticky":false,"template":"","format":"standard","meta":{"footnotes":""},"categories":[10162],"tags":[],"class_list":["post-2970","post","type-post","status-publish","format-standard","has-post-thumbnail","hentry","category-centro-en-la-prensa"],"featured_image_url":"https:\/\/gobierno.udd.cl\/cpp\/files\/2015\/05\/udd_cpp_prensa_340.png","_links":{"self":[{"href":"https:\/\/gobierno.udd.cl\/cpp\/wp-json\/wp\/v2\/posts\/2970","targetHints":{"allow":["GET"]}}],"collection":[{"href":"https:\/\/gobierno.udd.cl\/cpp\/wp-json\/wp\/v2\/posts"}],"about":[{"href":"https:\/\/gobierno.udd.cl\/cpp\/wp-json\/wp\/v2\/types\/post"}],"author":[{"embeddable":true,"href":"https:\/\/gobierno.udd.cl\/cpp\/wp-json\/wp\/v2\/users\/22"}],"replies":[{"embeddable":true,"href":"https:\/\/gobierno.udd.cl\/cpp\/wp-json\/wp\/v2\/comments?post=2970"}],"version-history":[{"count":1,"href":"https:\/\/gobierno.udd.cl\/cpp\/wp-json\/wp\/v2\/posts\/2970\/revisions"}],"predecessor-version":[{"id":2971,"href":"https:\/\/gobierno.udd.cl\/cpp\/wp-json\/wp\/v2\/posts\/2970\/revisions\/2971"}],"wp:featuredmedia":[{"embeddable":true,"href":"https:\/\/gobierno.udd.cl\/cpp\/wp-json\/wp\/v2\/media\/893"}],"wp:attachment":[{"href":"https:\/\/gobierno.udd.cl\/cpp\/wp-json\/wp\/v2\/media?parent=2970"}],"wp:term":[{"taxonomy":"category","embeddable":true,"href":"https:\/\/gobierno.udd.cl\/cpp\/wp-json\/wp\/v2\/categories?post=2970"},{"taxonomy":"post_tag","embeddable":true,"href":"https:\/\/gobierno.udd.cl\/cpp\/wp-json\/wp\/v2\/tags?post=2970"}],"curies":[{"name":"wp","href":"https:\/\/api.w.org\/{rel}","templated":true}]}}