{"id":2967,"date":"2017-07-05T21:16:48","date_gmt":"2017-07-06T01:16:48","guid":{"rendered":"http:\/\/gobierno.udd.cl\/cpp\/?p=2967"},"modified":"2017-07-05T21:16:59","modified_gmt":"2017-07-06T01:16:59","slug":"quince-establecimientos-escolares-subvencionados-pasaran-a-ser-particulares-pagados-teletrece","status":"publish","type":"post","link":"https:\/\/gobierno.udd.cl\/cpp\/noticias\/2017\/07\/05\/quince-establecimientos-escolares-subvencionados-pasaran-a-ser-particulares-pagados-teletrece\/","title":{"rendered":"Quince establecimientos escolares subvencionados pasar\u00e1n a ser particulares pagados &#8211; Teletrece"},"content":{"rendered":"<p style=\"text-align: justify;\">El ranking preparado\u00a0por la <span class=\"highlight\">Universidad<\/span> <span class=\"highlight\">del<\/span> <span class=\"highlight\">Desarrollo<\/span> estableci\u00f3 cu\u00e1les son los 100 mejores colegios particulares subvencionados a lo largo del territorio nacional\u00a0seg\u00fan el \u00faltimo Simce aplicado a segundos medios el a\u00f1o 2016. De acuerdo con El Mercurio, se consultaron a 97 centros educacionales sobre la decisi\u00f3n de convertirse en establecimientos sin fines de lucro (fundaciones) o particulares pagados.<\/p>\n<p style=\"text-align: justify;\">En relaci\u00f3n a lo anterior, 70 liceos contestaron y de ellos al menos quince recintos declararon que\u00a0se transformar\u00edan en particulares pagados, es decir un 21,4%. De esta manera, 54 colegios de la muestra pasar\u00edan a ser entidades sin fines de lucro o se mantendr\u00e1n en esa modalidad.<\/p>\n<p style=\"text-align: justify;\">Los establecimientos que no pasar\u00e1n a ser privados se\u00f1alaron que tienen matr\u00edculas de a lo menos 50 mil alumnos y que la\u00a0decisi\u00f3n que no busca afectar a los estudiantes.<\/p>\n<p style=\"text-align: justify;\">Asimismo, el an\u00e1lisis de la <span class=\"highlight\">UDD<\/span> concluy\u00f3 que el Colegio Cambridge volvi\u00f3 a posicionarse como el mejor puntaje a nivel nacional y, dentro de los recintos p\u00fablicos, el Liceo Augusto D&#8217;Halmar es el primero nuevamente.<\/p>\n<p style=\"text-align: justify;\">Ver nota publicada: <a href=\"http:\/\/www.t13.cl\/noticia\/nacional\/quince-establecimientos-escolares-subvencionados-seran-particulares-pagados\" target=\"_blank\">http:\/\/www.t13.cl\/noticia\/nacional\/quince-establecimientos-escolares-subvencionados-seran-particulares-pagados<\/a><\/p>\n","protected":false},"excerpt":{"rendered":"<p>El ranking preparado\u00a0por la Universidad del Desarrollo estableci\u00f3 cu\u00e1les son los 100 mejores colegios particulares subvencionados a lo largo del territorio nacional\u00a0seg\u00fan el \u00faltimo Simce aplicado a segundos medios el a\u00f1o 2016. De acuerdo con El Mercurio, se consultaron a 97 centros educacionales sobre la decisi\u00f3n de convertirse en establecimientos sin fines de lucro (fundaciones) [&hellip;]<\/p>\n","protected":false},"author":22,"featured_media":893,"comment_status":"open","ping_status":"open","sticky":false,"template":"","format":"standard","meta":{"footnotes":""},"categories":[10162],"tags":[],"class_list":["post-2967","post","type-post","status-publish","format-standard","has-post-thumbnail","hentry","category-centro-en-la-prensa"],"featured_image_url":"https:\/\/gobierno.udd.cl\/cpp\/files\/2015\/05\/udd_cpp_prensa_340.png","_links":{"self":[{"href":"https:\/\/gobierno.udd.cl\/cpp\/wp-json\/wp\/v2\/posts\/2967","targetHints":{"allow":["GET"]}}],"collection":[{"href":"https:\/\/gobierno.udd.cl\/cpp\/wp-json\/wp\/v2\/posts"}],"about":[{"href":"https:\/\/gobierno.udd.cl\/cpp\/wp-json\/wp\/v2\/types\/post"}],"author":[{"embeddable":true,"href":"https:\/\/gobierno.udd.cl\/cpp\/wp-json\/wp\/v2\/users\/22"}],"replies":[{"embeddable":true,"href":"https:\/\/gobierno.udd.cl\/cpp\/wp-json\/wp\/v2\/comments?post=2967"}],"version-history":[{"count":2,"href":"https:\/\/gobierno.udd.cl\/cpp\/wp-json\/wp\/v2\/posts\/2967\/revisions"}],"predecessor-version":[{"id":2969,"href":"https:\/\/gobierno.udd.cl\/cpp\/wp-json\/wp\/v2\/posts\/2967\/revisions\/2969"}],"wp:featuredmedia":[{"embeddable":true,"href":"https:\/\/gobierno.udd.cl\/cpp\/wp-json\/wp\/v2\/media\/893"}],"wp:attachment":[{"href":"https:\/\/gobierno.udd.cl\/cpp\/wp-json\/wp\/v2\/media?parent=2967"}],"wp:term":[{"taxonomy":"category","embeddable":true,"href":"https:\/\/gobierno.udd.cl\/cpp\/wp-json\/wp\/v2\/categories?post=2967"},{"taxonomy":"post_tag","embeddable":true,"href":"https:\/\/gobierno.udd.cl\/cpp\/wp-json\/wp\/v2\/tags?post=2967"}],"curies":[{"name":"wp","href":"https:\/\/api.w.org\/{rel}","templated":true}]}}