{"id":2964,"date":"2017-07-02T19:13:01","date_gmt":"2017-07-02T23:13:01","guid":{"rendered":"http:\/\/gobierno.udd.cl\/cpp\/?p=2964"},"modified":"2017-07-02T19:13:40","modified_gmt":"2017-07-02T23:13:40","slug":"francisca-dussaillant-brechas-de-generos-en-el-mundo-laboral-rockandpop","status":"publish","type":"post","link":"https:\/\/gobierno.udd.cl\/cpp\/noticias\/2017\/07\/02\/francisca-dussaillant-brechas-de-generos-en-el-mundo-laboral-rockandpop\/","title":{"rendered":"Francisca Dussaillant: Brechas de g\u00e9neros en el mundo laboral &#8211; RockandPop"},"content":{"rendered":"<p style=\"text-align: justify;\">La directora del centro de pol\u00edticas p\u00fablicas de la <span class=\"highlight\">Universidad<\/span> <span class=\"highlight\">del<\/span> <span class=\"highlight\">Desarrollo<\/span>, Francisca Dussaillant, se refiere a las brechas de g\u00e9neros y a la igualdad de condiciones en el trabajo para hombres y mujeres. Se\u00f1ala que no conoce ning\u00fan pa\u00eds donde la brecha se haya cerrado por completo. Agrega que las mujeres enfrentan el mundo laboral de formas distintas y que ha habido un decrecimiento sostenido de 1 a 2% en una d\u00e9cada.<\/p>\n<div>\n<p style=\"text-align: justify;\">-Dussaillant sostiene que desde la pol\u00edtica no se van a solucionar en un 100% los problemas, sin embargo se puede dar condiciones similares a los mercados laborales de las mujeres y de los hombres.<\/p>\n<div style=\"text-align: justify;\"><\/div>\n<div>\n<div><b>Habla:<\/b><br \/>\n-Francisca Dussaillant,directora del centro de pol\u00edticas p\u00fablicas de la <span class=\"highlight\">Universidad<\/span> <span class=\"highlight\">del<\/span> <span class=\"highlight\">Desarrollo<\/span>.<\/p>\n<div style=\"text-align: justify;\"><b>Menci\u00f3n:<\/b><\/div>\n<div style=\"text-align: justify;\"><span class=\"highlight\">-Universidad<\/span> <span class=\"highlight\">del<\/span> <span class=\"highlight\">Desarrollo<\/span>, pensiones, adultos mayores.<\/div>\n<p style=\"text-align: justify;\">\n<h5 style=\"text-align: justify;\">Bloque 1:<\/h5>\n<audio class=\"wp-audio-shortcode\" id=\"audio-2964-1\" preload=\"none\" style=\"width: 100%;\" controls=\"controls\"><source type=\"audio\/mpeg\" src=\"http:\/\/conectamedia.s3.amazonaws.com\/a83f09090b206ec7ed677f8058c83c5e.mp3?_=1\" \/><a href=\"http:\/\/conectamedia.s3.amazonaws.com\/a83f09090b206ec7ed677f8058c83c5e.mp3\">http:\/\/conectamedia.s3.amazonaws.com\/a83f09090b206ec7ed677f8058c83c5e.mp3<\/a><\/audio>\n<p style=\"text-align: justify;\">\n<h5 style=\"text-align: justify;\">Bloque 2:<\/h5>\n<audio class=\"wp-audio-shortcode\" id=\"audio-2964-2\" preload=\"none\" style=\"width: 100%;\" controls=\"controls\"><source type=\"audio\/mpeg\" src=\"http:\/\/conectamedia.s3.amazonaws.com\/7b59fadb08ee660dbcffce80a1f446d6.mp3?_=2\" \/><a href=\"http:\/\/conectamedia.s3.amazonaws.com\/7b59fadb08ee660dbcffce80a1f446d6.mp3\">http:\/\/conectamedia.s3.amazonaws.com\/7b59fadb08ee660dbcffce80a1f446d6.mp3<\/a><\/audio>\n<div style=\"text-align: justify;\"><\/div>\n<\/div>\n<\/div>\n<\/div>\n","protected":false},"excerpt":{"rendered":"<p>La directora del centro de pol\u00edticas p\u00fablicas de la Universidad del Desarrollo, Francisca Dussaillant, se refiere a las brechas de g\u00e9neros y a la igualdad de condiciones en el trabajo para hombres y mujeres. Se\u00f1ala que no conoce ning\u00fan pa\u00eds donde la brecha se haya cerrado por completo. Agrega que las mujeres enfrentan el mundo [&hellip;]<\/p>\n","protected":false},"author":22,"featured_media":893,"comment_status":"open","ping_status":"open","sticky":false,"template":"","format":"standard","meta":{"footnotes":""},"categories":[10162],"tags":[],"class_list":["post-2964","post","type-post","status-publish","format-standard","has-post-thumbnail","hentry","category-centro-en-la-prensa"],"featured_image_url":"https:\/\/gobierno.udd.cl\/cpp\/files\/2015\/05\/udd_cpp_prensa_340.png","_links":{"self":[{"href":"https:\/\/gobierno.udd.cl\/cpp\/wp-json\/wp\/v2\/posts\/2964","targetHints":{"allow":["GET"]}}],"collection":[{"href":"https:\/\/gobierno.udd.cl\/cpp\/wp-json\/wp\/v2\/posts"}],"about":[{"href":"https:\/\/gobierno.udd.cl\/cpp\/wp-json\/wp\/v2\/types\/post"}],"author":[{"embeddable":true,"href":"https:\/\/gobierno.udd.cl\/cpp\/wp-json\/wp\/v2\/users\/22"}],"replies":[{"embeddable":true,"href":"https:\/\/gobierno.udd.cl\/cpp\/wp-json\/wp\/v2\/comments?post=2964"}],"version-history":[{"count":2,"href":"https:\/\/gobierno.udd.cl\/cpp\/wp-json\/wp\/v2\/posts\/2964\/revisions"}],"predecessor-version":[{"id":2966,"href":"https:\/\/gobierno.udd.cl\/cpp\/wp-json\/wp\/v2\/posts\/2964\/revisions\/2966"}],"wp:featuredmedia":[{"embeddable":true,"href":"https:\/\/gobierno.udd.cl\/cpp\/wp-json\/wp\/v2\/media\/893"}],"wp:attachment":[{"href":"https:\/\/gobierno.udd.cl\/cpp\/wp-json\/wp\/v2\/media?parent=2964"}],"wp:term":[{"taxonomy":"category","embeddable":true,"href":"https:\/\/gobierno.udd.cl\/cpp\/wp-json\/wp\/v2\/categories?post=2964"},{"taxonomy":"post_tag","embeddable":true,"href":"https:\/\/gobierno.udd.cl\/cpp\/wp-json\/wp\/v2\/tags?post=2964"}],"curies":[{"name":"wp","href":"https:\/\/api.w.org\/{rel}","templated":true}]}}