{"id":2950,"date":"2017-06-23T23:23:59","date_gmt":"2017-06-24T03:23:59","guid":{"rendered":"http:\/\/gobierno.udd.cl\/cpp\/?p=2950"},"modified":"2017-06-23T23:24:10","modified_gmt":"2017-06-24T03:24:10","slug":"fuerte-ventaja-de-pinera-en-voto-masculino-y-empate-tecnico-con-guillier-entre-las-mujeres-el-mercurio","status":"publish","type":"post","link":"https:\/\/gobierno.udd.cl\/cpp\/noticias\/2017\/06\/23\/fuerte-ventaja-de-pinera-en-voto-masculino-y-empate-tecnico-con-guillier-entre-las-mujeres-el-mercurio\/","title":{"rendered":"Fuerte ventaja de Pi\u00f1era en voto masculino y empate t\u00e9cnico con Guillier entre las mujeres &#8211; El Mercurio"},"content":{"rendered":"<p style=\"text-align: justify;\">Una importante diferencia de g\u00e9nero en el apoyo hacia el ex Presidente Sebasti\u00e1n Pi\u00f1era detect\u00f3 la encuesta Panel Ciudadano-<span class=\"highlight\">UDD<\/span> efectuada esta semana.<\/p>\n<p style=\"text-align: justify;\">El sondeo proyect\u00f3 dos eventuales escenarios de segunda vuelta, con el ex Mandatario enfrent\u00e1ndose al senador (y carta del PS, PPD, PR y PC) Alejandro Guillier, y a la precandidata de Revoluci\u00f3n Democr\u00e1tica, Beatriz S\u00e1nchez.En ambos escenarios, el ex Presidente se impone a sus rivales, si bien la distancia que le saca a la periodista del Frente Amplio es mayor que la que marca respecto de Guillier.<\/p>\n<p style=\"text-align: justify;\">Pero el ejercicio tambi\u00e9n muestra una brecha de g\u00e9nero en los apoyos hacia Pi\u00f1era, quien se impone claramente entre los eventuales votantes masculinos y en cambio registra un empate t\u00e9cnico entre las mujeres.El cruce de datos del estudio tambi\u00e9n muestra como se distruibuir\u00edan en el escenario de balotaje los votos de quienes no pasen a segunda vuelta.El sondeo se efectu\u00f3 v\u00eda mensaje de texto entre las 18:30 horas del martes y las 17:30 horas del jueves pasado, a un panel de 1.200 personas de la Regi\u00f3n Mertropolitana seleccionadas aleatoriamente, las que semanalmente son encuestadas respecto de distintos temas.<\/p>\n<p style=\"text-align: justify;\">Se obtuvieron 867 respuestas y el margen de error es de +\/-3,4%<\/p>\n<p style=\"text-align: justify;\"><a href=\"https:\/\/goo.gl\/Me8Nu3\" target=\"_blank\"><img loading=\"lazy\" decoding=\"async\" class=\"aligncenter size-medium wp-image-2951\" src=\"http:\/\/gobierno.udd.cl\/cpp\/files\/2017\/06\/2017-06-18_mercurio-160x300.png\" alt=\"2017-06-18_mercurio\" width=\"160\" height=\"300\" srcset=\"https:\/\/gobierno.udd.cl\/cpp\/files\/2017\/06\/2017-06-18_mercurio-160x300.png 160w, https:\/\/gobierno.udd.cl\/cpp\/files\/2017\/06\/2017-06-18_mercurio-768x1443.png 768w, https:\/\/gobierno.udd.cl\/cpp\/files\/2017\/06\/2017-06-18_mercurio-545x1024.png 545w, https:\/\/gobierno.udd.cl\/cpp\/files\/2017\/06\/2017-06-18_mercurio-511x960.png 511w, https:\/\/gobierno.udd.cl\/cpp\/files\/2017\/06\/2017-06-18_mercurio.png 1192w\" sizes=\"auto, (max-width: 160px) 100vw, 160px\" \/><\/a><\/p>\n","protected":false},"excerpt":{"rendered":"<p>Una importante diferencia de g\u00e9nero en el apoyo hacia el ex Presidente Sebasti\u00e1n Pi\u00f1era detect\u00f3 la encuesta Panel Ciudadano-UDD efectuada esta semana. El sondeo proyect\u00f3 dos eventuales escenarios de segunda vuelta, con el ex Mandatario enfrent\u00e1ndose al senador (y carta del PS, PPD, PR y PC) Alejandro Guillier, y a la precandidata de Revoluci\u00f3n Democr\u00e1tica, [&hellip;]<\/p>\n","protected":false},"author":22,"featured_media":893,"comment_status":"open","ping_status":"open","sticky":false,"template":"","format":"standard","meta":{"footnotes":""},"categories":[12124],"tags":[],"class_list":["post-2950","post","type-post","status-publish","format-standard","has-post-thumbnail","hentry","category-panel-ciudadano"],"featured_image_url":"https:\/\/gobierno.udd.cl\/cpp\/files\/2015\/05\/udd_cpp_prensa_340.png","_links":{"self":[{"href":"https:\/\/gobierno.udd.cl\/cpp\/wp-json\/wp\/v2\/posts\/2950","targetHints":{"allow":["GET"]}}],"collection":[{"href":"https:\/\/gobierno.udd.cl\/cpp\/wp-json\/wp\/v2\/posts"}],"about":[{"href":"https:\/\/gobierno.udd.cl\/cpp\/wp-json\/wp\/v2\/types\/post"}],"author":[{"embeddable":true,"href":"https:\/\/gobierno.udd.cl\/cpp\/wp-json\/wp\/v2\/users\/22"}],"replies":[{"embeddable":true,"href":"https:\/\/gobierno.udd.cl\/cpp\/wp-json\/wp\/v2\/comments?post=2950"}],"version-history":[{"count":2,"href":"https:\/\/gobierno.udd.cl\/cpp\/wp-json\/wp\/v2\/posts\/2950\/revisions"}],"predecessor-version":[{"id":2953,"href":"https:\/\/gobierno.udd.cl\/cpp\/wp-json\/wp\/v2\/posts\/2950\/revisions\/2953"}],"wp:featuredmedia":[{"embeddable":true,"href":"https:\/\/gobierno.udd.cl\/cpp\/wp-json\/wp\/v2\/media\/893"}],"wp:attachment":[{"href":"https:\/\/gobierno.udd.cl\/cpp\/wp-json\/wp\/v2\/media?parent=2950"}],"wp:term":[{"taxonomy":"category","embeddable":true,"href":"https:\/\/gobierno.udd.cl\/cpp\/wp-json\/wp\/v2\/categories?post=2950"},{"taxonomy":"post_tag","embeddable":true,"href":"https:\/\/gobierno.udd.cl\/cpp\/wp-json\/wp\/v2\/tags?post=2950"}],"curies":[{"name":"wp","href":"https:\/\/api.w.org\/{rel}","templated":true}]}}