{"id":2943,"date":"2017-06-17T23:34:45","date_gmt":"2017-06-18T03:34:45","guid":{"rendered":"http:\/\/gobierno.udd.cl\/cpp\/?p=2943"},"modified":"2017-06-17T23:34:45","modified_gmt":"2017-06-18T03:34:45","slug":"carta-rodrigo-arellano-los-partidos-si-importan-la-tercera","status":"publish","type":"post","link":"https:\/\/gobierno.udd.cl\/cpp\/noticias\/2017\/06\/17\/carta-rodrigo-arellano-los-partidos-si-importan-la-tercera\/","title":{"rendered":"Carta &#8211; Rodrigo Arellano &#8211; Los partidos s\u00ed importan &#8211; La Tercera"},"content":{"rendered":"<p style=\"text-align: justify;\">Se\u00f1or director:<\/p>\n<p style=\"text-align: justify;\">Una de las lecciones que nos ha dejado la \u00faltima encuesta CEP es que los partidos s\u00ed importan.\u00a0Especialmente en la elecci\u00f3n presidencial. Un ejemplo de esto lo fueron Marco Enr\u00edquez-Ominami en su primera incursi\u00f3n en el a\u00f1o 2009 y Franco Parisi de alguna manera el 2013. Ambos intentos lograron cautivar a un electorado importante pero no fueron suficientes para alcanzar el objetivo final que era llegar a La Moneda. Ni siquiera pudieron llegar al balotaje para definir en la definici\u00f3n \u201c a penales\u201d.<\/p>\n<p>Es por eso que la Ciencia Pol\u00edtica destaca el rol de los partidos pol\u00edticos, y c\u00f3mo son parte fundamental en el momento de definir el voto en una elecci\u00f3n, y que pese al cuestionamiento que puedan llegar a poseer, en un sistema con voto voluntario entregan esa fuerza para poder movilizar y llevar personas a las urnas.<\/p>\n<p>Parece equivocada la estrategia utilizada por Guillier para enfrentar las elecciones de noviembre, dejando en un segundo plano a los partidos pol\u00edticos de la Nueva Mayor\u00eda.\u00a0Su estancamiento en la \u00faltima encuesta CEP confirma esto. El es parte \u201cde lo pol\u00edtico\u201d y la ciudadan\u00eda lo percibe de esa manera.\u00a0 El mensaje equivocado despreciando a los partidos de a poco va causando da\u00f1o a su campa\u00f1a, que pese a tener el apoyo de las c\u00fapulas de la gran mayor\u00eda de los partidos de la Nueva Mayor\u00eda, no ha logrado despegar.<\/p>\n<p>Los partidos importan porque entregan un piso m\u00ednimo, y porque en tiempos de enorme desafecci\u00f3n por lo pol\u00edtico, son capaces de movilizar en torno a un objetivo.<\/p>\n<p><strong>Rodrigo Arellano <\/strong><\/p>\n<p><strong>Profesor Investigador Facultad de gobierno <span class=\"highlight\">UDD<\/span> <\/strong><\/p>\n<p><strong>La entrada Los partidos s\u00ed importan aparece primero en La Tercera.<\/strong><\/p>\n<p><a href=\"https:\/\/goo.gl\/BsjJfh\" target=\"_blank\" rel=\"attachment wp-att-2944\"><img loading=\"lazy\" decoding=\"async\" class=\"size-medium wp-image-2944 aligncenter\" src=\"http:\/\/gobierno.udd.cl\/cpp\/files\/2017\/06\/f054f3055a1a4d21b96c207b690f1aeb-175x300.jpg\" alt=\"f054f3055a1a4d21b96c207b690f1aeb\" width=\"175\" height=\"300\" srcset=\"https:\/\/gobierno.udd.cl\/cpp\/files\/2017\/06\/f054f3055a1a4d21b96c207b690f1aeb-175x300.jpg 175w, https:\/\/gobierno.udd.cl\/cpp\/files\/2017\/06\/f054f3055a1a4d21b96c207b690f1aeb-768x1314.jpg 768w, https:\/\/gobierno.udd.cl\/cpp\/files\/2017\/06\/f054f3055a1a4d21b96c207b690f1aeb-598x1024.jpg 598w, https:\/\/gobierno.udd.cl\/cpp\/files\/2017\/06\/f054f3055a1a4d21b96c207b690f1aeb-561x960.jpg 561w, https:\/\/gobierno.udd.cl\/cpp\/files\/2017\/06\/f054f3055a1a4d21b96c207b690f1aeb.jpg 1400w\" sizes=\"auto, (max-width: 175px) 100vw, 175px\" \/><\/a><\/p>\n","protected":false},"excerpt":{"rendered":"<p>Se\u00f1or director: Una de las lecciones que nos ha dejado la \u00faltima encuesta CEP es que los partidos s\u00ed importan.\u00a0Especialmente en la elecci\u00f3n presidencial. Un ejemplo de esto lo fueron Marco Enr\u00edquez-Ominami en su primera incursi\u00f3n en el a\u00f1o 2009 y Franco Parisi de alguna manera el 2013. Ambos intentos lograron cautivar a un electorado [&hellip;]<\/p>\n","protected":false},"author":22,"featured_media":893,"comment_status":"open","ping_status":"open","sticky":false,"template":"","format":"standard","meta":{"footnotes":""},"categories":[10162],"tags":[],"class_list":["post-2943","post","type-post","status-publish","format-standard","has-post-thumbnail","hentry","category-centro-en-la-prensa"],"featured_image_url":"https:\/\/gobierno.udd.cl\/cpp\/files\/2015\/05\/udd_cpp_prensa_340.png","_links":{"self":[{"href":"https:\/\/gobierno.udd.cl\/cpp\/wp-json\/wp\/v2\/posts\/2943","targetHints":{"allow":["GET"]}}],"collection":[{"href":"https:\/\/gobierno.udd.cl\/cpp\/wp-json\/wp\/v2\/posts"}],"about":[{"href":"https:\/\/gobierno.udd.cl\/cpp\/wp-json\/wp\/v2\/types\/post"}],"author":[{"embeddable":true,"href":"https:\/\/gobierno.udd.cl\/cpp\/wp-json\/wp\/v2\/users\/22"}],"replies":[{"embeddable":true,"href":"https:\/\/gobierno.udd.cl\/cpp\/wp-json\/wp\/v2\/comments?post=2943"}],"version-history":[{"count":1,"href":"https:\/\/gobierno.udd.cl\/cpp\/wp-json\/wp\/v2\/posts\/2943\/revisions"}],"predecessor-version":[{"id":2945,"href":"https:\/\/gobierno.udd.cl\/cpp\/wp-json\/wp\/v2\/posts\/2943\/revisions\/2945"}],"wp:featuredmedia":[{"embeddable":true,"href":"https:\/\/gobierno.udd.cl\/cpp\/wp-json\/wp\/v2\/media\/893"}],"wp:attachment":[{"href":"https:\/\/gobierno.udd.cl\/cpp\/wp-json\/wp\/v2\/media?parent=2943"}],"wp:term":[{"taxonomy":"category","embeddable":true,"href":"https:\/\/gobierno.udd.cl\/cpp\/wp-json\/wp\/v2\/categories?post=2943"},{"taxonomy":"post_tag","embeddable":true,"href":"https:\/\/gobierno.udd.cl\/cpp\/wp-json\/wp\/v2\/tags?post=2943"}],"curies":[{"name":"wp","href":"https:\/\/api.w.org\/{rel}","templated":true}]}}