{"id":2939,"date":"2017-06-17T23:30:41","date_gmt":"2017-06-18T03:30:41","guid":{"rendered":"http:\/\/gobierno.udd.cl\/cpp\/?p=2939"},"modified":"2017-06-17T23:30:41","modified_gmt":"2017-06-18T03:30:41","slug":"carolina-goic-si-de-mi-dependiera-le-habria-pedido-la-renuncia-al-general-villalobos-la-segunda","status":"publish","type":"post","link":"https:\/\/gobierno.udd.cl\/cpp\/noticias\/2017\/06\/17\/carolina-goic-si-de-mi-dependiera-le-habria-pedido-la-renuncia-al-general-villalobos-la-segunda\/","title":{"rendered":"Carolina Goic: \u201cSi de mi dependiera, le habr\u00eda pedido la renuncia al general Villalobos\u201d &#8211; La Segunda"},"content":{"rendered":"<p style=\"text-align: justify;\">\u00abSi de mi dependiera, si yo tuviera las atribuciones, ya la habr\u00eda pedido la renuncia al general Villalobos\u00bb.As\u00ed lo se\u00f1al\u00f3 este mediod\u00eda la pre candidata presidencial de la DC en un punto de prensa realizado en Valpara\u00edso donde abord\u00f3 temas de seguridad ciudadana.Tras ser consultada por la postura de la pre candidata presidencial Beatriz S\u00e1nchez, partidaria de pedir la dimisi\u00f3n de Bruno Villalobos del mando de Carabineros, Goic dijo: \u00abEsto no tiene que ver con un tema personal, si no que con la responsabilidad del mando.<\/p>\n<p>Carabineros es una instituci\u00f3n querida, respetada por los chilenos, y que hoy ha visto manchado su uniforme por un esc\u00e1ndalo de corrupci\u00f3n inaceptable\u00bb, sostuvo.El fraude \u2014que investiga el fiscal Eugenio Campos y ya va 21 mil millones de pesos\u2014 ha impactado fuerte en la credibilidad de la instituci\u00f3n, algo que se vio reflejado en ca\u00edda de 17 puntos respecto de su \u00faltima medici\u00f3n seg\u00fan la encuesta CEP de la semana pasada.<\/p>\n<p>Hasta ahora, el caso que parti\u00f3 en el escalaf\u00f3n de Intendencia (labores administrativas y contables de la instituci\u00f3n policial) ya suma m\u00e1s de 50 personas formalizadas, desde oficiales hasta civiles.<\/p>\n<p>Entre ellas, figuran el general (r) Flavio Echeverria.La investigaci\u00f3n adem\u00e1s ha abierto nuevas aristas, como la de el supuesto mal uso de recursos destinados a gastos reservados para el pago de sobresueldos, un hecho que han denunciado algunos de los imputados en la causa que hoy investiga de manera separada la fiscal Macarena Ca\u00f1as, de la fiscal\u00eda Metropolitana Centro Norte.<\/p>\n<p>En paralelo, la C\u00e1mara de diputados abri\u00f3 una comisi\u00f3n investigadora, a la cual han sido citados no solo el actual general director de la instituci\u00f3n, si no tambi\u00e9n sus antecesores.<\/p>\n<p>En tanto un sondeo de Panel Ciudadano \u2014de la Facultad de Gobierno de la <span class=\"highlight\">Universidad<\/span> <span class=\"highlight\">del<\/span> <span class=\"highlight\">Desarrollo<\/span> y ChileTendencia, en la que participaron 1.200 personas\u2014 arroja que el 53% de los capitalinos no cree que el general Villalobos pueda solucionar la crisis que enfrenta la instituci\u00f3n.<\/p>\n<p>Y tres de cada cuatro consultados (75 %) considera que deben realizarse de inmediato cambios en el alto mando de Carabineros.<\/p>\n<p>Eugenio Guzm\u00e1n, decano de Gobierno de la <span class=\"highlight\">UDD<\/span>, indica que junto con refrendar la ca\u00edda en la credibilidad de Carabineros, los resultados muestran que \u00abse cree que son las altas autoridades institucionales las que deben responder\u00bb.Daniel Johnson, de \u00abPaz Ciudadana\u00bb\u00bbNuestra polic\u00eda es un enfermo cr\u00f3nico y no puede automedicarse\u00bbLa fundaci\u00f3n Paz Ciudadana est\u00e1 trabajando desde hace seis a\u00f1os en la generaci\u00f3n de propuestas que ayuden a la necesaria modernizaci\u00f3n de Carabineros.Su director Daniel Johnson plantea que \u00abcomo Fundaci\u00f3n desde el a\u00f1o 2012 hemos venido constatando una baja sostenida de la confianza de la ciudadan\u00eda con la funci\u00f3n de Carabineros y de su capacidad de llevar adelante una necesaria modernizaci\u00f3n administrativa y operativa.<\/p>\n<p style=\"text-align: justify;\"><a href=\"https:\/\/goo.gl\/wUhWUX\" target=\"_blank\" rel=\"attachment wp-att-2940\"><img loading=\"lazy\" decoding=\"async\" class=\"size-medium wp-image-2940 aligncenter\" src=\"http:\/\/gobierno.udd.cl\/cpp\/files\/2017\/06\/86b48eeb71c4860e5c0283c849e60bb2_manual-231x300.jpg\" alt=\"86b48eeb71c4860e5c0283c849e60bb2_manual\" width=\"231\" height=\"300\" srcset=\"https:\/\/gobierno.udd.cl\/cpp\/files\/2017\/06\/86b48eeb71c4860e5c0283c849e60bb2_manual-231x300.jpg 231w, https:\/\/gobierno.udd.cl\/cpp\/files\/2017\/06\/86b48eeb71c4860e5c0283c849e60bb2_manual-768x995.jpg 768w, https:\/\/gobierno.udd.cl\/cpp\/files\/2017\/06\/86b48eeb71c4860e5c0283c849e60bb2_manual-790x1024.jpg 790w, https:\/\/gobierno.udd.cl\/cpp\/files\/2017\/06\/86b48eeb71c4860e5c0283c849e60bb2_manual-741x960.jpg 741w, https:\/\/gobierno.udd.cl\/cpp\/files\/2017\/06\/86b48eeb71c4860e5c0283c849e60bb2_manual.jpg 1280w\" sizes=\"auto, (max-width: 231px) 100vw, 231px\" \/><\/a><\/p>\n","protected":false},"excerpt":{"rendered":"<p>Esto no tiene que ver con un tema personal, si no que con la responsabilidad del mando\u00bb Carolina Goic Pre candidata presidencial Se cree que son las altas autoridades institucionales las que deben responder\u00bb. Eugenio Guzm\u00e1n Decano de Gobierno UDD.<\/p>\n","protected":false},"author":22,"featured_media":893,"comment_status":"open","ping_status":"open","sticky":false,"template":"","format":"standard","meta":{"footnotes":""},"categories":[12124],"tags":[],"class_list":["post-2939","post","type-post","status-publish","format-standard","has-post-thumbnail","hentry","category-panel-ciudadano"],"featured_image_url":"https:\/\/gobierno.udd.cl\/cpp\/files\/2015\/05\/udd_cpp_prensa_340.png","_links":{"self":[{"href":"https:\/\/gobierno.udd.cl\/cpp\/wp-json\/wp\/v2\/posts\/2939","targetHints":{"allow":["GET"]}}],"collection":[{"href":"https:\/\/gobierno.udd.cl\/cpp\/wp-json\/wp\/v2\/posts"}],"about":[{"href":"https:\/\/gobierno.udd.cl\/cpp\/wp-json\/wp\/v2\/types\/post"}],"author":[{"embeddable":true,"href":"https:\/\/gobierno.udd.cl\/cpp\/wp-json\/wp\/v2\/users\/22"}],"replies":[{"embeddable":true,"href":"https:\/\/gobierno.udd.cl\/cpp\/wp-json\/wp\/v2\/comments?post=2939"}],"version-history":[{"count":2,"href":"https:\/\/gobierno.udd.cl\/cpp\/wp-json\/wp\/v2\/posts\/2939\/revisions"}],"predecessor-version":[{"id":2942,"href":"https:\/\/gobierno.udd.cl\/cpp\/wp-json\/wp\/v2\/posts\/2939\/revisions\/2942"}],"wp:featuredmedia":[{"embeddable":true,"href":"https:\/\/gobierno.udd.cl\/cpp\/wp-json\/wp\/v2\/media\/893"}],"wp:attachment":[{"href":"https:\/\/gobierno.udd.cl\/cpp\/wp-json\/wp\/v2\/media?parent=2939"}],"wp:term":[{"taxonomy":"category","embeddable":true,"href":"https:\/\/gobierno.udd.cl\/cpp\/wp-json\/wp\/v2\/categories?post=2939"},{"taxonomy":"post_tag","embeddable":true,"href":"https:\/\/gobierno.udd.cl\/cpp\/wp-json\/wp\/v2\/tags?post=2939"}],"curies":[{"name":"wp","href":"https:\/\/api.w.org\/{rel}","templated":true}]}}