{"id":2934,"date":"2017-06-17T23:23:01","date_gmt":"2017-06-18T03:23:01","guid":{"rendered":"http:\/\/gobierno.udd.cl\/cpp\/?p=2934"},"modified":"2017-06-17T23:27:08","modified_gmt":"2017-06-18T03:27:08","slug":"tres-de-cada-cuatro-santiaguinos-urgen-cambios-en-alto-mando-de-carabineros-la-segunda","status":"publish","type":"post","link":"https:\/\/gobierno.udd.cl\/cpp\/noticias\/2017\/06\/17\/tres-de-cada-cuatro-santiaguinos-urgen-cambios-en-alto-mando-de-carabineros-la-segunda\/","title":{"rendered":"Tres de cada cuatro santiaguinos urgen cambios en alto mando de Carabineros &#8211; La Segunda"},"content":{"rendered":"<p style=\"text-align: justify;\">Un 53% de los capitalinos no cree que el general director Bruno Villalobos pueda solucionar la crisis que enfrenta la instituci\u00f3n producto del millonario fraude que, a la fecha, alcanza los $21 mil millones.\u00a0Y tres de cada cuatro consultados (75 %) considera que deben realizarse de inmediato cambios en el alto mando de Carabineros.<\/p>\n<p style=\"text-align: justify;\">As\u00ed lo concluye una encuesta de Panel Ciudadano, de la Facultad de Gobierno de la <span class=\"highlight\">Universidad<\/span> <span class=\"highlight\">del\u00a0<\/span><span class=\"highlight\">Desarrollo<\/span> y ChileTendencia, en la que participaron 1.200 personas.Eugenio Guzm\u00e1n, decano de Gobierno de la <span class=\"highlight\">UDD<\/span>, indica que junto con refrendar la ca\u00edda en la credibilidad de Carabineros, los resultados muestran que \u00abse cree que son las altas autoridades institucionales las que deben responder\u00bb.Hoy, luego del fraude que investiga el fiscal Eugenio Campos, la instituci\u00f3n adem\u00e1s se ha visto afectada en una ca\u00edda en su credibilidad de 17 puntos respecto de su \u00faltima medici\u00f3n, seg\u00fan constat\u00f3 la \u00faltima encuesta del Centro de Estudios P\u00fablicos (CEP) entregada la semana pasada.Daniel Johnson, de \u00abPaz Ciudadana\u00bb\u00bbNuestra polic\u00eda es un enfermo cr\u00f3nico y no puede automedicarse\u00bbLa fundaci\u00f3n Paz Ciudadana est\u00e1 trabajando desde hace seis a\u00f1os en la generaci\u00f3n de propuestas que ayuden a la necesaria modernizaci\u00f3n de Carabineros.Su director Daniel Johnson plantea que \u00abcomo Fundaci\u00f3n desde el a\u00f1o 2012 hemos venido constatando una baja sostenida de la confianza de la ciudadan\u00eda con la funci\u00f3n de Carabineros y de su capacidad de llevar adelante una necesaria modernizaci\u00f3n administrativa y operativa.<\/p>\n<p style=\"text-align: justify;\"><strong>Nuestra polic\u00eda es un enfermo cr\u00f3nico y no puede automedicarse.<\/strong><\/p>\n<p style=\"text-align: justify;\">Es fundamental que act\u00fae con transparencia, tanto en el diagn\u00f3stico de sus problemas como en la construcci\u00f3n de las soluciones, ya que hoy no hay espacio para reacciones efectistas\u00bb.\u2014 \u00bfC\u00f3mo se explica la ca\u00edda de la confianza ciudadana?\u2014Se trata de una crisis de confianza profunda, pues la fe p\u00fablica se ha visto afectada.<\/p>\n<p style=\"text-align: justify;\">Las personas no est\u00e1n denunciando los delitos porque eval\u00faan mal el sistema en general y el desempe\u00f1o de Carabineros en particular.<\/p>\n<p style=\"text-align: justify;\">Nuestras mediciones se\u00f1alan que cada a\u00f1o uno de cada 10 personas declara haber sido v\u00edctima de un carabinero que hizo mal uso de su funci\u00f3n.<\/p>\n<p style=\"text-align: justify;\">Sin duda que la actual crisis inquieta, pero tambi\u00e9n es la oportunidad de emprender los cambios que den al sistema la transparencia que requiere.\u2014 \u00bfConsidera que despu\u00e9s de todo esto el general Villalobos est\u00e1 obligado a dar un paso al costado?\u2014Un general o su alto mando por s\u00ed solos no pueden resolver el problema, y ning\u00fan servicio p\u00fablico puede recuperar la confianza de espaldas a la ciudadan\u00eda.<\/p>\n<p style=\"text-align: justify;\">Las polic\u00edas que han enfrentado situaciones similares han salido adelante con programas de control interno y externo que transparentan los resultados de su labor, ejemplos a seguir hay en Inglaterra, Estados Unidos y Australia.<\/p>\n<p style=\"text-align: justify;\"><a href=\"https:\/\/goo.gl\/mXFp9Q\" target=\"_blank\" rel=\"attachment wp-att-2937\"><img loading=\"lazy\" decoding=\"async\" class=\"size-medium wp-image-2937 aligncenter\" src=\"http:\/\/gobierno.udd.cl\/cpp\/files\/2017\/06\/2017-06-07_impresa.lasegunda.com_HV3631SP-231x300.jpg\" alt=\"2017-06-07_impresa.lasegunda.com_HV3631SP\" width=\"231\" height=\"300\" srcset=\"https:\/\/gobierno.udd.cl\/cpp\/files\/2017\/06\/2017-06-07_impresa.lasegunda.com_HV3631SP-231x300.jpg 231w, https:\/\/gobierno.udd.cl\/cpp\/files\/2017\/06\/2017-06-07_impresa.lasegunda.com_HV3631SP-768x995.jpg 768w, https:\/\/gobierno.udd.cl\/cpp\/files\/2017\/06\/2017-06-07_impresa.lasegunda.com_HV3631SP-790x1024.jpg 790w, https:\/\/gobierno.udd.cl\/cpp\/files\/2017\/06\/2017-06-07_impresa.lasegunda.com_HV3631SP-741x960.jpg 741w, https:\/\/gobierno.udd.cl\/cpp\/files\/2017\/06\/2017-06-07_impresa.lasegunda.com_HV3631SP.jpg 1280w\" sizes=\"auto, (max-width: 231px) 100vw, 231px\" \/><\/a><\/p>\n","protected":false},"excerpt":{"rendered":"<p>Un 53% de los capitalinos no cree que el general director Bruno Villalobos pueda solucionar la crisis que enfrenta la instituci\u00f3n producto del millonario fraude que, a la fecha, alcanza los $21 mil millones.\u00a0Y tres de cada cuatro consultados (75 %) considera que deben realizarse de inmediato cambios en el alto mando de Carabineros. As\u00ed [&hellip;]<\/p>\n","protected":false},"author":22,"featured_media":893,"comment_status":"open","ping_status":"open","sticky":false,"template":"","format":"standard","meta":{"footnotes":""},"categories":[12124],"tags":[],"class_list":["post-2934","post","type-post","status-publish","format-standard","has-post-thumbnail","hentry","category-panel-ciudadano"],"featured_image_url":"https:\/\/gobierno.udd.cl\/cpp\/files\/2015\/05\/udd_cpp_prensa_340.png","_links":{"self":[{"href":"https:\/\/gobierno.udd.cl\/cpp\/wp-json\/wp\/v2\/posts\/2934","targetHints":{"allow":["GET"]}}],"collection":[{"href":"https:\/\/gobierno.udd.cl\/cpp\/wp-json\/wp\/v2\/posts"}],"about":[{"href":"https:\/\/gobierno.udd.cl\/cpp\/wp-json\/wp\/v2\/types\/post"}],"author":[{"embeddable":true,"href":"https:\/\/gobierno.udd.cl\/cpp\/wp-json\/wp\/v2\/users\/22"}],"replies":[{"embeddable":true,"href":"https:\/\/gobierno.udd.cl\/cpp\/wp-json\/wp\/v2\/comments?post=2934"}],"version-history":[{"count":3,"href":"https:\/\/gobierno.udd.cl\/cpp\/wp-json\/wp\/v2\/posts\/2934\/revisions"}],"predecessor-version":[{"id":2938,"href":"https:\/\/gobierno.udd.cl\/cpp\/wp-json\/wp\/v2\/posts\/2934\/revisions\/2938"}],"wp:featuredmedia":[{"embeddable":true,"href":"https:\/\/gobierno.udd.cl\/cpp\/wp-json\/wp\/v2\/media\/893"}],"wp:attachment":[{"href":"https:\/\/gobierno.udd.cl\/cpp\/wp-json\/wp\/v2\/media?parent=2934"}],"wp:term":[{"taxonomy":"category","embeddable":true,"href":"https:\/\/gobierno.udd.cl\/cpp\/wp-json\/wp\/v2\/categories?post=2934"},{"taxonomy":"post_tag","embeddable":true,"href":"https:\/\/gobierno.udd.cl\/cpp\/wp-json\/wp\/v2\/tags?post=2934"}],"curies":[{"name":"wp","href":"https:\/\/api.w.org\/{rel}","templated":true}]}}