{"id":2926,"date":"2017-06-06T20:32:26","date_gmt":"2017-06-07T00:32:26","guid":{"rendered":"http:\/\/gobierno.udd.cl\/cpp\/?p=2926"},"modified":"2017-06-06T20:33:43","modified_gmt":"2017-06-07T00:33:43","slug":"cuenta-presidencial-en-dia-habil-el-72-senala-no-haberla-visto-por-tv-el-mercurio","status":"publish","type":"post","link":"https:\/\/gobierno.udd.cl\/cpp\/noticias\/2017\/06\/06\/cuenta-presidencial-en-dia-habil-el-72-senala-no-haberla-visto-por-tv-el-mercurio\/","title":{"rendered":"Cuenta Presidencial en d\u00eda h\u00e1bil: el 72% se\u00f1ala no haberla visto por TV &#8211;  El Mercurio"},"content":{"rendered":"<p style=\"text-align: justify;\"><span class=\"arial12\">Exitoso en cuanto a recuperar el brillo para la celebraci\u00f3n de las Glorias Navales, el cambio de la fecha de la Cuenta Presidencial, desde el 21 de mayo al 1 de junio, no parece sin embargo haber contribuido a que la ciudadan\u00eda prestara mayor atenci\u00f3n al discurso ante el Congreso Pleno. As\u00ed al menos lo sugieren los resultados de la encuesta Panel Ciudadano-Universidad del Desarrollo (UDD) realizada entre el jueves y el viernes pasados, luego de la sesi\u00f3n en la sede legislativa.<\/span><\/p>\n<p style=\"text-align: justify;\"><span class=\"arial12\">Seg\u00fan el estudio, solo el 28% de los adultos santiaguinos se\u00f1ala haber visto la Cuenta, bajo porcentaje que se explica por el hecho de haber sido realizada en un d\u00eda h\u00e1bil. Una cantidad mayor, el 49%, asegura en todo caso haberse informado de las propuestas realizadas por la Presidenta en su discurso, mientras el 51% dice ignorarlas. Entre quienes respondieron afirmativamente, la construcci\u00f3n de la l\u00ednea 7 del metro (35%), el env\u00edo del proyecto sobre matrimonio igualitario (32%) y la extensi\u00f3n de la gratuidad en educaci\u00f3n al sexto decil (30%) fueron consideradas las m\u00e1s relevantes.<\/span><\/p>\n<p style=\"text-align: justify;\"><span class=\"arial12\">La encuesta se realiza semanalmente mediante el env\u00edo de mensajes de texto con preguntas a un panel de 1.200 habitantes del Gran Santiago que fueron seleccionados aleatoriamente. En este caso, se recibieron 815 respuestas, lo que corresponde a un margen de error de +\/-3,4%, para un nivel de confianza del 95%.<\/span><\/p>\n<p style=\"text-align: justify;\"><span class=\"arial12\">Lagos, el Presidente que hizo los discursos m\u00e1s f\u00e1ciles de entender, seg\u00fan la UDD<\/span><\/p>\n<p style=\"text-align: justify;\"><span class=\"arial12\">Pero, aparte de la encuesta efectuada con la metodolog\u00eda panel, la Facultad de Gobierno de la UDD realiz\u00f3 esta semana un particular ejercicio respecto de las cuentas presidenciales: medir la \u00ablegibilidad\u00bb de los mensajes ante el Congreso, esto es, el grado de dificultad que presenta su comprensi\u00f3n.<\/span><\/p>\n<p style=\"text-align: justify;\"><span class=\"arial12\">Para este objetivo, un grupo de acad\u00e9micos del plantel utiliz\u00f3 la metodolog\u00eda Fen\u00e1ndez-Huerta, la cual, mediante par\u00e1metros objetivos (cantidad de s\u00edlabas por palabra y de palabras por frase), permite elaborar un \u00edndice de 0 a 100 para cada discurso, de acuerdo con sus niveles de dificultad (ver tabla). La caracter\u00edstica de este indicador es que no inciden en \u00e9l los contenidos espec\u00edficos de un mensaje, sino los criterios de extensi\u00f3n de palabras y de las oraciones, los cuales (seg\u00fan investigaciones de did\u00e1ctica) resultan determinantes para la comprensi\u00f3n de un texto.<\/span><\/p>\n<p style=\"text-align: justify;\"><span class=\"arial12\">La metodolog\u00eda fue aplicada a todas las cuentas presidenciales efectuadas desde 1926 hasta la fecha, apreci\u00e1ndose una progresiva tendencia hacia la eboraci\u00f3n de discursos de cada vez m\u00e1s f\u00e1cil comprensi\u00f3n. De acuerdo con el estudio, el peak de \u00abilegibilidad\u00bb lo alcanz\u00f3 el mensaje le\u00eddo por el Presidente Pedro Aguirre Cerda ante el Congreso Pleno en 1939. Un segundo discurso de alta dificultad para su comprensi\u00f3n fue el de Carlos Ib\u00e1\u00f1ez del Campo en 1954.<\/span><\/p>\n<p style=\"text-align: justify;\"><span class=\"arial12\">A partir de la recuperaci\u00f3n democr\u00e1tica, en 1990, las cuentas presidenciales han seguido una tendencia de cada vez mayor legibilidad (ver infograf\u00eda inferior), particularmente desde la administraci\u00f3n del Presidente Ricardo Lagos Escobar. El primer gobierno de Michelle Bachelet mantuvo esos \u00edndices, mientras que en el de Pi\u00f1era se evidenci\u00f3 un incremento en la dificultad de comprensi\u00f3n, producto del aumento en la cantidad de palabras por frase usadas por el Mandatario. El actual per\u00edodo de Bachelet, en tanto, se ha caracterizado por discursos de m\u00e1s dif\u00edcil legibilidad que los de su primera administraci\u00f3n.<\/span><\/p>\n<p>Ver nota publicada: <a href=\"http:\/\/www.economiaynegocios.cl\/noticias\/noticias.asp?id=366593\" target=\"_blank\">http:\/\/www.economiaynegocios.cl\/noticias\/noticias.asp?id=366593<\/a><\/p>\n","protected":false},"excerpt":{"rendered":"<p>Exitoso en cuanto a recuperar el brillo para la celebraci\u00f3n de las Glorias Navales, el cambio de la fecha de la Cuenta Presidencial, desde el 21 de mayo al 1 de junio, no parece sin embargo haber contribuido a que la ciudadan\u00eda prestara mayor atenci\u00f3n al discurso ante el Congreso Pleno. As\u00ed al menos lo [&hellip;]<\/p>\n","protected":false},"author":22,"featured_media":893,"comment_status":"open","ping_status":"open","sticky":false,"template":"","format":"standard","meta":{"footnotes":""},"categories":[12124],"tags":[],"class_list":["post-2926","post","type-post","status-publish","format-standard","has-post-thumbnail","hentry","category-panel-ciudadano"],"featured_image_url":"https:\/\/gobierno.udd.cl\/cpp\/files\/2015\/05\/udd_cpp_prensa_340.png","_links":{"self":[{"href":"https:\/\/gobierno.udd.cl\/cpp\/wp-json\/wp\/v2\/posts\/2926","targetHints":{"allow":["GET"]}}],"collection":[{"href":"https:\/\/gobierno.udd.cl\/cpp\/wp-json\/wp\/v2\/posts"}],"about":[{"href":"https:\/\/gobierno.udd.cl\/cpp\/wp-json\/wp\/v2\/types\/post"}],"author":[{"embeddable":true,"href":"https:\/\/gobierno.udd.cl\/cpp\/wp-json\/wp\/v2\/users\/22"}],"replies":[{"embeddable":true,"href":"https:\/\/gobierno.udd.cl\/cpp\/wp-json\/wp\/v2\/comments?post=2926"}],"version-history":[{"count":3,"href":"https:\/\/gobierno.udd.cl\/cpp\/wp-json\/wp\/v2\/posts\/2926\/revisions"}],"predecessor-version":[{"id":2929,"href":"https:\/\/gobierno.udd.cl\/cpp\/wp-json\/wp\/v2\/posts\/2926\/revisions\/2929"}],"wp:featuredmedia":[{"embeddable":true,"href":"https:\/\/gobierno.udd.cl\/cpp\/wp-json\/wp\/v2\/media\/893"}],"wp:attachment":[{"href":"https:\/\/gobierno.udd.cl\/cpp\/wp-json\/wp\/v2\/media?parent=2926"}],"wp:term":[{"taxonomy":"category","embeddable":true,"href":"https:\/\/gobierno.udd.cl\/cpp\/wp-json\/wp\/v2\/categories?post=2926"},{"taxonomy":"post_tag","embeddable":true,"href":"https:\/\/gobierno.udd.cl\/cpp\/wp-json\/wp\/v2\/tags?post=2926"}],"curies":[{"name":"wp","href":"https:\/\/api.w.org\/{rel}","templated":true}]}}