{"id":2917,"date":"2017-06-06T20:21:38","date_gmt":"2017-06-07T00:21:38","guid":{"rendered":"http:\/\/gobierno.udd.cl\/cpp\/?p=2917"},"modified":"2017-06-06T20:21:38","modified_gmt":"2017-06-07T00:21:38","slug":"violencia-en-la-araucania-gremio-de-camioneros-pide-fuerzas-de-paz-tvu","status":"publish","type":"post","link":"https:\/\/gobierno.udd.cl\/cpp\/noticias\/2017\/06\/06\/violencia-en-la-araucania-gremio-de-camioneros-pide-fuerzas-de-paz-tvu\/","title":{"rendered":"Violencia en la Araucan\u00eda: gremio de camioneros pide \u201cFuerzas de paz\u201d &#8211; TVU"},"content":{"rendered":"<p>Habla: Lesley Brice\u00f1o, Acad\u00e9mica Universidad del Desarrollo, Sede Concepci\u00f3n.<br \/>\n<iframe loading=\"lazy\" src=\"http:\/\/rudo.video\/vod\/oTV4uwWBdo\" width=\"600\" height=\"338\" allowfullscreen=\"allowfullscreen\"><\/iframe><\/p>\n","protected":false},"excerpt":{"rendered":"<p>Habla: Lesley Brice\u00f1o, Acad\u00e9mica Universidad del Desarrollo, Sede Concepci\u00f3n.<\/p>\n","protected":false},"author":22,"featured_media":893,"comment_status":"open","ping_status":"open","sticky":false,"template":"","format":"standard","meta":{"footnotes":""},"categories":[10162],"tags":[],"class_list":["post-2917","post","type-post","status-publish","format-standard","has-post-thumbnail","hentry","category-centro-en-la-prensa"],"featured_image_url":"https:\/\/gobierno.udd.cl\/cpp\/files\/2015\/05\/udd_cpp_prensa_340.png","_links":{"self":[{"href":"https:\/\/gobierno.udd.cl\/cpp\/wp-json\/wp\/v2\/posts\/2917","targetHints":{"allow":["GET"]}}],"collection":[{"href":"https:\/\/gobierno.udd.cl\/cpp\/wp-json\/wp\/v2\/posts"}],"about":[{"href":"https:\/\/gobierno.udd.cl\/cpp\/wp-json\/wp\/v2\/types\/post"}],"author":[{"embeddable":true,"href":"https:\/\/gobierno.udd.cl\/cpp\/wp-json\/wp\/v2\/users\/22"}],"replies":[{"embeddable":true,"href":"https:\/\/gobierno.udd.cl\/cpp\/wp-json\/wp\/v2\/comments?post=2917"}],"version-history":[{"count":1,"href":"https:\/\/gobierno.udd.cl\/cpp\/wp-json\/wp\/v2\/posts\/2917\/revisions"}],"predecessor-version":[{"id":2918,"href":"https:\/\/gobierno.udd.cl\/cpp\/wp-json\/wp\/v2\/posts\/2917\/revisions\/2918"}],"wp:featuredmedia":[{"embeddable":true,"href":"https:\/\/gobierno.udd.cl\/cpp\/wp-json\/wp\/v2\/media\/893"}],"wp:attachment":[{"href":"https:\/\/gobierno.udd.cl\/cpp\/wp-json\/wp\/v2\/media?parent=2917"}],"wp:term":[{"taxonomy":"category","embeddable":true,"href":"https:\/\/gobierno.udd.cl\/cpp\/wp-json\/wp\/v2\/categories?post=2917"},{"taxonomy":"post_tag","embeddable":true,"href":"https:\/\/gobierno.udd.cl\/cpp\/wp-json\/wp\/v2\/tags?post=2917"}],"curies":[{"name":"wp","href":"https:\/\/api.w.org\/{rel}","templated":true}]}}