{"id":2913,"date":"2017-06-03T10:02:12","date_gmt":"2017-06-03T14:02:12","guid":{"rendered":"http:\/\/gobierno.udd.cl\/cpp\/?p=2913"},"modified":"2017-06-03T10:02:12","modified_gmt":"2017-06-03T14:02:12","slug":"panel-de-conversacion-desafios-y-politicas-publicas-de-salud-en-chile-video-completo","status":"publish","type":"post","link":"https:\/\/gobierno.udd.cl\/cpp\/noticias\/2017\/06\/03\/panel-de-conversacion-desafios-y-politicas-publicas-de-salud-en-chile-video-completo\/","title":{"rendered":"Panel de Conversaci\u00f3n \u201cDesaf\u00edos y Pol\u00edticas P\u00fablicas de Salud en Chile\u201d (Video completo)"},"content":{"rendered":"<p><iframe loading=\"lazy\" src=\"https:\/\/www.youtube.com\/embed\/_U0nU1gr4A4\" width=\"640\" height=\"360\" frameborder=\"0\" allowfullscreen=\"allowfullscreen\"><\/iframe><\/p>\n<p style=\"text-align: justify;\">El <strong>Centro de Pol\u00edticas P\u00fablicas<\/strong> de la<a class=\"out\" href=\"http:\/\/gobierno.udd.cl\/\" rel=\"External\"> Facultad de Gobierno<\/a> de la Universidad del Desarrollo organiz\u00f3 el <strong>Panel de Conversaci\u00f3n \u201cDesaf\u00edos y Pol\u00edticas P\u00fablicas de Salud en Chile\u201d<\/strong>, en el que participaron la <strong>Dra. Karla Rubilar<\/strong>, miembro de la Comisi\u00f3n Salud de la C\u00e1mara de Diputados y <strong>Gonzalo Sim\u00f3n<\/strong>, gerente de Desarrollo de la Asociaci\u00f3n de Isapres.<\/p>\n<p style=\"text-align: justify;\">En su intervenci\u00f3n, <strong>Sim\u00f3n habl\u00f3 de las dificultades de implementar un sistema de seguridad social universal<\/strong>, debido a la limitaci\u00f3n de los recursos y la gran cantidad de prestaciones m\u00e9dicas existentes que elevan los costos en salud. Plante\u00f3 como soluci\u00f3n un plan de seguridad social para todos los chilenos; establecer movilidad entre los sistemas a trav\u00e9s de un fondo de compensaci\u00f3n para corregir las diferencias por riesgo y costo; y establecer los subsidios de incapacidad laboral en una instituci\u00f3n.<\/p>\n<p style=\"text-align: justify;\">Por su parte,<strong> Rubilar realiz\u00f3 una comparaci\u00f3n entre las cifras de Chile y Am\u00e9rica Latina y los pa\u00edses de la OCDE<\/strong>, adem\u00e1s de un an\u00e1lisis de las deficiencias del sistema p\u00fablico y el sistema privado.<\/p>\n<p style=\"text-align: justify;\">Asegur\u00f3 que entre los desaf\u00edos est\u00e1 el perfeccionamiento de aseguradores y prestadores privados; capacitar al profesional de salud en el buen trato; mejorar la infraestructura hospitalaria para acortar la breca de cama con la OCDE; extender la cobertura de la atenci\u00f3n odontol\u00f3gica; fortalecer red de ambulancias; reducir tiempos de espera; disminuir costo de medicamentos; reformular la red docente asistencial; realizar una asociaci\u00f3n p\u00fablico privada; entre otros.<\/p>\n","protected":false},"excerpt":{"rendered":"<p>Con la participaci\u00f3n de la diputada Karla Rubilar y el gerente de Desarrollo de la Asociaci\u00f3n de Isapres, Gonzalo Sim\u00f3n, entregaron su diagn\u00f3stico y propuestas respecto a las pol\u00edticas de salud<\/p>\n","protected":false},"author":22,"featured_media":2914,"comment_status":"open","ping_status":"open","sticky":false,"template":"","format":"standard","meta":{"footnotes":""},"categories":[4],"tags":[11824,13,12310,12309,3801,8089,4176],"class_list":["post-2913","post","type-post","status-publish","format-standard","has-post-thumbnail","hentry","category-noticias","tag-cpp","tag-gobierno","tag-gonzalo-simon","tag-karla-rubilar","tag-politicas-publicas","tag-salud","tag-udd"],"featured_image_url":"https:\/\/gobierno.udd.cl\/cpp\/files\/2017\/06\/CPP_SALUD.jpg","_links":{"self":[{"href":"https:\/\/gobierno.udd.cl\/cpp\/wp-json\/wp\/v2\/posts\/2913","targetHints":{"allow":["GET"]}}],"collection":[{"href":"https:\/\/gobierno.udd.cl\/cpp\/wp-json\/wp\/v2\/posts"}],"about":[{"href":"https:\/\/gobierno.udd.cl\/cpp\/wp-json\/wp\/v2\/types\/post"}],"author":[{"embeddable":true,"href":"https:\/\/gobierno.udd.cl\/cpp\/wp-json\/wp\/v2\/users\/22"}],"replies":[{"embeddable":true,"href":"https:\/\/gobierno.udd.cl\/cpp\/wp-json\/wp\/v2\/comments?post=2913"}],"version-history":[{"count":1,"href":"https:\/\/gobierno.udd.cl\/cpp\/wp-json\/wp\/v2\/posts\/2913\/revisions"}],"predecessor-version":[{"id":2915,"href":"https:\/\/gobierno.udd.cl\/cpp\/wp-json\/wp\/v2\/posts\/2913\/revisions\/2915"}],"wp:featuredmedia":[{"embeddable":true,"href":"https:\/\/gobierno.udd.cl\/cpp\/wp-json\/wp\/v2\/media\/2914"}],"wp:attachment":[{"href":"https:\/\/gobierno.udd.cl\/cpp\/wp-json\/wp\/v2\/media?parent=2913"}],"wp:term":[{"taxonomy":"category","embeddable":true,"href":"https:\/\/gobierno.udd.cl\/cpp\/wp-json\/wp\/v2\/categories?post=2913"},{"taxonomy":"post_tag","embeddable":true,"href":"https:\/\/gobierno.udd.cl\/cpp\/wp-json\/wp\/v2\/tags?post=2913"}],"curies":[{"name":"wp","href":"https:\/\/api.w.org\/{rel}","templated":true}]}}