{"id":2881,"date":"2017-05-14T21:49:54","date_gmt":"2017-05-15T01:49:54","guid":{"rendered":"http:\/\/gobierno.udd.cl\/cpp\/?p=2881"},"modified":"2017-05-14T21:50:04","modified_gmt":"2017-05-15T01:50:04","slug":"hugo-contreras-reducir-reutilizar-y-reciclar-la-tercera","status":"publish","type":"post","link":"https:\/\/gobierno.udd.cl\/cpp\/noticias\/2017\/05\/14\/hugo-contreras-reducir-reutilizar-y-reciclar-la-tercera\/","title":{"rendered":"Hugo Contreras &#8211; Reducir, reutilizar y reciclar &#8211; La Tercera"},"content":{"rendered":"<p style=\"text-align: justify;\">as 3R ecol\u00f3gicas: Reducir, Reutilizar y Reciclar, son estrategias para el manejo y disminuci\u00f3n de residuos que buscan contribuir a la protecci\u00f3n y conservaci\u00f3n del medio ambiente. Reducir, busca disminuir el consumo de bienes materiales pues esta acci\u00f3n est\u00e1 asociada a la generaci\u00f3n de residuos. Reutilizar esta asociado a extender la vida \u00fatil de un producto en desudo antes de eliminarlos. Cabe destacar que la reducci\u00f3n y la reutilizaci\u00f3n no solo son para productos manufacturados. Por ejemplo, se puede reducir el consumo de energ\u00eda o se puede reutilizar el agua.\u00a0Finalmente, el Reciclaje busca tratar y\/o transformar desechos, degradables y no degradables, en nuevos productos.<\/p>\n<p style=\"text-align: justify;\">Hace un a\u00f1o el Congreso de Chile aprob\u00f3 una Ley de Fomento al Reciclaje.\u00a0La Ley, a trav\u00e9s de la Responsabilidad Extendida del Productor (REP), obliga a los fabricantes o importadores de seis productos prioritarios a organizar y financiar la gesti\u00f3n de los residuos derivados de sus productos haci\u00e9ndose cargo de \u00e9stos una vez que terminan su vida \u00fatil.\u00a0Estos productos prioritarios, identificados as\u00ed por ser de consumo masivo, de volumen significativo y por generar residuos peligrosos son:\u00a0aceites lubricantes, aparatos el\u00e9ctricos y electr\u00f3nicos, bater\u00edas, pilas, envases y embalajes, neum\u00e1ticos. Con la nueva Ley se espera que al menos un 30% de los residuos se reciclen en el pa\u00eds.<\/p>\n<p style=\"text-align: justify;\">Respecto de los consumidores, la ley solo hace referencia a \u00e9stos se\u00f1alando que su obligaci\u00f3n ser\u00e1 separar y entregar el residuo de un producto prioritario a un gestor de este producto, los cuales ser\u00e1n las mismas empresas, los recicladores de base y los municipios.\u00a0Estos \u00faltimos ser\u00e1n quienes promover\u00e1n la educaci\u00f3n ambiental sobre prevenci\u00f3n y valorizaci\u00f3n, a la vez de implementar los puntos para la disposici\u00f3n de dichos residuos.<\/p>\n<p style=\"text-align: justify;\">Ahora, \u00bfqu\u00e9 pasa con todos aquellos productos que no son identificados como prioritarios como latas, pl\u00e1sticos, vidrios o residuos vegetales? Si bien la ley no hace referencia explicita a estos residuos, estrategias para fomentar la separaci\u00f3n de estos no son nuevas. Hace a\u00f1os existen los puntos limpios para separar los residuos que la poblaci\u00f3n genera, diferenci\u00e1ndolos en pl\u00e1stico, latas, vidrios y papel. Destaca que en los puntos limpios no hay contenedores para depositar residuos org\u00e1nicos y vegetales. Claramente, su r\u00e1pida descomposici\u00f3n y lo que esto conlleva,\u00a0como malos olores o la presencia de plagas, podr\u00eda ser la causa de su no tratamiento, terminando estos residuos en cualquier basurero y posteriormente en un relleno sanitario o en un vertedero.<\/p>\n<p style=\"text-align: justify;\">Pero \u00bfsolamente separar en origen o destino es reciclar? La verdad es que no. Separar residuos solo es la primera etapa del reciclaje.\u00a0El verdadero reciclaje es un proceso mediante el cual los residuos se convierten o transforman en materia prima para fabricar un nuevo producto, igual o distinto al original. Seg\u00fan esta definici\u00f3n la transformaci\u00f3n del residuo o su reutilizaci\u00f3n es el coraz\u00f3n mismo del reciclaje y la separaci\u00f3n es la primera acci\u00f3n para un exitoso proceso.<\/p>\n<p style=\"text-align: justify;\">Todas las acciones que se han desarrollado e implementado no apuntan a la transformaci\u00f3n misma de los residuos. Si del total de residuos que se generan al a\u00f1o en el pa\u00eds el 41% corresponde a residuos domiciliarios, no debiese existir una estrategia o campa\u00f1a que apunte directamente a las personas y sus viviendas. La transformaci\u00f3n en origen es una medida efectiva de reciclaje, as\u00ed como de reducci\u00f3n y reutilizaci\u00f3n de residuos \u00bfPorqu\u00e9 no fomentar y ense\u00f1ar a reciclar en la vivienda? Si bien no todos los residuos se pueden transformar en un espacio urbano y reducido, por ejemplo el vidrio o las latas, son innumerables las formas de transformar el papel y los residuos vegetales.\u00a0Por ejemplo el compostaje, como forma de reciclar vegetales e incluso el papel, no es nuevo y es una medida comprobada, efectiva y ambientalmente sustentable para la transformaci\u00f3n y reutilizaci\u00f3n de dichos residuos.<\/p>\n<p style=\"text-align: justify;\">Ver nota publicada: <a href=\"http:\/\/www.latercera.com\/voces\/reducir-reutilizar-reciclar\/\" target=\"_blank\">http:\/\/www.latercera.com\/voces\/reducir-reutilizar-reciclar\/<\/a><\/p>\n","protected":false},"excerpt":{"rendered":"<p>as 3R ecol\u00f3gicas: Reducir, Reutilizar y Reciclar, son estrategias para el manejo y disminuci\u00f3n de residuos que buscan contribuir a la protecci\u00f3n y conservaci\u00f3n del medio ambiente. Reducir, busca disminuir el consumo de bienes materiales pues esta acci\u00f3n est\u00e1 asociada a la generaci\u00f3n de residuos. Reutilizar esta asociado a extender la vida \u00fatil de un [&hellip;]<\/p>\n","protected":false},"author":22,"featured_media":893,"comment_status":"open","ping_status":"open","sticky":false,"template":"","format":"standard","meta":{"footnotes":""},"categories":[10162],"tags":[],"class_list":["post-2881","post","type-post","status-publish","format-standard","has-post-thumbnail","hentry","category-centro-en-la-prensa"],"featured_image_url":"https:\/\/gobierno.udd.cl\/cpp\/files\/2015\/05\/udd_cpp_prensa_340.png","_links":{"self":[{"href":"https:\/\/gobierno.udd.cl\/cpp\/wp-json\/wp\/v2\/posts\/2881","targetHints":{"allow":["GET"]}}],"collection":[{"href":"https:\/\/gobierno.udd.cl\/cpp\/wp-json\/wp\/v2\/posts"}],"about":[{"href":"https:\/\/gobierno.udd.cl\/cpp\/wp-json\/wp\/v2\/types\/post"}],"author":[{"embeddable":true,"href":"https:\/\/gobierno.udd.cl\/cpp\/wp-json\/wp\/v2\/users\/22"}],"replies":[{"embeddable":true,"href":"https:\/\/gobierno.udd.cl\/cpp\/wp-json\/wp\/v2\/comments?post=2881"}],"version-history":[{"count":2,"href":"https:\/\/gobierno.udd.cl\/cpp\/wp-json\/wp\/v2\/posts\/2881\/revisions"}],"predecessor-version":[{"id":2883,"href":"https:\/\/gobierno.udd.cl\/cpp\/wp-json\/wp\/v2\/posts\/2881\/revisions\/2883"}],"wp:featuredmedia":[{"embeddable":true,"href":"https:\/\/gobierno.udd.cl\/cpp\/wp-json\/wp\/v2\/media\/893"}],"wp:attachment":[{"href":"https:\/\/gobierno.udd.cl\/cpp\/wp-json\/wp\/v2\/media?parent=2881"}],"wp:term":[{"taxonomy":"category","embeddable":true,"href":"https:\/\/gobierno.udd.cl\/cpp\/wp-json\/wp\/v2\/categories?post=2881"},{"taxonomy":"post_tag","embeddable":true,"href":"https:\/\/gobierno.udd.cl\/cpp\/wp-json\/wp\/v2\/tags?post=2881"}],"curies":[{"name":"wp","href":"https:\/\/api.w.org\/{rel}","templated":true}]}}